{"id":9981,"date":"2021-10-03T19:49:00","date_gmt":"2021-10-03T17:49:00","guid":{"rendered":"https:\/\/karlovyvary.casd.cz\/?p=9981"},"modified":"2021-12-10T21:59:28","modified_gmt":"2021-12-10T20:59:28","slug":"ateista-v-nebi","status":"publish","type":"post","link":"https:\/\/karlovyvary.casd.cz\/?p=9981","title":{"rendered":"Ateista v nebi"},"content":{"rendered":"\n<p><strong>2. 10. 2021<\/strong>&nbsp;Z\u00e1znam k\u00e1z\u00e1n\u00ed<strong>&nbsp;<em>Ateista v nebi&nbsp;<\/em>&nbsp;<\/strong>(1. Tesalonick\u00fdm 2)&nbsp;<em><strong>Enoch Mart\u00ednek<\/strong><\/em><\/p>\n\n\n\n<p>na tomto odkazu:\u00a0<a href=\"https:\/\/youtu.be\/2wGOJh0KGJI\">https:\/\/youtu.be\/2wGOJh0KGJI<\/a><\/p>\n\n\n\n<p><\/p>\n\n\n\n<p><strong>M\u016f\u017ee se ateista dostat do nebe?<\/strong>&nbsp;<\/p>\n\n\n\n<p><strong>Co \u010din\u00ed \u010dlov\u011bka&nbsp;zp\u016fsobil\u00fdm \u201evej\u00edt do sl\u00e1vy\u201c? (1&nbsp;Te&nbsp;2,12)<\/strong>&nbsp;<\/p>\n\n\n\n<p><em>\u201eV\u00edte p\u0159ece, \u017ee jsme ka\u017ed\u00e9ho z\u202fv\u00e1s jako otec sv\u00e9 d\u011bti napom\u00ednali, povzbuzovali a zap\u0159\u00edsahali, abyste vedli \u017eivot d\u016fstojn\u00fd Boha, kter\u00fd v\u00e1s povolal do sl\u00e1vy sv\u00e9ho kr\u00e1lovstv\u00ed\u201c&nbsp;<\/em><strong>(1&nbsp;Te&nbsp;2,11.12).<\/strong>&nbsp;<\/p>\n\n\n\n<p>Kdo z\u202fv\u00e1s byl p\u0159edt\u00edm, ne\u017e jste poznali a uv\u011b\u0159ili v\u202fBoha, ateista? A kdo z\u202fv\u00e1s m\u00e1 v\u202frodin\u011b nebo v\u202fbl\u00edzk\u00e9m okol\u00ed ateistu, \u010dlov\u011bka nev\u011b\u0159\u00edc\u00edho?\u00a0<\/p>\n\n\n\n<!--more-->\n\n\n\n<p>Na\u0161e zem\u011b je pova\u017eov\u00e1na za p\u0159ev\u00e1\u017en\u011b ateistickou, m\u00e1 to sv\u00e9 hlubok\u00e9 ko\u0159eny v\u202fminul\u00fdch d\u011bjin\u00e1ch. Ateismus byl v\u202fdob\u011b totalitn\u00edho re\u017eimu st\u00e1tn\u00edm n\u00e1bo\u017eenstv\u00edm. Tom\u00e1\u0161&nbsp;Hal\u00edk&nbsp;v\u202fknize \u201eSv\u011bt bez Boha\u201c napsal: \u201eSetk\u00e1m-li se s\u202f\u010dlov\u011bkem, kter\u00fd tvrd\u00ed, \u017ee nev\u011b\u0159\u00ed v\u202fBoha, v\u017edy mu kladu ot\u00e1zku: Jak\u00fd je onen B\u016fh, v\u202fn\u011bho\u017e nev\u011b\u0159\u00ed\u0161? A dovede\u0161 si p\u0159edstavit pod pojmem B\u016fh je\u0161t\u011b n\u011bco jin\u00e9ho ne\u017e to, co pop\u00edr\u00e1\u0161?&nbsp;<\/p>\n\n\n\n<p>Kdy\u017e jsem pracoval p\u0159ed l\u00e9ty v\u202fBrn\u011b, pak ve sboru CASD byl tehdy star\u0161\u00edm sboru bratr, kter\u00fd p\u0159ed sv\u00fdm obr\u00e1cen\u00edm byl nev\u011b\u0159\u00edc\u00ed \u010dlov\u011bk. Bydlel v\u202f\u017didenic\u00edch a pracoval ve Zbrojovce. Byl tam prohl\u00e1\u0161en\u00fdm alkoholikem a rv\u00e1\u010dem. Pak do\u0161lo v\u202fjeho \u017eivot\u011b k\u202fvelk\u00e9 zm\u011bn\u011b, uv\u011b\u0159il v\u202fBoha, p\u0159estal kou\u0159it a p\u00edt, sezn\u00e1mil se s\u202fv\u011b\u0159\u00edc\u00ed d\u00edvkou a m\u011bli svatbu v\u202fc\u00edrkvi. Jeho rodi\u010de na svatbu nep\u0159i\u0161li; jako nev\u011b\u0159\u00edc\u00ed se nemohli sm\u00ed\u0159it s\u202ft\u00edm, \u017ee syn se stal k\u0159es\u0165anem.&nbsp;&nbsp;&nbsp;&nbsp;&nbsp;<\/p>\n\n\n\n<p>\u010clov\u011bk, kter\u00fd se pova\u017euje za&nbsp;<strong>ateistu<\/strong>, le\u017e\u00ed na smrteln\u00e9 posteli. P\u0159\u00e1tel\u00e9 a rodina jsou shrom\u00e1\u017ed\u011bni okolo a p\u0159emlouvaj\u00ed ho, aby p\u0159ijal Krista jako sv\u00e9ho osobn\u00edho Spasitele d\u0159\u00edve, ne\u017e bude pozd\u011b. Ale \u017eel, nemoc v\u00edt\u011bz\u00ed, pacientovy o\u010di se zav\u00edraj\u00ed a jeho povrchn\u00ed dech umlk\u00e1. Um\u00edr\u00e1.&nbsp;<\/p>\n\n\n\n<p>Ov\u0161em zem\u0159el nav\u017edycky?&nbsp;Je tato jeho volba na smrteln\u00e9 posteli, kdy odm\u00edtnul Boha, a t\u00edm i posledn\u00ed jisk\u0159i\u010dku nad\u011bje, potvrzen\u00edm jeho v\u011b\u010dn\u00e9ho zahynut\u00ed?&nbsp;<\/p>\n\n\n\n<ol class=\"wp-block-list\"><li><strong>Ateist\u00e9 a jim podobn\u00ed&nbsp;\u2013 kdo to jsou?&nbsp;(1 Sam 10,19)<\/strong>&nbsp;<\/li><\/ol>\n\n\n\n<ol class=\"wp-block-list\" start=\"2\"><li><strong>Je nebe odm\u011bnou jen pro v\u011b\u0159\u00edc\u00ed?&nbsp;(\u0158\u00edm 2,14-16)<\/strong>&nbsp;<\/li><\/ol>\n\n\n\n<ol class=\"wp-block-list\" start=\"3\"><li><strong>Jak B\u016fh soud\u00ed spravedliv\u011b a podle pravdy (Zj&nbsp;16,7)<\/strong>&nbsp;<\/li><\/ol>\n\n\n\n<ol class=\"wp-block-list\"><li><strong>&nbsp;<\/strong><strong>Ateist\u00e9 a jim podobn\u00ed \u2013 kdo to jsou?<\/strong>&nbsp;<\/li><\/ol>\n\n\n\n<ul class=\"wp-block-list\"><li>Viz prezentace: ateismus jako n\u00e1bo\u017eenstv\u00ed, Richard&nbsp;Dawkins, rozli\u0161en\u00ed mezi teisty a ateisty, gnostik (v\u011b\u0159\u00ed ve&nbsp;vy\u0161\u0161\u00ed pozn\u00e1n\u00ed tajemstv\u00ed Boha) a agnostik (pop\u00edr\u00e1 mo\u017enost pln\u00e9ho pozn\u00e1n\u00ed sv\u011bta, viz pozitivizmus a materializmus)&nbsp;<\/li><\/ul>\n\n\n\n<p><strong>Kristus&nbsp;<\/strong>se b\u011bhem sv\u00e9 kr\u00e1tk\u00e9 slu\u017eby na zemi setkal s\u202f\u0159adou zd\u00e1nliv\u011b \u201enespasen\u00fdch\u201c lid\u00ed. Bohat\u00fd mlad\u00edk, \u017eena p\u0159isti\u017een\u00e1 p\u0159i cizolo\u017estv\u00ed, zkorumpovan\u00fd v\u00fdb\u011br\u010d\u00ed dan\u00ed&nbsp;Zacheus,&nbsp;zlo\u010dinec na k\u0159\u00ed\u017ei&nbsp;a&nbsp;ti, je\u017e st\u00e1li u k\u0159\u00ed\u017ee se zakrv\u00e1cen\u00fdmi kladivy ve sv\u00fdch rukou \u2013 ti v\u0161ichni, a\u0165 u\u017e tak \u010di onak, odm\u00edtli z\u00e1kladn\u00ed principy l\u00e1sky p\u0159edstaven\u00e9 v\u202fP\u00edsmu.&nbsp;Oni up\u0159ednostnili vlastn\u00ed nez\u00e1vislost (autonomii) p\u0159ed Bo\u017e\u00ed vl\u00e1dou,&nbsp;podobn\u011b jako Izraelsk\u00fd n\u00e1rod, kdy\u017e se zasazoval o to, aby jim vl\u00e1dnul pozemsk\u00fd kr\u00e1l.&nbsp;<strong>Samuel<\/strong>&nbsp;jim to \u0159ekl bez obalu t\u011bmito slovy: \u201eVy jste ale dnes zavrhli sv\u00e9ho Boha, kter\u00fd v\u00e1s vysvobozuje ze v\u0161ech va\u0161ich ne\u0161t\u011bst\u00ed a \u00fazkost\u00ed\u201c (<strong>1 S\u202f10,19<\/strong>; B21).&nbsp;<\/p>\n\n\n\n<p><strong>K\u0159es\u0165an<\/strong>&nbsp;se pevn\u011b dr\u017e\u00ed stanoviska, \u017ee&nbsp;ke spasen\u00ed vede jedin\u00e1 cesta, a to p\u0159ijet\u00ed Krista&nbsp;jako sv\u00e9ho osobn\u00edho Spasitele. Co\u017epak Je\u017e\u00ed\u0161 ne\u0159ekl: \u201eJ\u00e1 jsem ta cesta, pravda a \u017eivot. Nikdo nep\u0159ich\u00e1z\u00ed k\u202fOtci ne\u017e skrze mne\u201c&nbsp;(<strong>Jn&nbsp;14,6<\/strong>)?&nbsp;<\/p>\n\n\n\n<p>Toto je samoz\u0159ejm\u011b pravda. Odm\u00edtnut\u00ed Krista&nbsp;v\u00e1s stav\u00ed do situace, kdy nem\u00e1te nad\u011bji na&nbsp;m\u00edsto&nbsp;na sklen\u011bn\u00e9m mo\u0159i. Pro\u010d? Proto\u017ee B\u016fh p\u0159ipravil nebe vhodn\u00e9 pouze pro ty, kdo cht\u011bj\u00ed&nbsp;v\u202fn\u011bho&nbsp;v\u011b\u0159it. Je to m\u00edsto pro lidi, kte\u0159\u00ed d\u016fv\u011b\u0159uj\u00ed Bo\u017e\u00ed pravd\u011b a odm\u00edtaj\u00ed satanovy l\u017ei.&nbsp;Ve sv\u00e9m prohl\u00e1\u0161en\u00ed Kristus pootev\u0159el dve\u0159e, co\u017e mnoz\u00ed p\u0159ehl\u00ed\u017eej\u00ed, kdy\u017e \u0159ekl: \u201eJ\u00e1 jsem cesta&nbsp;k&nbsp;Bohu\u2026 Proto k\u202fm\u00e9mu Otci m\u016f\u017eete p\u0159ij\u00edt jen skrze mne\u201c (<strong>Jn&nbsp;14,6<\/strong>; SNC).&nbsp;<\/p>\n\n\n\n<p>Tito lid\u00e9 v\u011brn\u011b uskute\u010d\u0148uj\u00ed Bo\u017e\u00ed projekt l\u00e1sky, kter\u00fd jim vlo\u017eil do srdce.&nbsp;<\/p>\n\n\n\n<p>N\u011bkdo m\u016f\u017ee&nbsp;polo\u017eit tuto ot\u00e1zku:&nbsp;Co kdy\u017e se n\u011bjak\u00fd \u010dlov\u011bk nikdy nedov\u011bd\u011bl o skute\u010dn\u00e9m Je\u017e\u00ed\u0161i?&nbsp;Co kdy\u017e on nebo ona se setkali pouze s\u202fr\u016fzn\u00fdmi fale\u0161n\u00fdmi Kristy, o nich\u017e je zm\u00ednka u&nbsp;<strong>Matou\u0161e 24,24<\/strong>, a na z\u00e1klad\u011b toho, co vid\u011bli nebo sly\u0161eli,&nbsp;rovnou zavrhli&nbsp;celou pravdu o Bohu?&nbsp;<\/p>\n\n\n\n<p>Poka\u017ed\u00e9 kdy\u017e vid\u00edm&nbsp;a&nbsp;sly\u0161\u00edm, jak tito&nbsp;fale\u0161n\u00ed Kristov\u00e9&nbsp;\u0159e\u010dn\u00ed&nbsp;za kazatelnou&nbsp;nebo na televizn\u00ed obrazovce&nbsp;\u010di promlouvaj\u00ed prost\u0159ednictv\u00ed literatury,&nbsp;pak&nbsp;nemohu \u0159\u00edct, \u017ee vin\u00edm n\u011bkter\u00e9 ateisty za jejich nev\u011bru.&nbsp;Pokud jde o takov\u00e9 fale\u0161n\u00e9&nbsp;proroky, pak bych se t\u00e9\u017e stal ateistou.&nbsp;&nbsp;&nbsp;<\/p>\n\n\n\n<ol class=\"wp-block-list\" start=\"2\"><li><strong>Odm\u011bna&nbsp;<\/strong>&nbsp;<\/li><\/ol>\n\n\n\n<p>Mnoz\u00ed sk\u00e1lopevn\u011b v\u011b\u0159\u00ed, \u017ee nebe je obrovsk\u00e1 odm\u011bna za v\u0161echny ob\u011bti, kter\u00e9 jsme p\u0159inesli b\u011bhem minul\u00fdch let;&nbsp;pro ka\u017ed\u00e9ho, kdo v\u202ftuto dobu mohl p\u00e1chat zlo, ale p\u0159esto je nezp\u016fsobil. Pokud v\u011b\u010dn\u00fd \u017eivot je cenou za l\u00e9ta sebezap\u00edr\u00e1n\u00ed a up\u0159ednost\u0148ov\u00e1n\u00ed druh\u00fdch, pak to skute\u010dn\u011b stoj\u00ed za n\u00e1mahu.&nbsp;Opravdu? \u201ePro\u010d by n\u011bkdo, kdo nebojoval dobr\u00fd boj v\u00edry \u2013 nebo dokonce ani nev\u011b\u0159il v\u202fBo\u017e\u00ed existenci \u2013 m\u011bl b\u00fdt vpu\u0161t\u011bn&nbsp;na novou zem?\u201c&nbsp;&nbsp;Tito lid\u00e9 si mysl\u00ed ve sv\u00e9m nitru: \u201eTakov\u00ed si to nezaslou\u017e\u00ed!\u201c&nbsp;<\/p>\n\n\n\n<p>Na\u0161t\u011bst\u00ed pro n\u00e1s v\u0161echny to nen\u00ed zp\u016fsob Bo\u017e\u00edho sm\u00fd\u0161len\u00ed&nbsp;\u2013 jak je p\u0159edstavil prost\u0159ednictv\u00edm sv\u00e9ho Syna, Je\u017e\u00ed\u0161e. To co d\u011bl\u00e1me, co \u0159\u00edk\u00e1me, jak jedn\u00e1me&nbsp;a&nbsp;v\u202fco v\u011b\u0159\u00edme,&nbsp;nen\u00ed m\u011b\u0159\u00edtkem&nbsp;pro&nbsp;nic&nbsp;jin\u00e9ho,&nbsp;ne\u017e \u017ee to&nbsp;p\u0159edstavuje&nbsp;Je\u017e\u00ed\u0161em&nbsp;pro n\u00e1s&nbsp;t\u011b\u017ece&nbsp;vydobyt\u00e9&nbsp;v\u00edt\u011bzstv\u00ed nad h\u0159\u00edchem&nbsp;a t\u00e9\u017e&nbsp;odhalen\u00ed na\u0161\u00ed do nebe volaj\u00edc\u00ed pot\u0159eby po odpu\u0161t\u011bn\u00ed a Bo\u017e\u00edm&nbsp;z\u00e1sahu. Nu\u017ee tedy, d\u0159\u00edve&nbsp;ne\u017e vynesu soud nad n\u011b\u010d\u00ed zp\u016fsobilosti pro novou zemi, mus\u00edm se&nbsp;dlouze a poctiv\u011b zad\u00edvat na&nbsp;sebe.&nbsp;\u201ePoskvrn\u011bn\u00fd \u0161at\u201c m\u00e9 spravedlnosti (<strong>Iz&nbsp;64,5<\/strong>) je&nbsp;nepou\u017eiteln\u00fd.&nbsp;I kdy\u017e moje \u00fasil\u00ed po dokonalosti a zachov\u00e1v\u00e1n\u00ed Bo\u017e\u00edho z\u00e1kona m\u00e1 zde na zemi p\u0159in\u00e1\u0161et bezpe\u010dn\u011bj\u0161\u00ed, \u0161\u0165astn\u011bj\u0161\u00ed, zdrav\u011bj\u0161\u00ed a spokojen\u011bj\u0161\u00ed \u017eivot&nbsp;\u2013&nbsp;co\u017e je cenn\u00fd celkov\u00fd d\u016fsledek tohoto z\u00e1pasu \u2013&nbsp;p\u0159esto moje spasen\u00ed z\u00e1vis\u00ed&nbsp;<em>pouze<\/em>&nbsp;na Kristov\u011b ob\u011bti.&nbsp;<\/p>\n\n\n\n<p>Uv\u011bdomuju si tu skute\u010dnost, \u017ee mnoho ateist\u016f jsou up\u0159\u00edmn\u00ed, laskav\u00ed, \u0161t\u011bd\u0159\u00ed a sm\u00ed\u0159liv\u00ed lid\u00e9. V\u011brn\u011b&nbsp;uskute\u010d\u0148uj\u00ed detailn\u00ed pl\u00e1n l\u00e1sky, kter\u00fd B\u016fh vlo\u017eil do jejich srdce. Co v\u0161ak neuzn\u00e1vaj\u00ed, to je zdroj t\u00e9to zbo\u017enosti a oddanosti.&nbsp;<\/p>\n\n\n\n<p><strong>Pavel&nbsp;<\/strong>to ch\u00e1pal, kdy\u017e napsal: \u201eJestli\u017ee nev\u011brci, p\u0159esto\u017ee Bo\u017e\u00ed z\u00e1kon neznaj\u00ed, jednaj\u00ed podle sv\u00e9ho sv\u011bdom\u00ed tak, \u017ee je to v\u202fsouladu s\u202fBo\u017e\u00edmi p\u0159\u00edkazy, dokazuj\u00ed t\u00edm, \u017ee Bo\u017e\u00ed z\u00e1kon skryt\u011b existuje v\u202fjejich sv\u011bdom\u00ed. Ono je jejich z\u00e1konem, kter\u00fd je bu\u010f obvi\u0148uje, nebo obhajuje, a to se uk\u00e1\u017ee i v\u202fden soudu, kdy B\u016fh odhal\u00ed hlubiny lidsk\u00e9ho nitra\u201c (<strong>\u0158 2,14-16<\/strong>; SNC).&nbsp;<\/p>\n\n\n\n<p>Tato jedine\u010dn\u00e1 skute\u010dnost n\u00e1s vede k\u202ftomu, abychom nesoudili ateisty anebo je pova\u017eovali za nehodn\u00e9 pro nebe, ale naopak jim m\u00e1me ukazovat&nbsp;sv\u00fdm \u017eivotem a osobn\u00edm sv\u011bdectv\u00edm, co znamen\u00e1 v\u011b\u0159it v\u202fJe\u017e\u00ed\u0161e a \u017ee B\u016fh&nbsp;je&nbsp;odpou\u0161t\u011bj\u00edc\u00ed a poskytuj\u00edc\u00ed novou p\u0159\u00edle\u017eitost.&nbsp;<\/p>\n\n\n\n<p>A to n\u00e1s p\u0159iv\u00e1d\u00ed zp\u011bt k\u202fonomu um\u00edraj\u00edc\u00edmu ateistovi. Mo\u017en\u00e1,&nbsp;\u017ee&nbsp;mu nikdo&nbsp;nikdy&nbsp;ve sv\u00e9m chov\u00e1n\u00ed&nbsp;neprojevoval&nbsp;opravdov\u00fd Bo\u017e\u00ed charakter,&nbsp;kter\u00fd vede k\u202fv\u00ed\u0159e a ke zm\u011bn\u011b \u017eivota. Snad mu nikdo nep\u0159edstavil Boha jako Z\u00e1chrance, jen\u017e by mu pomohl p\u0159ekonat obt\u00ed\u017ee jeho \u017eivota a odstranit pochybnosti, kter\u00e9 zasti\u0148uj\u00ed jeho nitro.&nbsp;Jeho o\u010di se mohou zav\u0159\u00edt naposled, ani\u017e by n\u011bkdy uc\u00edtil jemn\u00fd dotek Je\u017e\u00ed\u0161\u016fv, proto\u017ee zde na zemi se o\u010dek\u00e1v\u00e1, \u017ee&nbsp;tento n\u011b\u017en\u00fd dotyk&nbsp;poskytnou&nbsp;lidsk\u00e9 ruce&nbsp;\u2013 tyt\u00e9\u017e ruce, kter\u00e9 pat\u0159\u00ed lidem, co ho pova\u017eovali za nehodn\u00e9ho pro nebe \u2013 a odepsali ho.&nbsp;&nbsp;&nbsp;<\/p>\n\n\n\n<ol class=\"wp-block-list\" start=\"3\"><li><strong>\u201eAno, v\u0161emohouc\u00ed Pane, soud\u00ed\u0161 spravedliv\u011b a podle pravdy.\u201c (Zj&nbsp;16,7; SNC)<\/strong>&nbsp;<\/li><\/ol>\n\n\n\n<p>R\u00e1d si p\u0159edstavuji jinou sc\u00e9nu: Je\u017e\u00ed\u0161 se zjev\u00ed podruh\u00e9. Otev\u0159ou se hroby t\u011bch, o nich\u017e B\u016fh v\u00ed, \u017ee jsou \u010dist\u00e9ho srdce \u2013 t\u011bch, kte\u0159\u00ed n\u00e1sledovali obdr\u017een\u00e9 sv\u011btlo a odm\u00edtli lidmi vytvo\u0159en\u00e9 b\u016f\u017eky.&nbsp;Jak&nbsp;oni tak i n\u00e1\u0161 ateista pro\u017eij\u00ed to, co neza\u017eili b\u011bhem sv\u00e9ho pozemsk\u00e9ho \u017eivota, kdy\u017e&nbsp;usly\u0161\u00ed p\u0159\u00edm\u00fd a nefal\u0161ovan\u00fd hlas Spasitele a uc\u00edt\u00ed n\u011b\u017en\u00fd dotek&nbsp;t\u00e9ho\u017e Je\u017e\u00ed\u0161e, d\u00edky jeho\u017e ob\u011bti budou moci \u017e\u00edt v\u011b\u010dn\u011b.&nbsp;&nbsp;<\/p>\n\n\n\n<p>Pozn\u00e1vaj\u00ed&nbsp;jeho skute\u010dn\u00fd charakter nezast\u00edn\u011bn\u00fd lidskou k\u0159ehkost\u00ed a&nbsp;satanov\u00fdmi pomluvami. Zamilov\u00e1vaj\u00ed&nbsp;si Je\u017e\u00ed\u0161e jako sv\u00e9ho Spasitele.&nbsp;Se zvol\u00e1n\u00edm d\u00edk\u016f a chval t\u011bmi, kte\u0159\u00ed nakonec pozn\u00e1vaj\u00ed celou pravdu \u2013 v\u010detn\u011b na\u0161eho nev\u011b\u0159\u00edc\u00edho p\u0159\u00edtele \u2013 obj\u00edmaj\u00ed Bo\u017e\u00edho Syna, kter\u00e9ho nikdy nepoznali, a nav\u017edy odkl\u00e1daj\u00ed svou nev\u011bru.&nbsp;<\/p>\n\n\n\n<p>(Charles&nbsp;Mills,&nbsp;Adventist&nbsp;Review&nbsp;2.8. 2021)&nbsp;&nbsp;&nbsp;&nbsp;&nbsp;&nbsp;&nbsp;&nbsp;<\/p>\n\n\n\n<p>&nbsp;<strong>EGW<\/strong>:&nbsp;\u201eLid\u00e9, kter\u00e9 Kristus v den soudu pochv\u00e1l\u00ed, mo\u017en\u00e1 znali z teologie jen velmi m\u00e1lo,&nbsp;ale \u017eili podle Bo\u017e\u00edch z\u00e1sad. Podd\u00e1vali se vlivu Ducha svat\u00e9ho a byli po\u017eehn\u00e1n\u00edm pro sv\u00e9 okol\u00ed. I mezi pohany jsou dob\u0159\u00ed[409] lid\u00e9.&nbsp;D\u0159\u00edve ne\u017e k nim pronikla slova \u017eivota, p\u0159\u00e1telili se s mision\u00e1\u0159i a s nasazen\u00edm vlastn\u00edho \u017eivota jim pom\u00e1hali.&nbsp;N\u011bkte\u0159\u00ed pohan\u00e9 uct\u00edvaj\u00ed Boha a ani o tom nev\u00ed. Nikdo jim toti\u017e Bo\u017e\u00ed sv\u011btlo nezv\u011bstoval.&nbsp;P\u0159esto nezahynou.&nbsp;Neznaj\u00ed sice psan\u00fd Bo\u017e\u00ed z\u00e1kon, naslouchaj\u00ed v\u0161ak jeho hlasu v\u202fp\u0159\u00edrod\u011b a \u017eij\u00ed podle n\u011bj. Jejich skutky dokazuj\u00ed, \u017ee Duch svat\u00fd zap\u016fsobil na jejich srdce a B\u016fh je p\u0159ijal za sv\u00e9 d\u011bti.&nbsp;<\/p>\n\n\n\n<p>&nbsp;Jak p\u0159ekvapeni a pot\u011b\u0161eni asi budou tito nejpon\u00ed\u017een\u011bj\u0161\u00ed mezi n\u00e1rody a pohany, a\u017e jim Spasitel \u0159ekne:\u201cCokoliv jste u\u010dinili jednomu z t\u011bchto m\u00fdch nepatrn\u00fdch brat\u0159\u00ed, mn\u011b jste u\u010dinili.\u201d&nbsp;<strong>Matou\u0161 25,40<\/strong>. Tak\u00e9 B\u016fh se ve sv\u00e9 nekone\u010dn\u00e9 l\u00e1sce bude t\u011b\u0161it z toho, jakou radost jim jeho pochvaln\u00e9 uzn\u00e1n\u00ed zp\u016fsob\u00ed.&nbsp;&nbsp;<\/p>\n\n\n\n<p><strong>Kristova l\u00e1ska<\/strong>\u00a0se v\u0161ak neomezuje jen na ur\u010dit\u00e9 skupiny lid\u00ed. Spasitel se ztoto\u017e\u0148uje s ka\u017ed\u00fdm \u010dlov\u011bkem. Stal se jedn\u00edm z n\u00e1s, abychom se mohli st\u00e1t \u010dleny nebesk\u00e9 rodiny. Je Synem \u010dlov\u011bka, a tedy i bratrem v\u0161ech Adamov\u00fdch potomk\u016f. Jeho n\u00e1sledovn\u00edci se nemaj\u00ed c\u00edtit odtr\u017eeni od okoln\u00edho hynouc\u00edho sv\u011bta. Jsou sou\u010d\u00e1st\u00ed lidstva a nebe v nich vid\u00ed bratry h\u0159\u00ed\u0161n\u00edk\u016f i svat\u00fdch. Kristus miluje i padl\u00e9 a bloud\u00edc\u00ed a ka\u017ed\u00fd dobr\u00fd skutek, kter\u00fd je pozved\u00e1, ka\u017ed\u00e9 milosrdenstv\u00ed, kter\u00e9 jim prok\u00e1\u017eeme, vn\u00edm\u00e1, jako bychom je prok\u00e1zali jemu sam\u00e9mu. B\u016fh vys\u00edl\u00e1 nebesk\u00e9 and\u011bly, aby slou\u017eili d\u011bdic\u016fm spasen\u00ed. Dnes je\u0161t\u011b nev\u00edme, kdo k nim bude pat\u0159it, dosud se neuk\u00e1zalo, kdo zv\u00edt\u011bz\u00ed a bude m\u00edt pod\u00edl na d\u011bdictv\u00ed svat\u00fdch. Nebe\u0161t\u00ed and\u011bl\u00e9 v\u0161ak proch\u00e1zej\u00ed zemi k\u0159\u00ed\u017eem kr\u00e1\u017eem, pot\u011b\u0161uj\u00ed zarmoucen\u00e9, chr\u00e1n\u00ed ty, kdo jsou v nebezpe\u010d\u00ed, a sna\u017e\u00ed se z\u00edskat lidsk\u00e1 srdce pro Krista. Nikoho neopomenou ani nep\u0159ehl\u00e9dnou.\u00a0B\u016fh ned\u011bl\u00e1 mezi lidmi rozd\u00edly,\u00a0star\u00e1 se o v\u0161echny stejn\u011b, v\u0161ichni jsou jeho stvo\u0159en\u00edm.\u201c\u00a0\u00a0\u00a0\u00a0(TV 408. 409; DA 638)\u00a0<\/p>\n\n\n\n<p><\/p>\n\n\n\n<p>\u00a0<\/p>\n\n\n\n<div class=\"wp-block-file\"><a href=\"https:\/\/karlovyvary.casd.cz\/wp-content\/uploads\/Muze-se-ateista-dostat-do-nebe-prezentace.pptx\">Muze-se-ateista-dostat-do-nebe-prezentace<\/a><a href=\"https:\/\/karlovyvary.casd.cz\/wp-content\/uploads\/Muze-se-ateista-dostat-do-nebe-prezentace.pptx\" class=\"wp-block-file__button\" download>St\u00e1hnout<\/a><\/div>\n","protected":false},"excerpt":{"rendered":"<p>2. 10. 2021&nbsp;Z\u00e1znam k\u00e1z\u00e1n\u00ed&nbsp;Ateista v nebi&nbsp;&nbsp;(1. Tesalonick\u00fdm 2)&nbsp;Enoch Mart\u00ednek na tomto odkazu:\u00a0https:\/\/youtu.be\/2wGOJh0KGJI M\u016f\u017ee se ateista dostat do nebe?&nbsp; Co \u010din\u00ed \u010dlov\u011bka&nbsp;zp\u016fsobil\u00fdm \u201evej\u00edt do sl\u00e1vy\u201c? (1&nbsp;Te&nbsp;2,12)&nbsp; \u201eV\u00edte p\u0159ece, \u017ee jsme ka\u017ed\u00e9ho [&hellip;]<\/p>\n","protected":false},"author":58,"featured_media":9389,"comment_status":"open","ping_status":"open","sticky":false,"template":"","format":"standard","meta":{"_mi_skip_tracking":false,"_monsterinsights_sitenote_active":false,"_monsterinsights_sitenote_note":"","_monsterinsights_sitenote_category":0,"ngg_post_thumbnail":0,"footnotes":""},"categories":[1],"tags":[],"class_list":["post-9981","post","type-post","status-publish","format-standard","has-post-thumbnail","hentry","category-kazani-2"],"_links":{"self":[{"href":"https:\/\/karlovyvary.casd.cz\/index.php?rest_route=\/wp\/v2\/posts\/9981","targetHints":{"allow":["GET"]}}],"collection":[{"href":"https:\/\/karlovyvary.casd.cz\/index.php?rest_route=\/wp\/v2\/posts"}],"about":[{"href":"https:\/\/karlovyvary.casd.cz\/index.php?rest_route=\/wp\/v2\/types\/post"}],"author":[{"embeddable":true,"href":"https:\/\/karlovyvary.casd.cz\/index.php?rest_route=\/wp\/v2\/users\/58"}],"replies":[{"embeddable":true,"href":"https:\/\/karlovyvary.casd.cz\/index.php?rest_route=%2Fwp%2Fv2%2Fcomments&post=9981"}],"version-history":[{"count":2,"href":"https:\/\/karlovyvary.casd.cz\/index.php?rest_route=\/wp\/v2\/posts\/9981\/revisions"}],"predecessor-version":[{"id":10046,"href":"https:\/\/karlovyvary.casd.cz\/index.php?rest_route=\/wp\/v2\/posts\/9981\/revisions\/10046"}],"wp:featuredmedia":[{"embeddable":true,"href":"https:\/\/karlovyvary.casd.cz\/index.php?rest_route=\/wp\/v2\/media\/9389"}],"wp:attachment":[{"href":"https:\/\/karlovyvary.casd.cz\/index.php?rest_route=%2Fwp%2Fv2%2Fmedia&parent=9981"}],"wp:term":[{"taxonomy":"category","embeddable":true,"href":"https:\/\/karlovyvary.casd.cz\/index.php?rest_route=%2Fwp%2Fv2%2Fcategories&post=9981"},{"taxonomy":"post_tag","embeddable":true,"href":"https:\/\/karlovyvary.casd.cz\/index.php?rest_route=%2Fwp%2Fv2%2Ftags&post=9981"}],"curies":[{"name":"wp","href":"https:\/\/api.w.org\/{rel}","templated":true}]}}