{"id":9887,"date":"2021-07-10T19:55:00","date_gmt":"2021-07-10T17:55:00","guid":{"rendered":"https:\/\/karlovyvary.casd.cz\/?p=9887"},"modified":"2021-08-02T22:13:12","modified_gmt":"2021-08-02T20:13:12","slug":"uvaha-nad-pandemii-a-posledni-udalosti","status":"publish","type":"post","link":"https:\/\/karlovyvary.casd.cz\/?p=9887","title":{"rendered":"\u00davaha nad pandemi\u00ed a posledn\u00ed ud\u00e1losti"},"content":{"rendered":"\n<p><strong>10. 7. 2021<\/strong>&nbsp;Z\u00e1znam k\u00e1z\u00e1n\u00ed<strong>&nbsp;<em>Bo\u017e\u00ed lid v dob\u011b pandemie<\/em>&nbsp;<\/strong>(Luk\u00e1\u0161 21, 28)&nbsp;<strong><em>Enoch Mart\u00ednek<\/em><\/strong><\/p>\n\n\n\n<p>na tomto odkazu:&nbsp;<a href=\"https:\/\/youtu.be\/M58cTZTIagc\">https:\/\/youtu.be\/M58cTZTIagc<\/a><\/p>\n\n\n\n<p><\/p>\n\n\n\n<p>Znamen\u00ed o tom, \u017ee konec je bl\u00edzko (Mt&nbsp;24,6-8; SNC), zahrnuj\u00ed t\u00e9\u017e morov\u00e9 r\u00e1ny, jako byl v\u202froce 2019&nbsp;coronavirus. \u201eNa mnoha m\u00edstech vypukne hlad, roz\u0161\u00ed\u0159\u00ed se nemoci a nastanou p\u0159\u00edrodn\u00ed&nbsp;katastrofy\u201c (v.&nbsp;7).&nbsp;Ov\u0161em&nbsp;o t\u011bchto znamen\u00edch Je\u017e\u00ed\u0161 \u0159ekl: \u201eAle to bude jen po\u010d\u00e1tek hr\u016fz\u201c (v.&nbsp;8). Nen\u00ed to je\u0161t\u011b konec, proto\u017ee mimo jin\u00e9 d\u016fvody: \u201eD\u0159\u00edve, ne\u017e nastane konec sv\u011bta, mus\u00ed se o mn\u011b dov\u011bd\u011bt lid\u00e9 v\u0161ech n\u00e1rod\u016f\u201c (Mk&nbsp;13,10; SNC).&nbsp;<\/p>\n\n\n\n<!--more-->\n\n\n\n<p>T\u0159eba\u017ee&nbsp;covid-19 se t\u00fdk\u00e1 p\u0159edev\u0161\u00edm fyzick\u00e9ho zdrav\u00ed, p\u0159esto se dotknul i oblasti v\u00edry a spirituality. V\u00edme, \u017ee jednou dojde&nbsp;ke konfliktn\u00edmu vztahu&nbsp;proti pravd\u011b, kter\u00e1 spo\u010d\u00edv\u00e1 v\u202fJe\u017e\u00ed\u0161i, a proti t\u011bm, kte\u0159\u00ed ho n\u00e1sleduj\u00ed, a to tak, \u017ee na n\u011b bude svalov\u00e1na vina za sv\u011btov\u00e9 kalamity&nbsp;\u2013&nbsp;toto v\u0161e&nbsp;lze sly\u0161et&nbsp;v\u202fnapln\u011bn\u00ed slov Je\u017e\u00ed\u0161e: \u201eV\u00e1s budou v\u0161ichni nen\u00e1vid\u011bt, proto\u017ee jste mu odd\u00e1ni\u201c (Mk&nbsp;13,13; SNC).&nbsp;<\/p>\n\n\n\n<p>V\u202fknize Sv\u011bdectv\u00ed pro c\u00edrkev (svazek 9., s.&nbsp;11) je naps\u00e1no:&nbsp;\u201eBrzy nastanou na sv\u011bt\u011b velik\u00e9 zm\u011bny a sp\u00e1d posledn\u00edch ud\u00e1lost\u00ed bude rychl\u00fd.\u201c&nbsp;Dobrou zpr\u00e1vou je, \u017ee krut\u00e9 a drsn\u00e9 ud\u00e1losti, kter\u00e9&nbsp;Je\u017e\u00ed\u0161 detailn\u011b popsal&nbsp;(Mt&nbsp;24,10-12), se dostav\u00ed&nbsp;rychle. A nav\u00edc Je\u017e\u00ed\u0161 bude s\u202fn\u00e1mi a\u017e do konce sv\u011bta (Mt&nbsp;28,20). T\u00edm nejd\u016fle\u017eit\u011bj\u0161\u00edm je burcuj\u00edc\u00ed poselstv\u00ed&nbsp;t\u00fdkaj\u00edc\u00ed&nbsp;se na\u0161eho spasen\u00ed: \u201eA\u017e se to v\u0161echno za\u010dne d\u00edt, vzmu\u017ete se a hle\u010fte vzh\u016fru, proto\u017ee va\u0161e kone\u010dn\u00e9 vysvobozen\u00ed bude ji\u017e bl\u00edzko\u201c (Lk&nbsp;21,28; SNC).&nbsp;<\/p>\n\n\n\n<p><strong>N\u011bkter\u00e9 podobnosti kone\u010dn\u00fdch ud\u00e1lost\u00ed<\/strong>&nbsp;<\/p>\n\n\n\n<p>V\u0161eobecn\u00e9 okolnost\u00ed&nbsp;ve spojen\u00ed s\u202fcovidem-19&nbsp;n\u00e1m poskytuj\u00ed&nbsp;ur\u010dit\u00fd obraz sledu z\u00e1v\u011bre\u010dn\u00fdch ud\u00e1lost\u00ed, a tud\u00ed\u017e m\u016f\u017ee to poslou\u017eit jako p\u0159\u00edpravn\u00e1 etapa cesty pro z\u00e1v\u011bre\u010dn\u00e9 sc\u00e9ny velk\u00e9ho sporu.&nbsp;&nbsp;<\/p>\n\n\n\n<ol class=\"wp-block-list\"><li><em>Karant\u00e9na.&nbsp;<\/em>Tato situace nasti\u0148uje dobu, kdy bude t\u0159eba opustit velk\u00e1 m\u011bsta (podobn\u011b jako k\u0159es\u0165an\u00e9 opustili Jeruzal\u00e9m p\u0159ed jeho p\u00e1dem v\u202froce 70 n.&nbsp;l.). Bo\u017e\u00ed d\u011bti najdou \u00fato\u010di\u0161t\u011b v\u202fmen\u0161\u00edch m\u011bstech&nbsp;\u010di men\u0161\u00edch s\u00eddlech. Tehdy n\u00e1\u0161 P\u00e1n vyd\u00e1 pokyn: \u201eNyn\u00ed v\u0161ak jd\u011bte a zav\u0159ete se do sv\u00fdch domov\u016f. Na malou chv\u00edli se skryjte, dokud Bo\u017e\u00ed odplata neskon\u010d\u00ed\u201c (Iz&nbsp;26,20; SNC).&nbsp;<\/li><\/ol>\n\n\n\n<p>Dokonce i tato trag\u00e9die, kterou&nbsp;covid-19 p\u0159edstavuje,&nbsp;se pro Boha st\u00e1v\u00e1 p\u0159\u00edle\u017eitost\u00ed, z\u202fn\u00ed\u017e bychom se m\u011bli pou\u010dit. \u201eDoba sou\u017een\u00ed a \u00fazkosti, kter\u00e1 n\u00e1s \u010dek\u00e1, bude vy\u017eadovat v\u00edru, kter\u00e1 dok\u00e1\u017ee p\u0159ekonat n\u00e1mahu, \u010dek\u00e1n\u00ed a hlad \u2013 v\u00edru, kter\u00e1 neochabne ani v\u202fnejt\u011b\u017e\u0161\u00edch zkou\u0161k\u00e1ch\u2026 Brzy nastane \u010das dosud nev\u00eddan\u00e9ho sou\u017een\u00ed. Proto budeme pot\u0159ebovat zku\u0161enost, ji\u017e dosud nem\u00e1me a kterou mnoz\u00ed ani p\u0159\u00edli\u0161 netou\u017e\u00ed z\u00edskat.\u201c&nbsp;(VDV 402; GC 621) A pak \u2013 pozd\u011bji, b\u011bhem doby nejvy\u0161\u0161\u00edho nebezpe\u010d\u00ed, jako J\u00e1kobovo sou\u017een\u00ed (Jer 30,7: \u201eP\u0159ijdou na n\u011b \u010dasy tak zl\u00e9, jak\u00e9 je\u0161t\u011b nepoznali. M\u016fj&nbsp;n\u00e1rod, potomci praotce J\u00e1koba,&nbsp;projdou utrpen\u00edm, ale j\u00e1 je nakonec vysvobod\u00edm\u201c (Jer 30,7; SNC).&nbsp;\u201ePr\u00e1v\u011b v\u202ft\u00e9 chv\u00edli nejvy\u0161\u0161\u00edho nebezpe\u010d\u00ed B\u016fh zakro\u010d\u00ed, aby vysvobodil sv\u00e9 vyvolen\u00e9\u201c (VDV 410; GC 635, 40. kap. Vysvobozen\u00ed). Bo\u017e\u00ed lid, kter\u00fd bude muset \u017e\u00edt v\u202fmal\u00fdch skupin\u00e1ch nebo v\u202fizolaci,&nbsp;B\u016fh ochr\u00e1n\u00ed a poskytne jim z\u00e1kladn\u00ed pot\u0159eby k\u202f\u017eivotu.&nbsp;<\/p>\n\n\n\n<p>Neo\u010dek\u00e1van\u00e1 situace, s\u202fn\u00ed\u017e jsme se nyn\u00ed pot\u00fdkali, by mohla b\u00fdt nejlep\u0161\u00ed zkou\u0161kou, jak dalece jsme p\u0159ipraveni my, na\u0161e rodiny nebo sborov\u00e1 spole\u010denstv\u00ed na to, co n\u00e1s v\u202fbudoucnu \u010dek\u00e1. Co by m\u011bla zahrnovat tato doba p\u0159\u00edpravy?&nbsp;<\/p>\n\n\n\n<ul class=\"wp-block-list\"><li><em>\u010cas pro studium Bo\u017e\u00edho slova&nbsp;<\/em>\u2013&nbsp;Aby na\u0161e domovy a \u010dlenov\u00e9 na\u0161\u00ed c\u00edrkve z\u016fstali duchovn\u011b pevn\u00ed, pot\u0159ebujeme se ujistit, \u017ee na\u0161e z\u00e1klady stoj\u00ed na spolehliv\u00e9 a solidn\u00ed sk\u00e1le \u2013 na Je\u017e\u00ed\u0161ov\u011b slov\u011b (Mt&nbsp;7,24-27). Co n\u00e1m&nbsp;a \u010dlen\u016fm na\u0161\u00ed c\u00edrkve&nbsp;br\u00e1n\u00ed&nbsp;v tom, abychom&nbsp;vyu\u017eili&nbsp;tuto&nbsp;dobu&nbsp;ke&nbsp;studiu&nbsp;Bo\u017e\u00edho slova mnohem sna\u017eiv\u011bji a s\u202fv\u011bt\u0161\u00ed pilnosti? Na tuto ot\u00e1zku si mus\u00ed odpov\u011bd\u011bt ka\u017ed\u00fd s\u00e1m a \u0159e\u0161it tento probl\u00e9m.&nbsp;<\/li><\/ul>\n\n\n\n<ul class=\"wp-block-list\"><li><em>\u010cas k\u202fosobn\u00edmu zti\u0161en\u00ed na modlitb\u011b<\/em>&nbsp;\u2013 Sou\u010dasn\u00e9 okolnosti n\u00e1m nab\u00edz\u00ed p\u0159\u00edle\u017eitost, abychom posilovali na\u0161i p\u0159\u00edmou z\u00e1vislost na P\u00e1nu, a to tak, \u017ee budeme bojovat na modlitb\u011b podobn\u011b jako J\u00e1kob (Gen 32,24-30). Jako odpov\u011b\u010f na na\u0161i modlitbu v\u00edry obdr\u017e\u00edme od Boha to, co chyb\u011blo sp\u00edc\u00edm dru\u017ei\u010dk\u00e1m (Mat 25): Ducha svat\u00e9ho, kter\u00fd je zn\u00e1zorn\u011bn olejem&nbsp;(Luk 11,11-13). Duch svat\u00fd n\u00e1s vyu\u010duje (1 K\u202f2,10-12), vede n\u00e1s k\u202fhlub\u0161\u00edmu porozum\u011bn\u00ed P\u00edsma (Jer 33,3) a pom\u00e1h\u00e1 n\u00e1m, abychom si uchovali jeho vz\u00e1cn\u00e1 zasl\u00edben\u00ed (Jan 14,26).&nbsp;<\/li><li><em>V\u011brnost v\u202fmali\u010dkostech<\/em>&nbsp;\u2013 Je\u017e\u00ed\u0161 upozornil, \u017ee p\u0159ed kone\u010dnou zkou\u0161kou budeme p\u0159edvol\u00e1ni p\u0159ed soudy a p\u0159ed mocn\u00e9 t\u00e9to zem\u011b. Spasitel sl\u00edbil, \u017ee se p\u0159izn\u00e1 k\u202ft\u011bm, kdo se k\u202fn\u011bmu p\u0159iznaj\u00ed (Lk&nbsp;21,12-15). \u201eJ\u00e1 v\u00e1m v\u202ft\u00e9 chv\u00edli vnuknu prav\u00e1 slova i vhodn\u00e9 argumenty, kter\u00e9 va\u0161e protivn\u00edky uml\u010d\u00ed\u201c (v.&nbsp;15; SNC).&nbsp;&nbsp;M\u011bjme na pam\u011bti tato slova: \u201eDob\u0159e v\u0161ak v\u00edte, \u017ee Hospodin nikdy nejedn\u00e1 bez p\u0159edchoz\u00edho v\u010dasn\u00e9ho varov\u00e1n\u00ed. V\u017edy nejprve odhal\u00ed sv\u00e1 tajemstv\u00ed sv\u00fdm slu\u017eebn\u00edk\u016fm prorok\u016fm\u201c (Am&nbsp;3,7; SNC).&nbsp;M\u011bli bychom zahrnout do na\u0161eho studia \u201eJe\u017e\u00ed\u0161ovo sv\u011bdectv\u00ed\u201c, kter\u00e9 n\u00e1m poskytlo \u201educha proroctv\u00ed\u201c (Zj&nbsp;19,10). Budeme-li&nbsp;poctiv\u00ed a v\u011brn\u00ed v\u202ft\u011bchto v\u011bcech, v\u202fnich\u017e&nbsp;spo\u010d\u00edv\u00e1 na\u0161e s\u00edla,&nbsp;B\u016fh pro n\u00e1s u\u010din\u00ed&nbsp;\u201enekone\u010dn\u011b&nbsp;v\u00edc, ne\u017e se odv\u00e1\u017e\u00edme prosit i jen ve snu\u201c (Ef&nbsp;3,20; SNC), (Lk&nbsp;16,10).&nbsp;<\/li><\/ul>\n\n\n\n<ol class=\"wp-block-list\" start=\"2\"><li><em>Vl\u00e1dn\u00ed na\u0159\u00edzen\u00ed.<\/em>&nbsp;Pandemie&nbsp;covidu-19 dovolila, \u017ee jsme sledovali, jak vl\u00e1dy r\u016fzn\u00fdch zem\u00ed omezovaly osobn\u00ed svobody a pr\u00e1va jednotlivc\u016f ve jm\u00e9nu spole\u010dn\u00e9ho dobra. Vl\u00e1dn\u00ed rozhodnut\u00ed mimo jin\u00e9&nbsp;se t\u00fdkala:&nbsp;<\/li><\/ol>\n\n\n\n<ul class=\"wp-block-list\"><li>omezen\u00ed svobody pohybu obyvatel\u016f m\u011bst a vesnic&nbsp;<\/li><li>omezen\u00ed p\u0159\u00edstupu k\u202fvoln\u00e9mu obchodov\u00e1n\u00ed, co\u017e zas\u00e1hlo z\u00e1rove\u0148 jak prodejce,&nbsp;tak&nbsp;kupuj\u00edc\u00ed&nbsp;z\u00e1kazn\u00edky&nbsp;<\/li><\/ul>\n\n\n\n<ul class=\"wp-block-list\"><li>a omezen\u00ed nebo zabr\u00e1n\u011bn\u00ed n\u00e1v\u0161t\u011bv n\u011bkter\u00fdch skupin obyvatel&nbsp;&nbsp;<\/li><\/ul>\n\n\n\n<p>Pokud c\u00edlem t\u011bchto z\u00e1konn\u00fdch opat\u0159en\u00ed je \u00fasil\u00ed o v\u0161eobecn\u00e9 dobro, pak m\u016f\u017eeme t\u00e9\u017e vn\u00edmat, jak by se n\u00e1rody mohly&nbsp;sotva post\u0159ehnuteln\u011b&nbsp;p\u0159ipravovat na dobu, kdy vl\u00e1dy zem\u011b v\u202fkoalici, a rovn\u011b\u017e evokuj\u00edc\u00ed v\u0161eobecn\u00e9 dobro, budou uplat\u0148ovat svou moc a s\u00edlu k\u202fnapl\u0148ov\u00e1n\u00ed z\u00e1v\u011bre\u010dn\u00fdch ud\u00e1lost\u00ed (Zj&nbsp;13). Je\u017e\u00ed\u0161 n\u00e1s uji\u0161\u0165uje: \u201eA nebojte se t\u011bch, kte\u0159\u00ed zab\u00edjej\u00ed t\u011blo; v\u011b\u010dn\u00fd \u017eivot vz\u00edt nemohou\u201c (Mt&nbsp;10,28; SNC). \u201eAle nebojte se, ani jeden vlas z\u202fhlavy neztrat\u00edte zbyte\u010dn\u011b\u201c (Lk&nbsp;21,18; SNC).&nbsp;<\/p>\n\n\n\n<ol class=\"wp-block-list\" start=\"3\"><li><em>Glob\u00e1ln\u00ed r\u00e1mec t\u00e9to krize.&nbsp;<\/em>Covid-19 je pandemie, co\u017e poch\u00e1z\u00ed z\u202f\u0159e\u010dtiny a je to slovo slo\u017een\u00e9 ze dvou \u010d\u00e1sti:&nbsp;<em>pan<\/em>&nbsp;co\u017e znamen\u00e1&nbsp;v\u0161ichni, a&nbsp;<em>demos<\/em>&nbsp;znamen\u00e1&nbsp;lid\u00e9.&nbsp;&nbsp;<\/li><\/ol>\n\n\n\n<ul class=\"wp-block-list\"><li>Sv\u011btov\u00e1 zdravotnick\u00e1 organizace (WHO) prohl\u00e1sila ve st\u0159edu (11.3.2020) epidemii&nbsp;koronaviru&nbsp;SARS-CoV-2 za pandemii. \u0160\u00e9f WHO&nbsp;Tedros&nbsp;Ghebreyesus&nbsp;dodal, \u017ee se t\u00edm ale nijak nem\u011bn\u00ed velikost hrozby nebo doporu\u010den\u00ed, jak nemoci&nbsp;Covid-19, kterou nov\u00fd&nbsp;koronavirus&nbsp;zp\u016fsobuje, \u010delit. N\u00e1kaza je&nbsp;ve 101&nbsp;zem\u00edch, infikovalo se zat\u00edm p\u0159es 120 tis\u00edc lid\u00ed.&nbsp;(Wikipedie);&nbsp;(m\u00e9dia&nbsp;\u010derven 2021:&nbsp;okolo 2 mil.&nbsp;lid\u00ed&nbsp;nemoci&nbsp;covid-19&nbsp;podlehlo)&nbsp;<\/li><\/ul>\n\n\n\n<p>Glob\u00e1ln\u00ed rozsah t\u00e9to krize nab\u00edz\u00ed srovn\u00e1n\u00ed s\u202ftou kriz\u00ed, do n\u00ed\u017e bude zata\u017een \u201e<strong>cel\u00fd sv\u011bt<\/strong>\u201c a kter\u00e1 bude ohro\u017eovat Bo\u017e\u00ed ostatek, kdy\u017e \u201e<strong>cel\u00fd&nbsp;sv\u011bt<\/strong>&nbsp;se t\u00e9 bestii obdivoval a poslu\u0161n\u011b ji n\u00e1sledoval\u201c (Zj&nbsp;13,3; SNC).&nbsp;A druh\u00e1 \u0161elma ze Zjeven\u00ed 13 se projev\u00ed tak, \u017ee \u201enut\u00ed obyvatel\u00e9 zem\u011b, aby uct\u00edvali onu prvn\u00ed \u0161elmu, kter\u00e1 se vyl\u00e9\u010dila ze smrteln\u00e9 r\u00e1ny\u201c (v.12), a bude sv\u00e1d\u011bt v\u0161echny \u201ekdo bydl\u00ed na zemi\u201c t\u00edm, \u017ee bude \u0159\u00edkat \u201ev\u0161em obyvatel\u016fm zem\u011b, aby vytvo\u0159ili obraz t\u00e9 \u0161elm\u011b, kter\u00e1 m\u00e1 r\u00e1nu od me\u010de, ale o\u017eila\u201c (v. 14; B21).&nbsp;<\/p>\n\n\n\n<ol class=\"wp-block-list\" start=\"4\"><li><em>\u201eNeviditeln\u00fd nep\u0159\u00edtel\u201c<\/em>&nbsp;Mluv\u00ed-li se o viru, kter\u00fd zp\u016fsobuje onemocn\u011bn\u00ed&nbsp;covid-19, pak ob\u010dansk\u00e9 a odborn\u00e9 l\u00e9ka\u0159sk\u00e9 autority po cel\u00e9m sv\u011bt\u011b opakovan\u011b prohla\u0161uj\u00ed, \u017ee bojujeme s\u202fneviditeln\u00fdm nep\u0159\u00edtelem. \u201eV\u017edy\u0165 boj nen\u00ed nam\u00ed\u0159en proti lidem, n\u00fdbr\u017e proti sil\u00e1m neviditeln\u00e9 duchovn\u00ed \u0159\u00ed\u0161e, proti mocnostem zla a tmy, kter\u00e9 ovl\u00e1daj\u00ed vztahy mezi lidmi a n\u00e1rody\u201c (Ef&nbsp;6,12; SNC). Bojujeme s\u202fneviditeln\u00fdm nep\u0159\u00edtelem, satanem, kter\u00fd ve sv\u00e9m boji proti Ber\u00e1nku a jeho n\u00e1sledovn\u00edk\u016fm skryt\u011b pou\u017e\u00edv\u00e1 lidskou moc (Zj&nbsp;17,14).&nbsp;<\/li><\/ol>\n\n\n\n<p>Zv\u00edt\u011bzit m\u016f\u017eeme pouze tehdy, kdy\u017e p\u0159evezmeme celou Bo\u017e\u00ed v\u00fdzbroj (Ef&nbsp;6,14-17).&nbsp;Satan, demaskovan\u00fd, odhalen\u00fd, pora\u017een\u00fd&nbsp;bude&nbsp;zaji\u0161t\u011bn a zni\u010den&nbsp;(Zj&nbsp;20,10). O to se postar\u00e1 B\u016fh. Na n\u00e1s, dokonce i na duchovn\u00edch v\u016fdc\u00edch z\u00e1le\u017e\u00ed, abychom pokorn\u011b p\u0159iznali, \u017ee satanova \u00fasko\u010dnost a prohnanost p\u0159evy\u0161uje na\u0161i inteligenci a schopnosti (2 K\u202f11,14). Proto se m\u00e1me pod\u0159\u00eddit Bohu (Jk&nbsp;4,7) a modlit se ve v\u00ed\u0159e a b\u00fdt st\u0159\u00edzliv\u00ed a bd\u011bl\u00ed (1&nbsp;Pt&nbsp;5,8.9).&nbsp;<\/p>\n\n\n\n<p><strong>P\u0159ipravenost (pohotovost)<\/strong>&nbsp;<\/p>\n\n\n\n<p>P\u0159esto\u017ee pandemie&nbsp;covidu&nbsp;\u2013 19 je trag\u00e9die, B\u016fh n\u00e1m poskytuje p\u0159\u00edle\u017eitost, kterou bychom m\u011bli vyu\u017e\u00edt. Ka\u017ed\u00fd z\u202fn\u00e1s&nbsp;by&nbsp;m\u011bl svou z\u00e1vislost p\u0159edat P\u00e1nu Je\u017e\u00ed\u0161i, vytrvat ve studiu jeho Slova, na meditac\u00edch a modlitb\u00e1ch.&nbsp;<\/p>\n\n\n\n<p>Toto zam\u00fd\u0161len\u00ed&nbsp;zalo\u017een\u00e9 nad pandemii&nbsp;covidu-19 nem\u00e1 v\u202f\u00famyslu zaujmout n\u011bjakou teologickou pozici, ale nam\u00edsto toho m\u00e1 n\u00e1s, a\u0165 u\u017e \u010dleny nebo vedouc\u00ed c\u00edrkve, motivovat a sv\u00fdm zac\u00edlen\u00edm na posledn\u00ed ud\u00e1losti b\u00fdt k\u202fpo\u017eehn\u00e1n\u00ed&nbsp;a dovolit n\u00e1m, abychom se odhodlali slou\u017eit lidem, kter\u00e9 m\u00e1me r\u00e1di, aby se p\u0159ipravili na setk\u00e1n\u00ed s\u202fJe\u017e\u00ed\u0161em p\u0159i jeho slavn\u00e9m a bl\u00ed\u017e\u00edc\u00edm se n\u00e1vratu (\u017dd&nbsp;10,23.24).&nbsp;<\/p>\n\n\n\n<p> (podle Ministry, \u010derven 2021, zpracoval&nbsp;Enoch&nbsp;Mart\u00ednek)&nbsp; <\/p>\n\n\n\n<div class=\"wp-block-file\"><a href=\"https:\/\/karlovyvary.casd.cz\/wp-content\/uploads\/Uvazovani-nad-pandemii-.pptx\">Uvazovani-nad-pandemii-<\/a><a href=\"https:\/\/karlovyvary.casd.cz\/wp-content\/uploads\/Uvazovani-nad-pandemii-.pptx\" class=\"wp-block-file__button\" download>St\u00e1hnout<\/a><\/div>\n\n\n\n<p>P\u0159\u00edb\u011bh pro d\u011bti:&nbsp;<strong>Papou\u0161ek&nbsp;Koki<\/strong>&nbsp;<\/p>\n\n\n\n<p>Kdo z\u202fv\u00e1s d\u011bti u\u017e vid\u011bl papou\u0161ky? M\u011bl n\u011bkdo z\u202fv\u00e1s doma mal\u00e9ho&nbsp;papou\u0161ka&nbsp;&nbsp;&nbsp;&nbsp;&nbsp;&nbsp;&nbsp;&nbsp;andulku&nbsp;a pe\u010dovali jste o ni?&nbsp;Rudi&nbsp;jich choval asi pades\u00e1t, r\u016fzn\u00fdch barev. M\u011bl t\u00e9\u017e&nbsp;tzv.&nbsp;King-parrot, kr\u00e1lovsk\u00fd papou\u0161ek.&nbsp;&nbsp;<\/p>\n\n\n\n<p>M\u016fj bratranec&nbsp;Rudi, kter\u00fd \u017eije v\u202fAustr\u00e1lii, m\u011bl nejen papou\u0161ky, ale choval i jin\u00e9 druhy pt\u00e1k\u016f, kte\u0159\u00ed \u017eij\u00ed v\u202fjeho zemi. Budu&nbsp;v\u00e1m vypr\u00e1v\u011bt p\u0159\u00edb\u011bh o jednom papou\u0161kovi, jmenoval se&nbsp;<strong>Koki<\/strong>. Sta\u010dilo jen na n\u011bj zavolat \u201eKoki\u201c, a u\u017e k\u202fv\u00e1m p\u0159ilet\u011bl na rameno nebo na ruku.&nbsp;Koki&nbsp;pat\u0159\u00ed mezi v\u011bt\u0161\u00ed druh papou\u0161k\u016f, jsou b\u00edl\u00ed&nbsp;a na hlav\u011b maj\u00ed \u017elut\u00e9 pe\u0159\u00ed,&nbsp;kter\u00e9 tvo\u0159\u00ed chocholku. Anglicky se jim tam \u0159\u00edk\u00e1&nbsp;cockatoo, \u010desky papou\u0161ek kakadu.&nbsp;<\/p>\n\n\n\n<p>Voln\u011b \u017eij\u00edc\u00ed pt\u00e1ky je&nbsp;v Austr\u00e1lii&nbsp;zak\u00e1z\u00e1no chytat&nbsp;nebo lovit. V\u00fdjimku v\u0161ak maj\u00ed&nbsp;austral\u0161t\u00ed&nbsp;domorodci&nbsp;aborginees,&nbsp;kte\u0159\u00ed je chytaj\u00ed a prod\u00e1vaj\u00ed, je to jedna z\u202fmo\u017enosti jejich ob\u017eivy. A&nbsp;pr\u00e1v\u011b od nich si toho papou\u0161ka kakadu m\u016fj bratranec koupil asi za 100 dolar\u016f.&nbsp;Koki&nbsp;se&nbsp;postupn\u011b nechal tak ocho\u010dit, \u017ee se stal sou\u010d\u00e1sti \u017eivota&nbsp;rodiny&nbsp;bratrance&nbsp;Rudi.&nbsp;Nau\u010dil se zdravit anglicky \u201eHallo,&nbsp;Koki\u201c, co\u017e&nbsp;je \u201edobr\u00fd den v\u00e1m p\u0159eje&nbsp;Koki\u201c.&nbsp;Bratranec&nbsp;Rudi&nbsp;mu vyrobil voli\u00e9ru, takovou velkou klec&nbsp;na dvorku, kde m\u011bl strom a krm\u00edtko.&nbsp;Zpo\u010d\u00e1tku musel&nbsp;Kokimu&nbsp;trochu podv\u00e1zal k\u0159\u00eddla, aby nemohl ulet\u011bt pry\u010d.&nbsp;Pozd\u011bji si tak zvykl na sv\u00e9 nov\u00e9 prost\u0159ed\u00ed, \u017ee m\u011bl&nbsp;voln\u00fd pohyb v\u202fcel\u00e9m dom\u011b. Kdy\u017e si sedl na rameno&nbsp;Rudimu, sv\u00fdm ostr\u00fdm zob\u00e1kem&nbsp;m\u00e9mu bratranci ust\u0159ihnul mal\u00e9 chloupky na uchu nebo v\u202fnose. Ale nikdy nikoho nezranil,&nbsp;i&nbsp;kdy\u017e v\u202fzob\u00e1ku m\u011bl velkou s\u00edlu.&nbsp;To v\u00e1m pov\u00edm, jakou.&nbsp;<\/p>\n\n\n\n<p>Jednou se stalo, kdy\u017e v\u0161ichni odjeli z\u202fdomu,&nbsp;Koki&nbsp;se n\u011bjak dostal ven ze sv\u00e9 voli\u00e9ry a nejprve nav\u0161t\u00edvil otev\u0159enou gar\u00e1\u017e, kde st\u00e1la motorka od Daniela, bratrancova syna.&nbsp;Koki&nbsp;si za\u010dal zkou\u0161et sv\u016fj ostr\u00fd zob\u00e1k na sedle motorky, a\u017e sedlo&nbsp;cel\u00e9 roztrhal. Pak vylet\u011bl na st\u0159echu domu a tam se mu zal\u00edbil dr\u00e1t, kter\u00fdm byl p\u0159iveden pevn\u00fd telefon. I ten dok\u00e1zal velmi snadno p\u0159est\u0159ihnout&nbsp;sv\u00fdm&nbsp;zob\u00e1kem. Kdy\u017e se rodina vr\u00e1tila dom\u016f, nesta\u010dili se divit, jak\u00e1 p\u0159ekvapen\u00ed jim&nbsp;kakadu&nbsp;Koki&nbsp;p\u0159ipravil. No kdo by se na n\u011bho zlobil?&nbsp;Koki&nbsp;byl jinak velmi p\u0159\u00e1telsk\u00fd, jen cht\u011bl&nbsp;asi&nbsp;uk\u00e1zat, jakou m\u00e1 s\u00edlu v\u202fzob\u00e1ku. Dok\u00e1zal rozlousknout i tvrdou sko\u0159\u00e1pku o\u0159ech\u016f.&nbsp;Koki&nbsp;\u017eil s\u202frodinou 28 let, ale kdy\u017e se st\u011bhovali z\u202fjihu Austr\u00e1lie na sever,&nbsp;kde takov\u00ed pt\u00e1ci b\u011b\u017en\u011b ne\u017eij\u00ed,&nbsp;p\u0159enechali&nbsp;Kokiho&nbsp;sv\u00fdm p\u0159\u00e1tel\u016fm, kte\u0159\u00ed m\u011bli pro n\u011bho velkou voli\u00e9ru. A&nbsp;Koki&nbsp;tam&nbsp;\u017eije a\u017e dodnes, proto\u017ee kakadu se tam do\u017e\u00edvaj\u00ed v\u202fpr\u016fm\u011bru 70 a\u017e 120 let.&nbsp;&nbsp;<\/p>\n\n\n\n<p>Tak co, mil\u00e9 d\u011bti, pro\u010d B\u016fh stvo\u0159il tolik pestrobarevn\u00fdch pt\u00e1k\u016f? Aby okr\u00e1\u0161lil n\u00e1\u0161 sv\u011bt jejich zp\u011bvem, barvou a inteligenc\u00ed. To v\u0161e ukazuje na Bo\u017e\u00ed moudrost i&nbsp;jeho&nbsp;l\u00e1sku k\u202fn\u00e1m lidem.&nbsp;<\/p>\n\n\n\n<p><\/p>\n\n\n\n<p><\/p>\n","protected":false},"excerpt":{"rendered":"<p>10. 7. 2021&nbsp;Z\u00e1znam k\u00e1z\u00e1n\u00ed&nbsp;Bo\u017e\u00ed lid v dob\u011b pandemie&nbsp;(Luk\u00e1\u0161 21, 28)&nbsp;Enoch Mart\u00ednek na tomto odkazu:&nbsp;https:\/\/youtu.be\/M58cTZTIagc Znamen\u00ed o tom, \u017ee konec je bl\u00edzko (Mt&nbsp;24,6-8; SNC), zahrnuj\u00ed t\u00e9\u017e morov\u00e9 r\u00e1ny, jako byl v\u202froce [&hellip;]<\/p>\n","protected":false},"author":58,"featured_media":9389,"comment_status":"open","ping_status":"open","sticky":false,"template":"","format":"standard","meta":{"_mi_skip_tracking":false,"_monsterinsights_sitenote_active":false,"_monsterinsights_sitenote_note":"","_monsterinsights_sitenote_category":0,"ngg_post_thumbnail":0,"footnotes":""},"categories":[1],"tags":[],"class_list":["post-9887","post","type-post","status-publish","format-standard","has-post-thumbnail","hentry","category-kazani-2"],"_links":{"self":[{"href":"https:\/\/karlovyvary.casd.cz\/index.php?rest_route=\/wp\/v2\/posts\/9887","targetHints":{"allow":["GET"]}}],"collection":[{"href":"https:\/\/karlovyvary.casd.cz\/index.php?rest_route=\/wp\/v2\/posts"}],"about":[{"href":"https:\/\/karlovyvary.casd.cz\/index.php?rest_route=\/wp\/v2\/types\/post"}],"author":[{"embeddable":true,"href":"https:\/\/karlovyvary.casd.cz\/index.php?rest_route=\/wp\/v2\/users\/58"}],"replies":[{"embeddable":true,"href":"https:\/\/karlovyvary.casd.cz\/index.php?rest_route=%2Fwp%2Fv2%2Fcomments&post=9887"}],"version-history":[{"count":2,"href":"https:\/\/karlovyvary.casd.cz\/index.php?rest_route=\/wp\/v2\/posts\/9887\/revisions"}],"predecessor-version":[{"id":9891,"href":"https:\/\/karlovyvary.casd.cz\/index.php?rest_route=\/wp\/v2\/posts\/9887\/revisions\/9891"}],"wp:featuredmedia":[{"embeddable":true,"href":"https:\/\/karlovyvary.casd.cz\/index.php?rest_route=\/wp\/v2\/media\/9389"}],"wp:attachment":[{"href":"https:\/\/karlovyvary.casd.cz\/index.php?rest_route=%2Fwp%2Fv2%2Fmedia&parent=9887"}],"wp:term":[{"taxonomy":"category","embeddable":true,"href":"https:\/\/karlovyvary.casd.cz\/index.php?rest_route=%2Fwp%2Fv2%2Fcategories&post=9887"},{"taxonomy":"post_tag","embeddable":true,"href":"https:\/\/karlovyvary.casd.cz\/index.php?rest_route=%2Fwp%2Fv2%2Ftags&post=9887"}],"curies":[{"name":"wp","href":"https:\/\/api.w.org\/{rel}","templated":true}]}}