{"id":9774,"date":"2021-05-02T15:37:51","date_gmt":"2021-05-02T13:37:51","guid":{"rendered":"https:\/\/karlovyvary.casd.cz\/?p=9774"},"modified":"2021-05-02T15:39:48","modified_gmt":"2021-05-02T13:39:48","slug":"apostol-pavel-a-lockdown","status":"publish","type":"post","link":"https:\/\/karlovyvary.casd.cz\/?p=9774","title":{"rendered":"Apo\u0161tol Pavel a lockdown"},"content":{"rendered":"\n<p>Sta\u0159ec sed\u00edc\u00ed za stolem, t\u0159esouc\u00ed se rukou p\u00ed\u0161e na pergamen, zat\u00edmco jeho mysl\u00a0je tis\u00edce kilometr\u016f daleko a jeho\u00a0duch\u00a0prahne po n\u011bkom, kdo by mu porozum\u011bl, po n\u011bkom, kdo by sd\u00edlel jeho vzpom\u00ednky i starosti, jeho radosti i\u00a0tr\u00e1pen\u00ed.\u00a0Je\u00a0unaven\u00fd z\u00a0odlou\u010den\u00ed!<\/p>\n\n\n\n<ul class=\"wp-block-list\" id=\"block-eedbe113-e52f-4c8a-904c-cf5332677630\"><li>Je n\u00e1m tento p\u0159\u00edb\u011bh n\u011bjak pov\u011bdom\u00fd? Rok 2021 jsme zah\u00e1jili uprost\u0159ed pandemie, kter\u00e1 u\u017e cel\u00fdch dvan\u00e1ct m\u011bs\u00edc\u016f ovliv\u0148uje na\u0161e \u017eivoty. Bohoslu\u017eby v\u202fonline&nbsp;prost\u0159ed\u00ed, dokonce omezen\u00ed\u202fkontaktu s\u202fbli\u017en\u00edmi nen\u00ed v\u016fbec tot\u00e9\u017e, jako b\u00fdt spolu osobn\u011b.&nbsp;&nbsp;<\/li><li>A tak mo\u017en\u00e1 n\u011bco&nbsp;n\u00e1s&nbsp;m\u016f\u017ee spojovat s\u202fletit\u00fdm apo\u0161tolem nach\u00e1zej\u00edc\u00edm se ve studen\u00e9 v\u011bze\u0148sk\u00e9 cele v\u202f\u0158\u00edm\u011b \u2013 od\u0159\u00edznut od sv\u011bta,&nbsp;za m\u0159\u00ed\u017eemi,&nbsp;osamocen!&nbsp;<\/li><\/ul>\n\n\n\n<div class=\"wp-block-image\"><figure class=\"aligncenter\"><img loading=\"lazy\" decoding=\"async\" width=\"640\" height=\"427\" src=\"https:\/\/karlovyvary.casd.cz\/wp-content\/uploads\/hedgehog-digital-mlD1dZgnhqw-unsplash.jpg\" alt=\"\" class=\"wp-image-9775\" srcset=\"https:\/\/karlovyvary.casd.cz\/wp-content\/uploads\/hedgehog-digital-mlD1dZgnhqw-unsplash.jpg 640w, https:\/\/karlovyvary.casd.cz\/wp-content\/uploads\/hedgehog-digital-mlD1dZgnhqw-unsplash-300x200.jpg 300w\" sizes=\"auto, (max-width: 640px) 100vw, 640px\" \/><\/figure><\/div>\n\n\n\n<!--more-->\n\n\n\n<p>Pavl\u016fv zrak se zvolna soust\u0159edil a na obli\u010deji se mu vykouzlil \u00fasm\u011bv. Ano, m\u011bl bych napsat&nbsp;Timoteovi.&nbsp;Timoteus&nbsp;by to mohl&nbsp;pochopit.&nbsp;<\/p>\n\n\n\n<p>V\u00fdsledkem&nbsp;je&nbsp;dopis, Pavl\u016fv posledn\u00ed,&nbsp;kter\u00fd je d\u016fv\u011brn\u00fdm letm\u00fdm pohledem na pocity i tu\u017eby tohoto v\u011brn\u00e9ho Je\u017e\u00ed\u0161ova n\u00e1sledovn\u00edka.&nbsp;<\/p>\n\n\n\n<p>Apo\u0161tol za\u010d\u00edn\u00e1 d\u00edk\u016fvzd\u00e1n\u00edm a vyj\u00e1d\u0159en\u00edm touhy&nbsp;a o\u010dek\u00e1v\u00e1n\u00ed radosti z toho, a\u017e budou zase spolu (<strong>2&nbsp;<\/strong><strong>Tm<\/strong><strong>&nbsp;1,3.4<\/strong>).&nbsp;<\/p>\n\n\n\n<p>A sv\u016fj list kon\u010d\u00ed slovy:&nbsp;(Timotei)&nbsp;<em>\u201eUd\u011blej v\u0161e, abys ke mn\u011b brzy p\u0159i\u0161el\u201c<\/em>&nbsp;(<strong>2&nbsp;<\/strong><strong>Tm<\/strong><strong>&nbsp;4,9;<\/strong>&nbsp;B 21).&nbsp;\u201eA\u017e p\u016fjde\u0161, p\u0159ines mi pl\u00e1\u0161\u0165, kter\u00fd jsem nechal v\u202fTro\u00e1d\u011b\u201c&nbsp;(<strong>v.13<\/strong>).&nbsp;<em>\u201eUd\u011blej v\u0161e, abys ke mn\u011b p\u0159i\u0161el, ne\u017e za\u010dne zima\u201c<\/em>&nbsp;(<strong>v.21<\/strong>).&nbsp;<\/p>\n\n\n\n<p><strong>Souzen<\/strong>&nbsp;<strong>krutovl\u00e1dcem<\/strong>&nbsp;<\/p>\n\n\n\n<p>Pavel po sv\u00e9m zat\u010den\u00ed v\u202fJeruzal\u00e9m\u011b str\u00e1vil dva roky ve v\u011bzen\u00ed v\u202fCesareji. Nakonec po ztroskot\u00e1n\u00ed lod\u011b a pobytu b\u011bhem zimy na Malt\u011b, p\u0159iplul k\u202fpob\u0159e\u017e\u00ed It\u00e1lie na ja\u0159e a pustil se na 225 km dlouhou cestu, jednu z t\u011bch del\u0161\u00edch, kterou kdy musel podniknout. Jak p\u0159ich\u00e1zeli k\u202f\u0158\u00edmu, \u201en\u00e1hle se v\u0161ak ozve radostn\u00fd v\u00fdk\u0159ik. Ze z\u00e1stupu kolemjdouc\u00edch vyb\u011bhne mu\u017e, padne v\u011bzni kolem krku a se slzami radosti ho obj\u00edm\u00e1\u201c (PNL 258; AA 448). V\u0161ichni v\u011b\u0159\u00edc\u00ed shrom\u00e1\u017ed\u011bn\u00ed pod\u00e9l cesty rozpoznali\u202fve spoutan\u00e9m star\u0161\u00edm mu\u017ei toho, kter\u00fd jim p\u0159inesl radost ze spasen\u00ed.&nbsp;<\/p>\n\n\n\n<ul class=\"wp-block-list\"><li>P\u0159esto\u017ee v\u202f\u0158\u00edm\u011b&nbsp;Pavel byl omezen v\u202fpohybu, bylo s\u202fn\u00edm zach\u00e1zeno laskav\u011b, mohl si najmout&nbsp;d\u016fm, a i kdy\u017e byl \u0159et\u011bzem p\u0159ipout\u00e1n k\u202fvoj\u00e1kovi, bylo mu dovoleno p\u0159ij\u00edmat n\u00e1v\u0161t\u011bvy.&nbsp;<\/li><\/ul>\n\n\n\n<p>Tak ub\u00edhaly m\u011bs\u00edce.&nbsp;\u017didov\u0161t\u00ed p\u0159ed\u00e1ci byli trp\u011bliv\u00ed, byli odhodlan\u00ed dot\u00e1hnout sv\u00e9 \u00famysly a\u017e do konce. Pe\u010dliv\u011b propracovali sv\u00e9 pl\u00e1ny a rozv\u00edjeli t\u011bsn\u00e9 kontakty s\u202fdruhou man\u017eelkou&nbsp;Nerona&nbsp;\u2013 divokou, extravagantn\u00ed a nemor\u00e1ln\u00ed \u017eenou, kter\u00e1 se \u00fadajn\u011b obr\u00e1tila k\u202fjudaismu.&nbsp;Samotn\u00fd c\u00edsa\u0159 byl krut\u00fdm zkorumpovan\u00fdm despotou, kter\u00fd nechal povra\u017edit \u0159adu rodinn\u00fdch p\u0159\u00edslu\u0161n\u00edk\u016f a o\u017eenil s\u202f\u017eenou jin\u00e9ho \u010dlov\u011bka; pozd\u011bji ve\u0161el do svazku s\u202feunuchem. Za t\u011bchto okolnost\u00ed z\u202flidsk\u00e9ho hlediska Pavel nem\u011bl \u017e\u00e1dnou nad\u011bji na spravedliv\u00fd soudn\u00ed proces.&nbsp;Nez\u00fa\u010dastn\u011bn\u00ed div\u00e1ci byli \u0161okovan\u00ed, kdy\u017e Nero prohl\u00e1sil, \u017ee v\u0161echna obvin\u011bn\u00ed v\u016f\u010di Pavlovi jsou nepodlo\u017een\u00e1 a dal p\u0159\u00edkaz jej osvobodit.&nbsp;<\/p>\n\n\n\n<p>Pavel c\u00edtil, \u017ee&nbsp;ho \u010dek\u00e1 jen kr\u00e1tk\u00e9 \u00fadob\u00ed volnosti. T\u00e9m\u011b\u0159 okam\u017eit\u011b opustil \u0158\u00edm a vydal se nav\u0161t\u011bvovat k\u0159es\u0165ansk\u00e9 sbory v jin\u00fdch zem\u00edch. V\u202ft\u00e9to chv\u00edli jako mu\u017e poznamenan\u00fd st\u00e1\u0159\u00edm, \u00fanavou i slabost\u00ed&nbsp;v&nbsp;d\u016fsledku mnoha z\u00e1pas\u016f a t\u011b\u017ekost\u00ed, kter\u00e9 p\u0159est\u00e1l. Byl si jist\u00fd, \u017ee je to jeho posledn\u00ed evangeliza\u010dn\u00ed \u010dinnost. A zd\u00e1 se, \u017ee byl&nbsp;je\u0161t\u011b aktivn\u011bj\u0161\u00ed a horliv\u011bj\u0161\u00ed, ne\u017e kdykoli p\u0159edt\u00edm.&nbsp;<\/p>\n\n\n\n<p><strong>Obvin\u011bn z\u202fpodp\u00e1len\u00ed \u0158\u00edma<\/strong>&nbsp;<\/p>\n\n\n\n<p>Kr\u00e1tce na to stra\u0161liv\u00fd po\u017e\u00e1r zdevastoval polovinu m\u011bsta \u0158\u00edma. Obvin\u011bn\u00ed, \u017ee je Nero dal&nbsp;s\u00e1m&nbsp;zap\u00e1lit, svedl na k\u0159es\u0165any. Vypuklo velk\u00e9 pron\u00e1sledov\u00e1n\u00ed; tis\u00edce v\u011b\u0159\u00edc\u00edch bylo umu\u010deno.&nbsp;<\/p>\n\n\n\n<ul class=\"wp-block-list\"><li>\u017didov\u0161t\u00ed v\u016fdci usilovali obvinit Pavla ze \u017eh\u00e1\u0159stv\u00ed. Nero v\u011bd\u011bl, \u017ee to nen\u00ed pravda, ale p\u0159esto se mu to hodilo a nechal Pavla&nbsp;sp\u011b\u0161n\u011b&nbsp;zatknout a dopravit do \u0158\u00edma.&nbsp;<\/li><\/ul>\n\n\n\n<div class=\"wp-block-image\"><figure class=\"aligncenter size-large\"><img loading=\"lazy\" decoding=\"async\" width=\"640\" height=\"427\" src=\"https:\/\/karlovyvary.casd.cz\/wp-content\/uploads\/dario-veronesi-lUO-BjCiZEA-unsplash.jpg\" alt=\"\" class=\"wp-image-9777\" srcset=\"https:\/\/karlovyvary.casd.cz\/wp-content\/uploads\/dario-veronesi-lUO-BjCiZEA-unsplash.jpg 640w, https:\/\/karlovyvary.casd.cz\/wp-content\/uploads\/dario-veronesi-lUO-BjCiZEA-unsplash-300x200.jpg 300w\" sizes=\"auto, (max-width: 640px) 100vw, 640px\" \/><\/figure><\/div>\n\n\n\n<p>Okolnosti se velmi rychle zm\u011bnily. N\u011bkte\u0159\u00ed k\u0159es\u0165an\u00e9, kte\u0159\u00ed byli napln\u011bni obavami a strachem, opustili m\u011bsto. Pavel byl uvr\u017een do temn\u00e9 \u017eal\u00e1\u0159n\u00ed kobky&nbsp;a \u010das od \u010dasu byl p\u0159em\u00edst\u011bn do sv\u00e9ho domu pod ostrahou.&nbsp;<\/p>\n\n\n\n<p>Oneziforus&nbsp;si n\u011bjak\u00fdm zp\u016fsobem troufnul star\u00e9ho apo\u0161tola vyhledat (<strong>2&nbsp;<\/strong><strong>Tm<\/strong><strong>&nbsp;1,16.17<\/strong>) a&nbsp;pro Pavla&nbsp;tyto jeho n\u00e1v\u0161t\u011bvy&nbsp;znamenaly tak hodn\u011b ve chv\u00edli, kdy ho opustili jeho nejbli\u017e\u0161\u00ed pomocn\u00edci a p\u0159\u00e1tel\u00e9.&nbsp;&nbsp;<\/p>\n\n\n\n<p>Pavel se st\u00e1le nach\u00e1zel \u0159adu m\u011bs\u00edc\u016f s\u00e1m ve studen\u00e9, temn\u00e9 kobce a \u010dekal. A\u017e kone\u010dn\u011b nastal den, kdy se znovu postavil p\u0159ed&nbsp;Neronem. V\u202ftomto okam\u017eiku Pavel byl naprosto s\u00e1m, dokonce bez n\u011bjak\u00e9ho p\u0159\u00edtele, kter\u00fd by zaznamenal, co Pavel \u0159\u00edk\u00e1 a jak si po\u010d\u00edn\u00e1.&nbsp;<\/p>\n\n\n\n<ul class=\"wp-block-list\"><li>Jak\u00fd kontrast p\u0159edstavovala tato sc\u00e9na: Nero, nejmocn\u011bj\u0161\u00ed mu\u017e tehdej\u0161\u00edho sv\u011bta, a p\u0159ed n\u00edm prost\u00fd sta\u0159ec v\u202f\u0159et\u011bzech. Ne\u00faprosn\u00e1 tv\u00e1\u0159&nbsp;Nerona&nbsp;nesla stopy zlo\u010dinu a vin; Pavlova klidn\u00e1 tv\u00e1\u0159&nbsp;odr\u00e1\u017eela pokoj v\u202fBohu.&nbsp;<\/li><\/ul>\n\n\n\n<p>P\u0159ihl\u00ed\u017eej\u00edc\u00ed lid\u00e9 tomuto zinscenovan\u00e9mu procesu sly\u0161eli&nbsp;vzn\u00e1\u0161en\u00e1 obvin\u011bn\u00ed \u017eidovsk\u00fdch v\u016fdc\u016f&nbsp;v\u016f\u010di Pavlovi&nbsp;z\u202fhereze a&nbsp;z\u202fvyvol\u00e1n\u00ed&nbsp;vzpoury po cel\u00e9 \u0159\u00ed\u0161i. A&nbsp;nyn\u00ed&nbsp;i&nbsp;z\u202ftoho, \u017ee byl&nbsp;trestuhodn\u00fdm organiz\u00e1torem&nbsp;ned\u00e1vn\u00e9ho po\u017e\u00e1ru \u0158\u00edma.&nbsp;Byli&nbsp;sv\u011bdky mnoha soudn\u00edch \u0159\u00edzen\u00ed, ale je\u0161t\u011b nikdy nevid\u011bli obvin\u011bn\u00e9ho \u010dlov\u011bka tak klidn\u00e9ho&nbsp;a vyrovnan\u00e9ho, jako byl&nbsp;tento star\u0161\u00ed mu\u017e. V\u0161ichni cht\u011bli sly\u0161et to, kdy\u017e nakonec dostal p\u0159\u00edle\u017eitost promluvit. Bez vn\u011bj\u0161\u00ed ok\u00e1zalosti a pomp\u00e9znosti, ani\u017e myslel na sebe a svou budoucnost, Pavel zv\u011bstoval evangelium \u2013 radostn\u00e9 poselstv\u00ed. Hovo\u0159il o p\u0159ich\u00e1zej\u00edc\u00edm soudu a o Spasiteli, kter\u00fd ob\u011btoval sv\u016fj \u017eivot pro v\u0161echny lidi. Je\u0161t\u011b nikdy p\u0159edt\u00edm lid\u00e9 nesly\u0161eli n\u011bco podobn\u00e9ho. Je\u0161t\u011b nikdy p\u0159edt\u00edm si Nero neuv\u011bdomil m\u00edru sv\u00e9 viny. Zmocnilo se ho zd\u011b\u0161en\u00ed:&nbsp;p\u0159ich\u00e1z\u00ed soud, p\u0159ed n\u00edm\u017e se nelze ukr\u00fdt. Na kr\u00e1tko jeho srdce bylo p\u0159itahov\u00e1no pokojem,&nbsp;o\u010di\u0161t\u011bn\u00edm a odpu\u0161t\u011bn\u00edm, kter\u00e9 Pavel p\u0159edstavil. Ale to se d\u011blo jen&nbsp;chv\u00edli. Posl\u00e9ze se dve\u0159e do&nbsp;jeho&nbsp;nitra op\u011bt zav\u0159ely.&nbsp;<\/p>\n\n\n\n<p>Nero je\u0161t\u011b m\u011bl pocit nejistoty z\u202ftohoto v\u011bzn\u011b, kter\u00fd promluvil o \u017eiv\u00e9m Bohu. Pod vlivem sm\u00ed\u0161en\u00fdch pocit\u016f b\u00e1zn\u011b a \u00facty&nbsp;pro tentokr\u00e1t dal&nbsp;p\u0159\u00edkaz, aby Pavla odvedli zp\u011bt do v\u011bzen\u00ed.&nbsp;<\/p>\n\n\n\n<p>P\u0159i n\u00e1vratu do temn\u00e9 a vlhk\u00e9 kobky si Pavel ned\u011blal \u017e\u00e1dn\u00e9 iluze. V\u011bd\u011bl, \u017ee konec je bl\u00edzko: sta\u010d\u00ed&nbsp;Neronovo&nbsp;slovo nebo pokynut\u00ed hlavou, a jeho \u201elockdown\u201c i&nbsp;jeho \u017eivot skon\u010d\u00ed.&nbsp;<\/p>\n\n\n\n<p><strong>Vyvrcholen\u00ed<\/strong>&nbsp;<\/p>\n\n\n\n<p>Ne\u010dinnost byla pro Pavla velmi t\u011b\u017ek\u00e1. Nev\u00edme, jak dlouho \u010dekal, ale bylo&nbsp;to&nbsp;po t\u00e9, co napsal dopis, kter\u00fd naz\u00fdv\u00e1me 2.&nbsp;list&nbsp;Timoteovi.&nbsp;Mezit\u00edm co popros\u00ed mlad\u00e9ho mu\u017ee, aby si posp\u00ed\u0161il a p\u0159inesl jeho pl\u00e1\u0161\u0165 a knihy, opu\u0161t\u011bn\u00fd sta\u0159i\u010dk\u00fd apo\u0161tol napsal jedno z\u202fnejmocn\u011bj\u0161\u00edch poselstv\u00ed P\u00edsma:&nbsp;<em>\u201e J\u00e1 u\u017e toti\u017e za\u010d\u00edn\u00e1m b\u00fdt ob\u011btov\u00e1n; p\u0159i\u0161el \u010das m\u00e9ho odchodu. Bojoval jsem dobr\u00fd boj, sv\u016fj b\u011bh jsem dokon\u010dil, v\u00edru jsem zachoval. Te\u010f na mne \u010dek\u00e1 koruna spravedlnosti, kterou mi v\u202fonen den ud\u011bl\u00ed P\u00e1n, ten spravedliv\u00fd soudce \u2013 a nejen mn\u011b, ale v\u0161em t\u011bm, kdo s\u202fl\u00e1skou vyhl\u00ed\u017eej\u00ed jeho p\u0159\u00edchod.\u201c<\/em>&nbsp;(<strong>2&nbsp;<\/strong><strong>Tm<\/strong><strong>&nbsp;4,6-8<\/strong>; B 21). Pavel vlo\u017eil sv\u016fj \u017eivot do Bo\u017e\u00edch rukou. Byl p\u0159ipraven na cokoli, co p\u0159inese p\u0159\u00ed\u0161t\u00ed den.&nbsp;<\/p>\n\n\n\n<ul class=\"wp-block-list\"><li>Nero dlouho ne\u010dekal s\u202fukon\u010den\u00edm Pavlova posledn\u00edho&nbsp;lockdownu. Rozhn\u011bvan\u00fd na sebe kv\u016fli&nbsp;pobaven\u00ed&nbsp;se starcem s\u202fpodivn\u00fdmi my\u0161lenkami o p\u0159ich\u00e1zej\u00edc\u00edm soudu, rozzloben\u00fd na to, jak se zd\u00e1, \u017ee&nbsp;nen\u00ed schopen zlikvidovat k\u0159es\u0165anstv\u00ed \u2013 dokonce i ve sv\u00e9 vlastn\u00edm dom\u011b \u2013 vydal z\u00e1hy p\u0159\u00edkaz k\u202fpoprav\u011b toho v\u011bzn\u011b.&nbsp;<\/li><\/ul>\n\n\n\n<p>S\u202fohledem na vliv, kter\u00fd prov\u00e1zel Pavlova slova,&nbsp;jeho st\u011bt\u00ed bylo t\u00e9m\u011b\u0159 utajeno. A co v\u00edc jeho pokoj a radost a duch odpu\u0161t\u011bn\u00ed jeho kat\u016fm hluboce zas\u00e1hl n\u011bkolik voj\u00e1k\u016f a dal\u0161\u00edch sv\u011bdk\u016f popravy. Z\u202fnich n\u011bkte\u0159\u00ed se obr\u00e1tili na v\u00edru v\u202fd\u016fsledku toho, co vid\u011bli a sly\u0161eli.&nbsp;<\/p>\n\n\n\n<p><strong>Pou\u010den\u00ed z\u202f<\/strong><strong>lockdownu<\/strong>&nbsp;<\/p>\n\n\n\n<p>Pavl\u016fv dopis&nbsp;Filipsk\u00fdm&nbsp;z\u202f\u0158\u00edma d\u016fv\u011brn\u011b sd\u011bluje&nbsp;\u00fa\u017easnou my\u0161lenku:&nbsp;<em>\u201eCel\u00fd pal\u00e1c a v\u0161ichni ostatn\u00ed tu v\u011bd\u00ed, \u017ee jsem v\u011bzn\u011bn pro Krista. M\u00e9 okovy dodaly mnoha sourozenc\u016fm v\u202fP\u00e1nu jistotu, tak\u017ee te\u010f&nbsp;<\/em><em>k\u00e1\u017e\u00ed<\/em><em>&nbsp;Slovo mnohem sm\u011bleji a beze strachu\u201c<\/em>&nbsp;(<strong>Fil<\/strong><strong>&nbsp;1,13.14<\/strong>; B21). Ne navzdory, ale kv\u016fli jeho uv\u011bzn\u011bn\u00ed.&nbsp;<\/p>\n\n\n\n<p>P\u0159edt\u00edm ne\u017e byl Pavel uv\u011bzn\u011bn, mohl se svobodn\u011b pohybovat, cestovat, pracovat, k\u00e1zat, nav\u0161t\u011bvovat a poskytovat rady. St\u00e1l p\u0159ed moudr\u00fdmi mu\u017ei v\u202f\u0158ecku a sv\u011bd\u010dil p\u0159ed kr\u00e1li a m\u00edstodr\u017eiteli. Naslouchali mu dokonce \u201ezpupn\u00ed panovn\u00edci\u201c, kte\u0159\u00ed se \u201enakonec t\u0159\u00e1sli\u201c, jako by ji\u017e st\u00e1li p\u0159ed soudnou stolic\u00ed Bo\u017e\u00ed.&nbsp;<\/p>\n\n\n\n<ul class=\"wp-block-list\"><li>Pak se v\u0161echno zm\u011bnilo.&nbsp;Pavel nesm\u011bl opustit sv\u016fj d\u016fm, ale&nbsp;\u201cnejv\u011bt\u0161\u00edho v\u00edt\u011bzstv\u00ed v\u0161ak evangelium dos\u00e1hlo pr\u00e1v\u011b v\u202fdob\u011b, kdy byl jeho nejv\u00fdznamn\u011bj\u0161\u00ed obh\u00e1jce zd\u00e1nliv\u011b odtr\u017een od ve\u0159ejn\u00e9 pr\u00e1ce. K\u202fc\u00edrkvi se&nbsp;toti\u017e p\u0159idali \u010dlenov\u00e9 c\u00edsa\u0159ovy dom\u00e1cnosti.\u201c (PNL 267; AA 462) Nero byl jeden z\u202fnejzka\u017een\u011bj\u0161\u00edch vl\u00e1dc\u016f v\u202fd\u011bjin\u00e1ch. \u201eZd\u00e1lo se b\u00fdt zcela&nbsp;nemo\u017en\u00e9, aby se k\u0159es\u0165anstv\u00ed na&nbsp;Neronov\u011b&nbsp;dvo\u0159e a v\u202fjeho pal\u00e1ci ujalo\u201c (tamt\u00e9\u017e).&nbsp;Apo\u0161tol \u201ep\u0159esto\u017ee s\u00e1m byl ve v\u011bzen\u00ed, poda\u0159ilo se mu osvobodit mnoh\u00e9 z\u202fpout, kter\u00e1 je dr\u017eela v\u202fotroctv\u00ed h\u0159\u00edchu\u201c (tamt\u00e9\u017e).&nbsp; Toto neuv\u011b\u0159iteln\u00e9 v\u00edt\u011bzstv\u00ed evangelia se uskute\u010dnilo d\u00edky Pavlov\u00fdm \u0159et\u011bz\u016f, jeho izolaci a&nbsp;lockdownu.&nbsp;<\/li><\/ul>\n\n\n\n<ul class=\"wp-block-list\"><li>B\u016fh dnes v\u202ft\u00e9to dob\u011b pandemie&nbsp;uskute\u010d\u0148uje to, co by&nbsp;se pravd\u011bpodobn\u011b nemohlo odehr\u00e1t jindy! Mo\u017en\u00e1 nyn\u00ed, aby usp\u00ed\u0161il dokon\u010den\u00ed sv\u00fdch z\u00e1m\u011br\u016f, B\u016fh pot\u0159ebuje&nbsp;lockdown, pot\u0159ebuje, abychom m\u011bli v\u00edce \u010dasu naplnit sv\u00e9 nitro jeho Slovem a byli mu bl\u00ed\u017ee. Mohlo by tohle na\u0161e zti\u0161en\u00ed, ochotn\u00e9 srdce, trp\u011bliv\u00e9 vyd\u00e1v\u00e1n\u00ed sv\u011bdectv\u00ed b\u011bhem obt\u00ed\u017e\u00ed, \u00fazkosti a strachu, podpo\u0159it dokon\u010den\u00ed evangelizace&nbsp;v\u00edce, ne\u017e bychom mohli uskute\u010dnit v\u202fdob\u011b naprost\u00e9 svobody? A tak tedy \u201e\u010dasto se st\u00e1v\u00e1, \u017ee je Bo\u017e\u00ed spolupracovn\u00edk odvol\u00e1n ze slu\u017eby a my toho ve sv\u00e9 kr\u00e1tkozrakosti litujeme. Ve skute\u010dnosti v\u0161ak tajemn\u00e1 Bo\u017e\u00ed proz\u0159etelnost v\u0161e \u0159\u00edd\u00ed tak, aby bylo vykon\u00e1no d\u00edlo, kter\u00e9 by jin\u00fdm zp\u016fsobem nebylo mo\u017en\u00e9 vykonat\u201c (tamt\u00e9\u017e, s.&nbsp;268; AA 464).&nbsp;<\/li><\/ul>\n\n\n\n<p>\u201eTato Pavlova zku\u0161enost obsahuje ponau\u010den\u00ed i pro n\u00e1s; zjevuje n\u00e1m toti\u017e, jak p\u016fsob\u00ed B\u016fh\u201c&nbsp;(tamt\u00e9\u017e s. 277; AA 481).&nbsp;&nbsp;<\/p>\n\n\n\n<p>Pavlova zku\u0161enost v\u202fdob\u011b jeho uv\u011bzn\u011bn\u00ed n\u00e1m ukazuje, jak B\u016fh kon\u00e1 sv\u00e9 d\u00edlo i v\u202ftakov\u00fdch situac\u00edch, jako je sou\u010dasn\u00e1 pandemie. To co se zd\u00e1lo naprosto nemo\u017en\u00e9, B\u016fh uskute\u010dnil v\u202fNeronov\u011b&nbsp;pal\u00e1ci Pavlov\u00fdm&nbsp;lockdownem.&nbsp;<\/p>\n\n\n\n<ul class=\"wp-block-list\"><li>Je to naprosto leg\u00e1ln\u00ed, \u017ee tou\u017e\u00edme, aby pandemie skon\u010dila. B\u016fh&nbsp;vlastn\u011b n\u00e1s m\u016f\u017ee&nbsp;osvobodit od t\u00e9to karant\u00e9ny a poskytnout kr\u00e1tk\u00fd okam\u017eik ke kon\u00e1n\u00ed misie v\u202fpln\u00e9m rozsahu.&nbsp;Nepodlehn\u011bme p\u0159edstav\u011b, \u017ee nem\u016f\u017eeme nic podniknout, dokud se v\u011bc\u00ed nezlep\u0161\u00ed. Pokud budeme pro P\u00e1na pou\u017eiteln\u00ed, pak on m\u016f\u017ee pomoc\u00ed pandemie dokon\u010dit sv\u00e9 d\u00edlo.&nbsp;<\/li><\/ul>\n\n\n\n<div class=\"wp-block-image\"><figure class=\"aligncenter size-large\"><img loading=\"lazy\" decoding=\"async\" width=\"640\" height=\"425\" src=\"https:\/\/karlovyvary.casd.cz\/wp-content\/uploads\/bruno-van-der-kraan-v2HgNzRDfII-unsplash.jpg\" alt=\"\" class=\"wp-image-9778\" srcset=\"https:\/\/karlovyvary.casd.cz\/wp-content\/uploads\/bruno-van-der-kraan-v2HgNzRDfII-unsplash.jpg 640w, https:\/\/karlovyvary.casd.cz\/wp-content\/uploads\/bruno-van-der-kraan-v2HgNzRDfII-unsplash-300x199.jpg 300w\" sizes=\"auto, (max-width: 640px) 100vw, 640px\" \/><\/figure><\/div>\n\n\n\n<p>K\u00e9\u017e je zv\u011bstov\u00e1n\u00ed evangelia brzy dokon\u010deno, ne navzdory&nbsp;lockdownu, ale proto\u017ee jsme uzav\u0159eni. K\u00e9\u017e se Kristus brzy vr\u00e1t\u00ed a otev\u0159e hroby, v\u202fnich\u017e v\u011b\u0159\u00edc\u00ed nyn\u00ed sp\u00ed, a nav\u017edy ukon\u010d\u00ed karant\u00e9nu, kter\u00e1 n\u00e1m te\u010f br\u00e1n\u00ed sd\u00edlet osobn\u00ed p\u0159\u00e1telstv\u00ed s\u202fBo\u017e\u00edm lidem po cel\u00e9m sv\u011bt\u011b.&nbsp;<\/p>\n\n\n\n<p>(Podle&nbsp;Adventist Review a Ministry&nbsp;(3\/2021) zpracoval&nbsp;Enoch&nbsp;Mart\u00ednek)&nbsp;&nbsp;&nbsp;&nbsp;<\/p>\n\n\n\n<p><\/p>\n\n\n\n<div class=\"wp-block-file\"><a href=\"https:\/\/karlovyvary.casd.cz\/wp-content\/uploads\/Apostol-Pavel.pptx\">Apostol-Pavel<\/a><a href=\"https:\/\/karlovyvary.casd.cz\/wp-content\/uploads\/Apostol-Pavel.pptx\" class=\"wp-block-file__button\" download>St\u00e1hnout<\/a><\/div>\n","protected":false},"excerpt":{"rendered":"<p>Sta\u0159ec sed\u00edc\u00ed za stolem, t\u0159esouc\u00ed se rukou p\u00ed\u0161e na pergamen, zat\u00edmco jeho mysl\u00a0je tis\u00edce kilometr\u016f daleko a jeho\u00a0duch\u00a0prahne po n\u011bkom, kdo by mu porozum\u011bl, po n\u011bkom, kdo by sd\u00edlel jeho [&hellip;]<\/p>\n","protected":false},"author":58,"featured_media":0,"comment_status":"open","ping_status":"open","sticky":false,"template":"","format":"standard","meta":{"_mi_skip_tracking":false,"_monsterinsights_sitenote_active":false,"_monsterinsights_sitenote_note":"","_monsterinsights_sitenote_category":0,"ngg_post_thumbnail":0,"footnotes":""},"categories":[1],"tags":[],"class_list":["post-9774","post","type-post","status-publish","format-standard","hentry","category-kazani-2"],"_links":{"self":[{"href":"https:\/\/karlovyvary.casd.cz\/index.php?rest_route=\/wp\/v2\/posts\/9774","targetHints":{"allow":["GET"]}}],"collection":[{"href":"https:\/\/karlovyvary.casd.cz\/index.php?rest_route=\/wp\/v2\/posts"}],"about":[{"href":"https:\/\/karlovyvary.casd.cz\/index.php?rest_route=\/wp\/v2\/types\/post"}],"author":[{"embeddable":true,"href":"https:\/\/karlovyvary.casd.cz\/index.php?rest_route=\/wp\/v2\/users\/58"}],"replies":[{"embeddable":true,"href":"https:\/\/karlovyvary.casd.cz\/index.php?rest_route=%2Fwp%2Fv2%2Fcomments&post=9774"}],"version-history":[{"count":2,"href":"https:\/\/karlovyvary.casd.cz\/index.php?rest_route=\/wp\/v2\/posts\/9774\/revisions"}],"predecessor-version":[{"id":9781,"href":"https:\/\/karlovyvary.casd.cz\/index.php?rest_route=\/wp\/v2\/posts\/9774\/revisions\/9781"}],"wp:attachment":[{"href":"https:\/\/karlovyvary.casd.cz\/index.php?rest_route=%2Fwp%2Fv2%2Fmedia&parent=9774"}],"wp:term":[{"taxonomy":"category","embeddable":true,"href":"https:\/\/karlovyvary.casd.cz\/index.php?rest_route=%2Fwp%2Fv2%2Fcategories&post=9774"},{"taxonomy":"post_tag","embeddable":true,"href":"https:\/\/karlovyvary.casd.cz\/index.php?rest_route=%2Fwp%2Fv2%2Ftags&post=9774"}],"curies":[{"name":"wp","href":"https:\/\/api.w.org\/{rel}","templated":true}]}}