{"id":9624,"date":"2020-12-29T22:49:27","date_gmt":"2020-12-29T21:49:27","guid":{"rendered":"http:\/\/karlovyvary.casd.cz\/?p=9624"},"modified":"2021-01-12T21:48:04","modified_gmt":"2021-01-12T20:48:04","slug":"pribeh-pro-deti-klokan-kuba","status":"publish","type":"post","link":"https:\/\/karlovyvary.casd.cz\/?p=9624","title":{"rendered":"P\u0159\u00edb\u011bh pro d\u011bti: Klokan Kuba"},"content":{"rendered":"\n<p>V\u00edte d\u011bti, jak vypad\u00e1 klokan a kde \u017eije? Spr\u00e1vn\u011b, v&nbsp;Austr\u00e1lii. V&nbsp;Austr\u00e1lii, to je na druh\u00e9 stran\u011b zem\u011bkoule, maj\u00ed d\u011bti pr\u00e1v\u011b velk\u00e9 letn\u00ed pr\u00e1zdniny, dva m\u011bs\u00edce a\u017e do konce ledna. A pr\u00e1v\u011b tam se odehr\u00e1l p\u0159\u00edb\u011bh o klokanovi Kubovi.<\/p>\n\n\n\n<div class=\"wp-block-file\"><a href=\"https:\/\/karlovyvary.casd.cz\/wp-content\/uploads\/Klokan-Kuba-1.pptx\">Klokan Kuba<\/a><a href=\"https:\/\/karlovyvary.casd.cz\/wp-content\/uploads\/Klokan-Kuba-1.pptx\" class=\"wp-block-file__button\" download>St\u00e1hnout<\/a><\/div>\n\n\n\n<figure class=\"wp-block-image size-large is-resized\"><img loading=\"lazy\" decoding=\"async\" src=\"https:\/\/karlovyvary.casd.cz\/wp-content\/uploads\/stephen-PudiDb3TSro-unsplash.jpg\" alt=\"\" class=\"wp-image-9625\" width=\"320\" height=\"212\" srcset=\"https:\/\/karlovyvary.casd.cz\/wp-content\/uploads\/stephen-PudiDb3TSro-unsplash.jpg 640w, https:\/\/karlovyvary.casd.cz\/wp-content\/uploads\/stephen-PudiDb3TSro-unsplash-300x199.jpg 300w\" sizes=\"auto, (max-width: 320px) 100vw, 320px\" \/><\/figure>\n\n\n\n<!--more-->\n\n\n\n<p>P\u0159ed v\u00edce jak 60 l\u00e9ty m\u016fj bratranec Rudi se rozhodl emigrovat do Austr\u00e1lie a dosud tam \u017eije. Kdy\u017e byl je\u0161t\u011b svobodn\u00fd, kamar\u00e1dil se s&nbsp;p\u0159\u00e1teli z&nbsp;polsk\u00e9ho sboru v&nbsp;Adelaide ve st\u00e1t\u011b Viktoria. A ti chodili do p\u0159\u00edrody na lov. Tam je voln\u00fd lov se zbran\u00ed povolen. To co ulovili, byli to v\u011bt\u0161inou zaj\u00edci nebo n\u011bjac\u00ed pt\u00e1ci. Uloven\u00e1 zv\u00ed\u0159ata v\u011bnovali m\u00edstn\u00edm domorodc\u016fm (aborigines). Jednou ulovili velk\u00e9ho klokana, do v\u00fd\u0161ky t\u00e9m\u011b\u0159 2 m. Kdy\u017e k&nbsp;n\u011bmu p\u0159i\u0161li, schov\u00e1valo se tam ml\u00e1d\u011b klokana, mal\u00fd klok\u00e1nek. Bylo jim ho l\u00edto, a tak mal\u00e9ho klok\u00e1nka vzali sebou dom\u016f. Mali\u010dk\u00fd klok\u00e1nek dostal jm\u00e9no Kuba, co\u017e je v&nbsp;pol\u0161tin\u011b \u010dast\u00e9 jm\u00e9no pro kluky. M\u016fj bratranec Rudi klok\u00e1nka Kubu krmil z&nbsp;l\u00e1hve, ml\u00e9kem, kter\u00e9 se tam pro takov\u00e1 zv\u00ed\u0159\u00e1tka prod\u00e1v\u00e1 v&nbsp;obchod\u011b. Kuba rostl a z\u00e1hy si zvykl na lidi kolem sebe. Byl p\u0159\u00edtuln\u00fd a st\u00e1le hledal lidem po kaps\u00e1ch n\u011bco dobr\u00e9ho k&nbsp;sn\u011bdku.<\/p>\n\n\n\n<p>Kdy\u017e povyrostl, obydl\u00ed, kde \u017eil s&nbsp;m\u00fdm bratrancem, mu za\u010dal b\u00fdt t\u011bsn\u00fd, a tak se rozhodli s&nbsp;kamar\u00e1dy, \u017ee jej daj\u00ed zn\u00e1m\u00fdm adventist\u016fm na jejich zahradu do v\u00fdb\u011bhu. Kuba rostl a rostl a sk\u00e1kal a sk\u00e1kal. Dosp\u011bl\u00fd klokan klidn\u011b p\u0159esko\u010d\u00ed plot i 2 metry vysok\u00fd. A tento druh tzv. \u010derven\u00e9ho klokana je jeden z&nbsp;nejv\u011bt\u0161\u00edch. Ale i v&nbsp;zahrad\u011b nebyl v&nbsp;bezpe\u010d\u00ed, proto\u017ee soused\u00e9 z&nbsp;vedlej\u0161\u00edho pozemku si na n\u011bj zt\u011b\u017eovali, \u017ee je obt\u011b\u017euje. Nakonec Kubu nab\u00eddli do jedn\u00e9 soukrom\u00e9 zoologick\u00e9 zahrady a tam na\u0161el trval\u00fd domov. Kamar\u00e1di ka\u017ed\u00fd t\u00fdden jej chodili nav\u0161t\u011bvovat, a kdy\u017e na n\u011bho zavolali jm\u00e9nem\u201c Kubo!\u201c ihned p\u0159ib\u011bhl, sp\u00ed\u0161e p\u0159isk\u00e1kal a nechal se pohladit a \u010dekal na pamlsky.<\/p>\n\n\n\n<p>M\u00e1te, d\u011bti, tak\u00e9 n\u011bjak\u00e9 zv\u00ed\u0159\u00e1tko, pejska nebo ko\u010di\u010dku? A je tak p\u0159\u00edtuln\u00e9, jako klokan Kuba? Kdy\u017e je m\u00e1te r\u00e1dy a hlad\u00edte je, pak v\u00e1m zv\u00ed\u0159\u00e1tka tuto l\u00e1sku vrac\u00ed. To jim dal do srd\u00e9\u010dka P\u00e1n B\u016fh, kter\u00fd je tak\u00e9 l\u00e1ska. Jednou na nov\u00e9 zemi budou u\u017e jen ocho\u010den\u00e1 zv\u00ed\u0159\u00e1tka, vlk s&nbsp;ber\u00e1nkem se budou p\u00e1st spolu a chlape\u010dek bude br\u00e1t do rukou hada bez obav, \u017ee by mu mohl ubl\u00ed\u017eit. T\u011b\u0161\u00edte se? U\u017e nyn\u00ed m\u016f\u017eete okusit n\u011bco z&nbsp;t\u00e9to atmosf\u00e9ry nebe, kdy\u017e budete chr\u00e1nit zv\u00ed\u0159\u00e1tka. A m\u00edt je r\u00e1dy.<\/p>\n\n\n\n<p>Enoch Mart\u00ednek<\/p>\n","protected":false},"excerpt":{"rendered":"<p>V\u00edte d\u011bti, jak vypad\u00e1 klokan a kde \u017eije? Spr\u00e1vn\u011b, v&nbsp;Austr\u00e1lii. V&nbsp;Austr\u00e1lii, to je na druh\u00e9 stran\u011b zem\u011bkoule, maj\u00ed d\u011bti pr\u00e1v\u011b velk\u00e9 letn\u00ed pr\u00e1zdniny, dva m\u011bs\u00edce a\u017e do konce ledna. A [&hellip;]<\/p>\n","protected":false},"author":58,"featured_media":0,"comment_status":"open","ping_status":"open","sticky":false,"template":"","format":"standard","meta":{"_mi_skip_tracking":false,"_monsterinsights_sitenote_active":false,"_monsterinsights_sitenote_note":"","_monsterinsights_sitenote_category":0,"ngg_post_thumbnail":0,"footnotes":""},"categories":[51],"tags":[],"class_list":["post-9624","post","type-post","status-publish","format-standard","hentry","category-deti"],"_links":{"self":[{"href":"https:\/\/karlovyvary.casd.cz\/index.php?rest_route=\/wp\/v2\/posts\/9624","targetHints":{"allow":["GET"]}}],"collection":[{"href":"https:\/\/karlovyvary.casd.cz\/index.php?rest_route=\/wp\/v2\/posts"}],"about":[{"href":"https:\/\/karlovyvary.casd.cz\/index.php?rest_route=\/wp\/v2\/types\/post"}],"author":[{"embeddable":true,"href":"https:\/\/karlovyvary.casd.cz\/index.php?rest_route=\/wp\/v2\/users\/58"}],"replies":[{"embeddable":true,"href":"https:\/\/karlovyvary.casd.cz\/index.php?rest_route=%2Fwp%2Fv2%2Fcomments&post=9624"}],"version-history":[{"count":4,"href":"https:\/\/karlovyvary.casd.cz\/index.php?rest_route=\/wp\/v2\/posts\/9624\/revisions"}],"predecessor-version":[{"id":9652,"href":"https:\/\/karlovyvary.casd.cz\/index.php?rest_route=\/wp\/v2\/posts\/9624\/revisions\/9652"}],"wp:attachment":[{"href":"https:\/\/karlovyvary.casd.cz\/index.php?rest_route=%2Fwp%2Fv2%2Fmedia&parent=9624"}],"wp:term":[{"taxonomy":"category","embeddable":true,"href":"https:\/\/karlovyvary.casd.cz\/index.php?rest_route=%2Fwp%2Fv2%2Fcategories&post=9624"},{"taxonomy":"post_tag","embeddable":true,"href":"https:\/\/karlovyvary.casd.cz\/index.php?rest_route=%2Fwp%2Fv2%2Ftags&post=9624"}],"curies":[{"name":"wp","href":"https:\/\/api.w.org\/{rel}","templated":true}]}}