{"id":9609,"date":"2020-12-28T21:23:43","date_gmt":"2020-12-28T20:23:43","guid":{"rendered":"http:\/\/karlovyvary.casd.cz\/?p=9609"},"modified":"2021-11-25T10:16:14","modified_gmt":"2021-11-25T09:16:14","slug":"novorocni-bohosluzba-hopetv","status":"publish","type":"post","link":"https:\/\/karlovyvary.casd.cz\/?p=9609","title":{"rendered":"Novoro\u010dn\u00ed bohoslu\u017eba HopeTV"},"content":{"rendered":"\n\n\n<p>V\u0161echny V\u00e1s srde\u010dn\u011b zveme ke spole\u010dn\u00e9mu pro\u017eit\u00ed novoro\u010dn\u00ed online bohoslu\u017eby HopeTV. V sobotu 2. ledna za\u010d\u00edn\u00e1me v 9.30 sobotn\u00ed \u0161kolou s Old\u0159ichem Svobodou a s mo\u017enost\u00ed, abyste se do spole\u010dn\u00e9 virtu\u00e1ln\u00ed t\u0159\u00eddy zapojili i vy.<\/p>\n\n\n\n<!--more-->\n\n\n\n<p>Po d\u011btsk\u00e9m p\u0159\u00edb\u011bhu v p\u016fl jeden\u00e1ct\u00e9 se ji\u017e budeme moci soust\u0159edit na novoro\u010dn\u00ed poselstv\u00ed p\u0159edsedy \u010cesko-Slovensk\u00e9 unie C\u00edrkve adventist\u016f sedm\u00e9ho dne, bratra Mikul\u00e1\u0161e Pavl\u00edka.<\/p>\n\n\n\n<p>V t\u00e9to slavnostn\u00ed bohoslu\u017eb\u011b nebudou chyb\u011bt ani sborov\u00e9 p\u00edsn\u011b a spole\u010dn\u011b s po\u0159ady HopeTV by vys\u00edl\u00e1n\u00ed m\u011blo kon\u010dit kolem p\u016fl jedn\u00e9.<\/p>\n\n\n\n<p>Budeme se t\u011b\u0161it, \u017ee i p\u0159es r\u016fzn\u00e1 omezen\u00ed a velk\u00e9 vzd\u00e1lenosti mezi n\u00e1mi budeme moci pro\u017e\u00edt po\u017eehnan\u00e9 chv\u00edle prvn\u00ed soboty roku 2021.<\/p>\n\n\n\n<p>Vys\u00edl\u00e1n\u00ed najdete na&nbsp;<a href=\"https:\/\/youtu.be\/pEqNHh5Umw8\">Youtube<\/a>,&nbsp;<a href=\"https:\/\/www.facebook.com\/HopeTV\/\">Facebook&nbsp;<\/a>a na&nbsp;<a href=\"http:\/\/www.hopetv.cz\/\" target=\"_blank\" rel=\"noreferrer noopener\">www.hopetv.cz<\/a><\/p>\n","protected":false},"excerpt":{"rendered":"<p>V\u0161echny V\u00e1s srde\u010dn\u011b zveme ke spole\u010dn\u00e9mu pro\u017eit\u00ed novoro\u010dn\u00ed online bohoslu\u017eby HopeTV. V sobotu 2. ledna za\u010d\u00edn\u00e1me v 9.30 sobotn\u00ed \u0161kolou s Old\u0159ichem Svobodou a s mo\u017enost\u00ed, abyste se do spole\u010dn\u00e9 [&hellip;]<\/p>\n","protected":false},"author":58,"featured_media":0,"comment_status":"open","ping_status":"open","sticky":false,"template":"","format":"standard","meta":{"_mi_skip_tracking":false,"_monsterinsights_sitenote_active":false,"_monsterinsights_sitenote_note":"","_monsterinsights_sitenote_category":0,"ngg_post_thumbnail":0,"footnotes":""},"categories":[16],"tags":[],"class_list":["post-9609","post","type-post","status-publish","format-standard","hentry","category-pozvanky"],"_links":{"self":[{"href":"https:\/\/karlovyvary.casd.cz\/index.php?rest_route=\/wp\/v2\/posts\/9609","targetHints":{"allow":["GET"]}}],"collection":[{"href":"https:\/\/karlovyvary.casd.cz\/index.php?rest_route=\/wp\/v2\/posts"}],"about":[{"href":"https:\/\/karlovyvary.casd.cz\/index.php?rest_route=\/wp\/v2\/types\/post"}],"author":[{"embeddable":true,"href":"https:\/\/karlovyvary.casd.cz\/index.php?rest_route=\/wp\/v2\/users\/58"}],"replies":[{"embeddable":true,"href":"https:\/\/karlovyvary.casd.cz\/index.php?rest_route=%2Fwp%2Fv2%2Fcomments&post=9609"}],"version-history":[{"count":2,"href":"https:\/\/karlovyvary.casd.cz\/index.php?rest_route=\/wp\/v2\/posts\/9609\/revisions"}],"predecessor-version":[{"id":10022,"href":"https:\/\/karlovyvary.casd.cz\/index.php?rest_route=\/wp\/v2\/posts\/9609\/revisions\/10022"}],"wp:attachment":[{"href":"https:\/\/karlovyvary.casd.cz\/index.php?rest_route=%2Fwp%2Fv2%2Fmedia&parent=9609"}],"wp:term":[{"taxonomy":"category","embeddable":true,"href":"https:\/\/karlovyvary.casd.cz\/index.php?rest_route=%2Fwp%2Fv2%2Fcategories&post=9609"},{"taxonomy":"post_tag","embeddable":true,"href":"https:\/\/karlovyvary.casd.cz\/index.php?rest_route=%2Fwp%2Fv2%2Ftags&post=9609"}],"curies":[{"name":"wp","href":"https:\/\/api.w.org\/{rel}","templated":true}]}}