{"id":9462,"date":"2020-10-21T19:35:55","date_gmt":"2020-10-21T17:35:55","guid":{"rendered":"http:\/\/karlovyvary.casd.cz\/?p=9462"},"modified":"2021-11-25T10:16:14","modified_gmt":"2021-11-25T09:16:14","slug":"modlitebni-tyden-2020","status":"publish","type":"post","link":"https:\/\/karlovyvary.casd.cz\/?p=9462","title":{"rendered":"Modlitebn\u00ed t\u00fdden 2020"},"content":{"rendered":"\n\n\n<p>Ka\u017edoro\u010dn\u011b je podzim v na\u0161\u00ed c\u00edrkvi \u010dasem, kdy spole\u010dn\u011b na cel\u00e9m sv\u011bte pro\u017e\u00edv\u00e1me \u010das modliteb a duchovn\u00edho rozj\u00edm\u00e1n\u00ed. Leto\u0161n\u00ed modlitebn\u00ed t\u00fdden, prob\u011bhne v term\u00ednu od<strong>&nbsp;7. do 14. listopadu<\/strong>.<\/p>\n\n\n\n<p><em>\u201eUk\u00e1zala se Bo\u017e\u00ed milost, kter\u00e1 p\u0159in\u00e1\u0161\u00ed sp\u00e1su v\u0161em lidem a vychov\u00e1v\u00e1 n\u00e1s k&nbsp;tomu, abychom se z\u0159ekli bezbo\u017enosti a sv\u011btsk\u00fdch v\u00e1\u0161n\u00ed, \u017eili rozumn\u011b, spravedliv\u011b a zbo\u017en\u011b v&nbsp;tomto v\u011bku a o\u010dek\u00e1vali bla\u017een\u00e9 spln\u011bn\u00ed nad\u011bje a p\u0159\u00edchod sl\u00e1vy velik\u00e9ho Boha a na\u0161eho Spasitele Je\u017e\u00ed\u0161e Krista.\u201c (Tt 2,11\u201313)<\/em><\/p>\n\n\n\n<p><em>V\u011brnost v&nbsp;k\u0159es\u0165ansk\u00e9m \u017eivotn\u00edm stylu \u2013 to je n\u00e1zev p\u0159edn\u00e1\u0161ek t\u00fddne modliteb. B\u011bhem tohoto t\u00fddne se budeme zab\u00fdvat n\u011bkolika d\u016fle\u017eit\u00fdmi t\u00e9maty. Za\u010dneme Bibl\u00ed, kter\u00e1 tvo\u0159\u00ed z\u00e1klad \u017eivotn\u00edho stylu k\u0159es\u0165ana. Pod\u00edv\u00e1me se na to, jak hodnoty Bo\u017e\u00edho kr\u00e1lovstv\u00ed formuj\u00ed \u017eivot k\u0159es\u0165ana. Budeme se tak\u00e9 zab\u00fdvat vztahem k\u0159es\u0165ansk\u00e9ho \u017eivotn\u00edho stylu a sd\u011blovac\u00edch prost\u0159edk\u016f. Dal\u0161\u00edm t\u00e9matem je \u017eivotn\u00ed styl k\u0159es\u0165ana a sexualita. Tento mimo\u0159\u00e1dn\u00fd t\u00fdden zakon\u010d\u00edme \u010dl\u00e1nkem: \u201e\u017divot v&nbsp;dob\u011b konce: k\u0159es\u0165an\u016fv \u017eivotn\u00ed styl a ud\u00e1losti posledn\u00edch dn\u016f\u201c.<\/em><\/p>\n\n\n\n<p>V&nbsp;p\u0159edn\u00e1\u0161k\u00e1ch se nezapom\u00edn\u00e1 ani na na\u0161e d\u011bti. V&nbsp;druh\u00e9 polovin\u011b materi\u00e1lu najdete p\u0159\u00edb\u011bhy, kter\u00e9 p\u0159ipravilo odd\u011blen\u00ed d\u011bt\u00ed na\u0161\u00ed c\u00edrkve.<\/p>\n\n\n\n<p>P\u0159edn\u00e1\u0161ky jsou ke sta\u017een\u00ed<a href=\"http:\/\/www.adventorion.cz\/ke-stazeni\/modlitebni-prednasky-2020\">&nbsp;zde<\/a>.<\/p>\n\n\n\n<p><em>V sobotu 14. listopadu se bude tak\u00e9 konat sb\u00edrka pro celosv\u011btov\u00e9 misijn\u00ed projekty Gener\u00e1ln\u00ed konference.<\/em><\/p>\n\n\n\n<p><em>P\u0159ejeme V\u00e1m v\u0161em Bo\u017e\u00ed po\u017eehn\u00e1n\u00ed, radost p\u0159i studiu Bo\u017e\u00edho slova i ze vz\u00e1jemn\u00e9ho spole\u010denstv\u00ed, kter\u00e9 m\u016f\u017eete pro\u017e\u00edt p\u0159i modlitebn\u00edch setk\u00e1n\u00edch.<\/em><\/p>\n\n\n\n<figure class=\"wp-block-table\"><table><tbody><tr><td>Peter \u010c\u00edk, Mikul\u00e1\u0161 Pavl\u00edk, Marek \u0160krla<\/td><\/tr><\/tbody><\/table><\/figure>\n","protected":false},"excerpt":{"rendered":"<p>Ka\u017edoro\u010dn\u011b je podzim v na\u0161\u00ed c\u00edrkvi \u010dasem, kdy spole\u010dn\u011b na cel\u00e9m sv\u011bte pro\u017e\u00edv\u00e1me \u010das modliteb a duchovn\u00edho rozj\u00edm\u00e1n\u00ed. Leto\u0161n\u00ed modlitebn\u00ed t\u00fdden, prob\u011bhne v term\u00ednu od&nbsp;7. do 14. listopadu. \u201eUk\u00e1zala se [&hellip;]<\/p>\n","protected":false},"author":58,"featured_media":0,"comment_status":"open","ping_status":"open","sticky":false,"template":"","format":"standard","meta":{"_mi_skip_tracking":false,"_monsterinsights_sitenote_active":false,"_monsterinsights_sitenote_note":"","_monsterinsights_sitenote_category":0,"ngg_post_thumbnail":0,"footnotes":""},"categories":[18],"tags":[],"class_list":["post-9462","post","type-post","status-publish","format-standard","hentry","category-aktuality"],"_links":{"self":[{"href":"https:\/\/karlovyvary.casd.cz\/index.php?rest_route=\/wp\/v2\/posts\/9462","targetHints":{"allow":["GET"]}}],"collection":[{"href":"https:\/\/karlovyvary.casd.cz\/index.php?rest_route=\/wp\/v2\/posts"}],"about":[{"href":"https:\/\/karlovyvary.casd.cz\/index.php?rest_route=\/wp\/v2\/types\/post"}],"author":[{"embeddable":true,"href":"https:\/\/karlovyvary.casd.cz\/index.php?rest_route=\/wp\/v2\/users\/58"}],"replies":[{"embeddable":true,"href":"https:\/\/karlovyvary.casd.cz\/index.php?rest_route=%2Fwp%2Fv2%2Fcomments&post=9462"}],"version-history":[{"count":2,"href":"https:\/\/karlovyvary.casd.cz\/index.php?rest_route=\/wp\/v2\/posts\/9462\/revisions"}],"predecessor-version":[{"id":10021,"href":"https:\/\/karlovyvary.casd.cz\/index.php?rest_route=\/wp\/v2\/posts\/9462\/revisions\/10021"}],"wp:attachment":[{"href":"https:\/\/karlovyvary.casd.cz\/index.php?rest_route=%2Fwp%2Fv2%2Fmedia&parent=9462"}],"wp:term":[{"taxonomy":"category","embeddable":true,"href":"https:\/\/karlovyvary.casd.cz\/index.php?rest_route=%2Fwp%2Fv2%2Fcategories&post=9462"},{"taxonomy":"post_tag","embeddable":true,"href":"https:\/\/karlovyvary.casd.cz\/index.php?rest_route=%2Fwp%2Fv2%2Ftags&post=9462"}],"curies":[{"name":"wp","href":"https:\/\/api.w.org\/{rel}","templated":true}]}}