{"id":9289,"date":"2020-06-23T21:16:41","date_gmt":"2020-06-23T19:16:41","guid":{"rendered":"http:\/\/karlovyvary.casd.cz\/?p=9289"},"modified":"2021-11-25T10:16:13","modified_gmt":"2021-11-25T09:16:13","slug":"vzdelavani-pro-vsechny-deti","status":"publish","type":"post","link":"https:\/\/karlovyvary.casd.cz\/?p=9289","title":{"rendered":"Vzd\u011bl\u00e1v\u00e1n\u00ed pro v\u0161echny d\u011bti"},"content":{"rendered":"\n<h2 class=\"wp-block-heading\"><a href=\"https:\/\/www.casd.cz\/spolecna-petice-casd-a-adra-s-1-000-000-hlasu-pomozte-nam-ziskat-5000-za-cr\/\">Spole\u010dn\u00e1 petice CASD a ADRA s 1 000 000 hlas\u016f. Pomozte n\u00e1m z\u00edskat 5000 za \u010cR.<\/a><\/h2>\n\n\n\n\n\n<p>Obrac\u00edme se na V\u00e1s s prosbou o p\u0159ipojen\u00ed Va\u0161eho hlasu ve prosp\u011bch dobr\u00e9 v\u011bci! Jedn\u00e1 se o spole\u010dnou petici Gener\u00e1ln\u00ed konference&nbsp;CASD a ADRA International pod n\u00e1zvem EveryChild EveryWhere In School t\u00fdkaj\u00edc\u00ed se z\u00e1m\u011bru podpo\u0159it v\u00fdrazn\u011bji hlas na\u0161\u00ed c\u00edrkve i Adry na n\u00e1rodn\u00ed i nadn\u00e1rodn\u00ed \u00farovni ve prosp\u011bch dosa\u017eitelnosti vzd\u011bl\u00e1v\u00e1n\u00ed pro v\u0161echny d\u011bti na sv\u011bt\u011b.<\/p>\n\n\n\n<p>Rychl\u00fd podpis on-line i v\u00edce informac\u00ed najdete&nbsp;<a href=\"https:\/\/adra.cz\/o-nas\/petice-adra\" target=\"_blank\" rel=\"noreferrer noopener\">zde<\/a>.<\/p>\n\n\n\n<!--more-->\n\n\n\n<p>Podpo\u0159e vzd\u011bl\u00e1v\u00e1n\u00ed se na\u0161e c\u00edrkev v\u011bnuje celosv\u011btov\u011b ji\u017e od 19. stolet\u00ed organizac\u00ed v\u00fduky i stavbou \u0161kol ve vysp\u011bl\u00fdch i rozvojov\u00fdch zem\u00edch.&nbsp; Rovn\u011b\u017e organizace ADRA zaji\u0161\u0165uje v \u0159ad\u011b zem\u00ed dostupnost vzd\u011bl\u00e1n\u00ed pro ty nejchud\u0161\u00ed.&nbsp;<\/p>\n\n\n\n<p>Je to pr\u00e1v\u011b petice na\u0161\u00ed c\u00edrkve, kter\u00e1 spolu s Adrou chce za\u010d\u00edt \u010dinit postupn\u00e9&nbsp;zm\u011bny ve sv\u011bt\u011b v oblasti vzd\u011bl\u00e1v\u00e1n\u00ed, jednat se sv\u011btov\u00fdmi i lok\u00e1ln\u00edmi leadry, aby to st\u00e1ty za\u010daly br\u00e1t jako svou finan\u010dn\u00ed a celospole\u010denskou prioritu zajistit ve sv\u00fdch zem\u00edch d\u011btem bez rozd\u00edlu alespo\u0148 z\u00e1kladn\u00ed vzd\u011bl\u00e1n\u00ed.<\/p>\n\n\n\n<p>C\u00edlem petice jako \u201cn\u00e1stroje k v\u011bt\u0161\u00edmu hlasu\u201d je z\u00edskat k&nbsp;3. 7. 2020&nbsp;celosv\u011btov\u011b&nbsp;1000 000 podpis\u016f&nbsp;(800 000 lid\u00ed se ji\u017e podepsalo). Za&nbsp;\u010cR jsme se zav\u00e1zali p\u0159isp\u011bt&nbsp;5000 hlasy.&nbsp;<\/p>\n\n\n\n<p>Pomozte n\u00e1m toho dos\u00e1hnout sv\u00fdm hlasem<a href=\"https:\/\/adra.cz\/o-nas\/petice-adra\" target=\"_blank\" rel=\"noreferrer noopener\">&nbsp;zde<\/a>.<\/p>\n\n\n\n<p>Petici mohou podepsat dosp\u011bl\u00ed a d\u011bti nad 14 let.<\/p>\n\n\n\n<p>Moc V\u00e1m d\u011bkujeme.<\/p>\n\n\n\n<p>Va\u0161e ADRA<\/p>\n\n\n\n<p>Pom\u00e1hat s V\u00e1mi je radost!<\/p>\n","protected":false},"excerpt":{"rendered":"<p>Spole\u010dn\u00e1 petice CASD a ADRA s 1 000 000 hlas\u016f. Pomozte n\u00e1m z\u00edskat 5000 za \u010cR. Obrac\u00edme se na V\u00e1s s prosbou o p\u0159ipojen\u00ed Va\u0161eho hlasu ve prosp\u011bch dobr\u00e9 v\u011bci! [&hellip;]<\/p>\n","protected":false},"author":58,"featured_media":0,"comment_status":"open","ping_status":"open","sticky":false,"template":"","format":"standard","meta":{"_mi_skip_tracking":false,"_monsterinsights_sitenote_active":false,"_monsterinsights_sitenote_note":"","_monsterinsights_sitenote_category":0,"ngg_post_thumbnail":0,"footnotes":""},"categories":[18],"tags":[],"class_list":["post-9289","post","type-post","status-publish","format-standard","hentry","category-aktuality"],"_links":{"self":[{"href":"https:\/\/karlovyvary.casd.cz\/index.php?rest_route=\/wp\/v2\/posts\/9289","targetHints":{"allow":["GET"]}}],"collection":[{"href":"https:\/\/karlovyvary.casd.cz\/index.php?rest_route=\/wp\/v2\/posts"}],"about":[{"href":"https:\/\/karlovyvary.casd.cz\/index.php?rest_route=\/wp\/v2\/types\/post"}],"author":[{"embeddable":true,"href":"https:\/\/karlovyvary.casd.cz\/index.php?rest_route=\/wp\/v2\/users\/58"}],"replies":[{"embeddable":true,"href":"https:\/\/karlovyvary.casd.cz\/index.php?rest_route=%2Fwp%2Fv2%2Fcomments&post=9289"}],"version-history":[{"count":2,"href":"https:\/\/karlovyvary.casd.cz\/index.php?rest_route=\/wp\/v2\/posts\/9289\/revisions"}],"predecessor-version":[{"id":10018,"href":"https:\/\/karlovyvary.casd.cz\/index.php?rest_route=\/wp\/v2\/posts\/9289\/revisions\/10018"}],"wp:attachment":[{"href":"https:\/\/karlovyvary.casd.cz\/index.php?rest_route=%2Fwp%2Fv2%2Fmedia&parent=9289"}],"wp:term":[{"taxonomy":"category","embeddable":true,"href":"https:\/\/karlovyvary.casd.cz\/index.php?rest_route=%2Fwp%2Fv2%2Fcategories&post=9289"},{"taxonomy":"post_tag","embeddable":true,"href":"https:\/\/karlovyvary.casd.cz\/index.php?rest_route=%2Fwp%2Fv2%2Ftags&post=9289"}],"curies":[{"name":"wp","href":"https:\/\/api.w.org\/{rel}","templated":true}]}}