{"id":9255,"date":"2020-06-03T20:58:20","date_gmt":"2020-06-03T18:58:20","guid":{"rendered":"http:\/\/karlovyvary.casd.cz\/?p=9255"},"modified":"2020-06-03T21:08:57","modified_gmt":"2020-06-03T19:08:57","slug":"biblicky-tyden","status":"publish","type":"post","link":"https:\/\/karlovyvary.casd.cz\/?p=9255","title":{"rendered":"Biblick\u00fd t\u00fdden"},"content":{"rendered":"\n<p>Biblick\u00fd t\u00fdden prob\u011bhne v term\u00ednu <strong>od 9. do 16. srpna<\/strong> <strong>2020<\/strong> ve <strong>st\u0159edisku Immanuel<\/strong>, s hostem <strong>J\u00e1nem Barnou<\/strong>. <\/p>\n\n\n\n<div class=\"wp-block-image\"><figure class=\"alignright size-large is-resized\"><img loading=\"lazy\" decoding=\"async\" src=\"https:\/\/karlovyvary.casd.cz\/wp-content\/uploads\/image-2-700x990.png\" alt=\"\" class=\"wp-image-9256\" width=\"309\" height=\"437\" srcset=\"https:\/\/karlovyvary.casd.cz\/wp-content\/uploads\/image-2-700x990.png 700w, https:\/\/karlovyvary.casd.cz\/wp-content\/uploads\/image-2-212x300.png 212w, https:\/\/karlovyvary.casd.cz\/wp-content\/uploads\/image-2-768x1086.png 768w, https:\/\/karlovyvary.casd.cz\/wp-content\/uploads\/image-2-1086x1536.png 1086w, https:\/\/karlovyvary.casd.cz\/wp-content\/uploads\/image-2.png 1240w\" sizes=\"auto, (max-width: 309px) 100vw, 309px\" \/><\/figure><\/div>\n\n\n\n<p><\/p>\n\n\n\n<p>Bude ov\u0161em nutno dodr\u017eovat podm\u00ednky, kter\u00e9 vych\u00e1zej\u00ed ze sou\u010dasn\u00e9 situace a moment\u00e1ln\u00edch vl\u00e1dn\u00edch opat\u0159en\u00ed, kter\u00e9 se v pr\u016fb\u011bhu m\u011bs\u00edc\u016f mohou je\u0161t\u011b m\u011bnit, a to ob\u011bma sm\u011bry. Z toho plyne, \u017ee podm\u00ednky kon\u00e1n\u00ed BT se mohou jednak uvolnit, tak\u017ee se v\u00edce p\u0159ibl\u00ed\u017e\u00edme b\u011b\u017en\u00e9mu pr\u016fb\u011bhu, na kter\u00fd jsme zvykl\u00ed, ale tak\u00e9 se mohou op\u011bt zp\u0159\u00edsnit, co\u017e by navzdory v\u0161em snah\u00e1m vedlo ke zru\u0161en\u00ed akce.<\/p>\n\n\n\n<p><br \/>Podm\u00ednky kon\u00e1n\u00ed BT zahrnuj\u00ed dodr\u017eov\u00e1n\u00ed rozestup\u016f (to se t\u00fd\u010de p\u0159edev\u0161\u00edm stanu a j\u00eddelny), povinnosti m\u00edt rou\u0161ku v\u0161ude tam, kde je bl\u00edzk\u00fd kontakt, desinfekce atp. dle st\u00e1le platn\u00fdch pravidel. Abychom zejm\u00e9na rozestupy mohli dodr\u017eet, je nutno pro tuto chv\u00edli omezit po\u010det \u00fa\u010dastn\u00edk\u016f, a to na 160 osob v\u010detn\u011b d\u011bt\u00ed. (Pokud by do\u0161lo k rozvoln\u011bn\u00ed opat\u0159en\u00ed, m\u016f\u017ee b\u00fdt po\u010det<br \/>\u00fa\u010dastn\u00edk\u016f nav\u00fd\u0161en.) Z\u00e1rove\u0148 jsme stanovili minim\u00e1ln\u00ed po\u010det \u00fa\u010dastn\u00edk\u016f, a to na 100 osob.<br \/>V <strong>p\u00e1tek 12. \u010dervna v 16 hodin <\/strong>tedy spust\u00edme elektronick\u00e9 p\u0159ihla\u0161ov\u00e1n\u00ed<br \/>na <a href=\"http:\/\/www.biblickytyden.cz\">http:\/\/www.biblickytyden.cz<\/a>, z\u00e1lo\u017eka registrace. <\/p>\n\n\n\n<!--more-->\n\n\n\n<p>Registrace bude ukon\u010dena bu\u010f bezprost\u0159edn\u011b po napln\u011bn\u00ed kapacity, tzn. 160 osob, nebo ve \u010dtvrtek 25. \u010dervna. S p\u0159ihla\u0161ov\u00e1n\u00edm tedy ne\u010dekejte, pot\u0159ebujeme m\u00edt p\u0159ehled o po\u010dtu \u00fa\u010dastn\u00edk\u016f, abychom v kr\u00e1tk\u00e9 dob\u011b mohli zorganizovat v\u0161e pot\u0159ebn\u00e9. Po ukon\u010den\u00ed registrace p\u0159ijde v\u0161em \u00fa\u010dastn\u00edk\u016fm jako obvykle mail s \u00fadaji k platb\u011b. Do\u0161lo-li by ke zru\u0161en\u00ed akce, v\u0161echny platby V\u00e1m budou samoz\u0159ejm\u011b vr\u00e1ceny.<br \/>T\u011b\u0161\u00edme se na V\u00e1s a pros\u00edme Boha o jeho po\u017eehn\u00e1n\u00ed a doprovod v t\u00e9to dob\u011b.<\/p>\n\n\n\n<p><\/p>\n","protected":false},"excerpt":{"rendered":"<p>Biblick\u00fd t\u00fdden prob\u011bhne v term\u00ednu od 9. do 16. srpna 2020 ve st\u0159edisku Immanuel, s hostem J\u00e1nem Barnou. Bude ov\u0161em nutno dodr\u017eovat podm\u00ednky, kter\u00e9 vych\u00e1zej\u00ed ze sou\u010dasn\u00e9 situace a moment\u00e1ln\u00edch [&hellip;]<\/p>\n","protected":false},"author":58,"featured_media":0,"comment_status":"open","ping_status":"open","sticky":false,"template":"","format":"standard","meta":{"_mi_skip_tracking":false,"_monsterinsights_sitenote_active":false,"_monsterinsights_sitenote_note":"","_monsterinsights_sitenote_category":0,"ngg_post_thumbnail":0,"footnotes":""},"categories":[16],"tags":[],"class_list":["post-9255","post","type-post","status-publish","format-standard","hentry","category-pozvanky"],"_links":{"self":[{"href":"https:\/\/karlovyvary.casd.cz\/index.php?rest_route=\/wp\/v2\/posts\/9255","targetHints":{"allow":["GET"]}}],"collection":[{"href":"https:\/\/karlovyvary.casd.cz\/index.php?rest_route=\/wp\/v2\/posts"}],"about":[{"href":"https:\/\/karlovyvary.casd.cz\/index.php?rest_route=\/wp\/v2\/types\/post"}],"author":[{"embeddable":true,"href":"https:\/\/karlovyvary.casd.cz\/index.php?rest_route=\/wp\/v2\/users\/58"}],"replies":[{"embeddable":true,"href":"https:\/\/karlovyvary.casd.cz\/index.php?rest_route=%2Fwp%2Fv2%2Fcomments&post=9255"}],"version-history":[{"count":3,"href":"https:\/\/karlovyvary.casd.cz\/index.php?rest_route=\/wp\/v2\/posts\/9255\/revisions"}],"predecessor-version":[{"id":9262,"href":"https:\/\/karlovyvary.casd.cz\/index.php?rest_route=\/wp\/v2\/posts\/9255\/revisions\/9262"}],"wp:attachment":[{"href":"https:\/\/karlovyvary.casd.cz\/index.php?rest_route=%2Fwp%2Fv2%2Fmedia&parent=9255"}],"wp:term":[{"taxonomy":"category","embeddable":true,"href":"https:\/\/karlovyvary.casd.cz\/index.php?rest_route=%2Fwp%2Fv2%2Fcategories&post=9255"},{"taxonomy":"post_tag","embeddable":true,"href":"https:\/\/karlovyvary.casd.cz\/index.php?rest_route=%2Fwp%2Fv2%2Ftags&post=9255"}],"curies":[{"name":"wp","href":"https:\/\/api.w.org\/{rel}","templated":true}]}}