{"id":9146,"date":"2020-04-11T01:20:18","date_gmt":"2020-04-10T23:20:18","guid":{"rendered":"http:\/\/karlovyvary.casd.cz\/?p=9146"},"modified":"2020-04-11T01:20:23","modified_gmt":"2020-04-10T23:20:23","slug":"velikonocni-bohosluzby-pro-mladez","status":"publish","type":"post","link":"https:\/\/karlovyvary.casd.cz\/?p=9146","title":{"rendered":"Velikono\u010dn\u00ed bohoslu\u017eby pro ml\u00e1de\u017e"},"content":{"rendered":"\n<p>Pro mlad\u00e9 lidi z \u010cech, Moravy a Slovenska, jsou na soboty 11. a 18. dubna nachyst\u00e1ny <strong>ml\u00e1de\u017enick\u00e9 velikono\u010dn\u00ed ONLINE bohoslu\u017eby<\/strong>.<\/p>\n\n\n\n<figure class=\"wp-block-embed-youtube wp-block-embed is-type-video is-provider-youtube wp-embed-aspect-16-9 wp-has-aspect-ratio\"><div class=\"wp-block-embed__wrapper\">\n<iframe loading=\"lazy\" title=\"Ml\u00e1de\u017enick\u00e1 Velikono\u010dn\u00ed bohoslu\u017eba | 11. 4. 2020\" width=\"500\" height=\"281\" src=\"https:\/\/www.youtube.com\/embed\/BjzMaynNy-U?feature=oembed\" frameborder=\"0\" allow=\"accelerometer; autoplay; clipboard-write; encrypted-media; gyroscope; picture-in-picture; web-share\" referrerpolicy=\"strict-origin-when-cross-origin\" allowfullscreen><\/iframe>\n<\/div><\/figure>\n\n\n\n<p>Mil\u00ed ml\u00e1de\u017en\u00edci z \u010cech, Moravy a Slovenska,<br \/>srde\u010dn\u011b v\u00e1s zveme na online p\u0159enos Ml\u00e1de\u017enick\u00e9 velikono\u010dn\u00ed bohoslu\u017eby, kter\u00e1 za\u010d\u00edn\u00e1 v sobotu 11. dubna v 10:00.<\/p>\n\n\n\n<!--more-->\n\n\n\n<p>Prvn\u00ed sobotu usly\u0161\u00edte slovo Dana Ka\u0161l\u00edka, Davida Koguta a Honzy Libotovsk\u00e9ho a k tomu p\u00edsn\u011b Dana Huvara, Ka\u0161l\u00edk\u016f, Kogut\u016f a Kol\u00e1\u0159\u016f.<\/p>\n\n\n\n<p>T\u011b\u0161\u00edme se na V\u00e1s a p\u0159ejeme v\u0161em kr\u00e1sn\u00fd velikono\u010dn\u00ed \u010das s na\u0161\u00edm Bohem a spolu navz\u00e1jem :-).<\/p>\n\n\n\n<p>Za Mission camp t\u00fdm<br \/>Dan Ka\u0161l\u00edk<\/p>\n","protected":false},"excerpt":{"rendered":"<p>Pro mlad\u00e9 lidi z \u010cech, Moravy a Slovenska, jsou na soboty 11. a 18. dubna nachyst\u00e1ny ml\u00e1de\u017enick\u00e9 velikono\u010dn\u00ed ONLINE bohoslu\u017eby. Mil\u00ed ml\u00e1de\u017en\u00edci z \u010cech, Moravy a Slovenska,srde\u010dn\u011b v\u00e1s zveme na [&hellip;]<\/p>\n","protected":false},"author":58,"featured_media":0,"comment_status":"open","ping_status":"open","sticky":false,"template":"","format":"standard","meta":{"_mi_skip_tracking":false,"_monsterinsights_sitenote_active":false,"_monsterinsights_sitenote_note":"","_monsterinsights_sitenote_category":0,"ngg_post_thumbnail":0,"footnotes":""},"categories":[33],"tags":[],"class_list":["post-9146","post","type-post","status-publish","format-standard","hentry","category-bohosluzby"],"_links":{"self":[{"href":"https:\/\/karlovyvary.casd.cz\/index.php?rest_route=\/wp\/v2\/posts\/9146","targetHints":{"allow":["GET"]}}],"collection":[{"href":"https:\/\/karlovyvary.casd.cz\/index.php?rest_route=\/wp\/v2\/posts"}],"about":[{"href":"https:\/\/karlovyvary.casd.cz\/index.php?rest_route=\/wp\/v2\/types\/post"}],"author":[{"embeddable":true,"href":"https:\/\/karlovyvary.casd.cz\/index.php?rest_route=\/wp\/v2\/users\/58"}],"replies":[{"embeddable":true,"href":"https:\/\/karlovyvary.casd.cz\/index.php?rest_route=%2Fwp%2Fv2%2Fcomments&post=9146"}],"version-history":[{"count":1,"href":"https:\/\/karlovyvary.casd.cz\/index.php?rest_route=\/wp\/v2\/posts\/9146\/revisions"}],"predecessor-version":[{"id":9147,"href":"https:\/\/karlovyvary.casd.cz\/index.php?rest_route=\/wp\/v2\/posts\/9146\/revisions\/9147"}],"wp:attachment":[{"href":"https:\/\/karlovyvary.casd.cz\/index.php?rest_route=%2Fwp%2Fv2%2Fmedia&parent=9146"}],"wp:term":[{"taxonomy":"category","embeddable":true,"href":"https:\/\/karlovyvary.casd.cz\/index.php?rest_route=%2Fwp%2Fv2%2Fcategories&post=9146"},{"taxonomy":"post_tag","embeddable":true,"href":"https:\/\/karlovyvary.casd.cz\/index.php?rest_route=%2Fwp%2Fv2%2Ftags&post=9146"}],"curies":[{"name":"wp","href":"https:\/\/api.w.org\/{rel}","templated":true}]}}