{"id":9079,"date":"2020-03-19T20:45:51","date_gmt":"2020-03-19T19:45:51","guid":{"rendered":"http:\/\/karlovyvary.casd.cz\/?p=9079"},"modified":"2020-03-19T20:56:51","modified_gmt":"2020-03-19T19:56:51","slug":"buh-touzi-po-sve-cirkvi","status":"publish","type":"post","link":"https:\/\/karlovyvary.casd.cz\/?p=9079","title":{"rendered":"B\u016fh tou\u017e\u00ed po sv\u00e9 c\u00edrkvi"},"content":{"rendered":"\n<p>Vzhledem k mimo\u0159\u00e1dn\u00fdm okolnostem v\u00e1m nab\u00edz\u00edme text k\u00e1z\u00e1n\u00ed pro tuto sobotu. <\/p>\n\n\n\n<p class=\"has-text-align-center\"><strong><em>\u201eTeprve a\u017e p\u0159ijde Duch svat\u00fd, odkryje v\u00e1m plnou pravdu\u201c<\/em><\/strong>                      Jan 16, 13 (SNC)<\/p>\n\n\n\n<p>Nikdy mi nezev\u0161edn\u00ed p\u0159\u00edb\u011bh, kter\u00fd se odehr\u00e1l ve sboru adventist\u016f s. d. v&nbsp;Murmansku, v&nbsp;Rusku, daleko za pol\u00e1rn\u00edm kruhem. Tento sbor m\u011bl p\u016fvodn\u011b 22 \u010dlen\u016f, ale kv\u016fli \u00fanav\u011b, vy\u010derpanosti apod. se jeho po\u010det zmen\u0161il na pouh\u00fdch osm: tvo\u0159il ho kazatel, jeho man\u017eelka a \u0161est lid\u00ed. Uv\u011bdomovali si, \u017ee pokud se nestane n\u011bco radik\u00e1ln\u00edho, jejich sbor p\u0159estane existovat, zanikne.<\/p>\n\n\n\n<!--more-->\n\n\n\n<p>Tato mal\u00e1 skupina osmi \u010dlen\u016f se rozhodla spole\u010dn\u011b se sch\u00e1zet a modlit se. V\u011bd\u011bli, \u017ee Duch svat\u00fd p\u0159ich\u00e1z\u00ed pouze v&nbsp;odpov\u011b\u010f na vytrval\u00e9 modlitby. A tak se modlili o Ducha svat\u00e9ho, za ochotu vydat se do slu\u017eby druh\u00fdm lidem, za p\u0159\u00edle\u017eitosti \u0161\u00ed\u0159it Je\u017e\u00ed\u0161ovu l\u00e1sku mezi t\u011bmi, kte\u0159\u00ed \u017eij\u00ed v&nbsp;temnot\u011b. Sch\u00e1zeli se ka\u017ed\u00e9 r\u00e1no v&nbsp;6 hodin. Jednou se mu\u017ei se\u0161li okolo otvoru v&nbsp;led\u011b, kde lovili ryby. Objali se navz\u00e1jem rukama, pak odlo\u017eili sv\u00e9 od\u011bvy a pohrou\u017eili se do studen\u00e9 vody na znamen\u00ed, \u017ee jsou p\u0159ipraveni k misijn\u00ed slu\u017eb\u011b.<\/p>\n\n\n\n<p>N\u011bkte\u0159\u00ed lid\u00e9 by toto jejich chov\u00e1n\u00ed mohli pova\u017eovat za v\u00fdst\u0159edn\u00ed, mo\u017en\u00e1 a\u017e fanatick\u00e9. Ano, oni v\u011b\u0159ili a proto se modlili. B\u011bhem jednoho roku Duch svat\u00fd p\u0159ivedl do jejich sboru 72 nov\u00fdch p\u0159\u00e1tel, kte\u0159\u00ed byli pok\u0159t\u011bni. Tento sbor pro\u017eil mnohon\u00e1sobn\u00fd r\u016fst. A v&nbsp;n\u00e1sleduj\u00edc\u00edch l\u00e9tech zalo\u017eili dal\u0161\u00ed skupinky ve sv\u00e9m \u0161irok\u00e9m okol\u00ed.<\/p>\n\n\n\n<p><strong>Zasl\u00edben\u00ed Ducha\nsvat\u00e9ho<\/strong><\/p>\n\n\n\n<p>Od chv\u00edle, kdy h\u0159\u00edch znetvo\u0159il Bo\u017e\u00ed obraz v&nbsp;zahrad\u011b Eden, Stvo\u0159itel si\ntou\u017eebn\u011b p\u0159\u00e1l, aby jeho d\u011bti byly napln\u011bny Duchem svat\u00fdm. Aby znovu mohly\nodr\u00e1\u017eet obraz sv\u00e9ho Tv\u016frce. <\/p>\n\n\n\n<p>Ve Star\u00e9m Z\u00e1kon\u011b se zm\u00ednka o Duchu svat\u00e9m vyskytuje 88 kr\u00e1t. Duch svat\u00fd\nnaplnil lidi pro zvl\u00e1\u0161tn\u00ed \u00fakoly:<\/p>\n\n\n\n<ul class=\"wp-block-list\"><li>Besaleela obda\u0159il DS zru\u010dnost\u00ed a d\u016fvtipem ke stavb\u011b\nsvatost\u00e1nku (Ex 31,2-5)<\/li><li>Samsona k&nbsp;\u00faloze soudce (Soud 14,5.6)<\/li><li>Saula k&nbsp;prorokov\u00e1n\u00ed (1 Sa 10,10.11). Skute\u010dn\u011b\nmnohem \u010dast\u011bji napln\u011bn\u00ed DS se d\u011blo ve spojitosti s&nbsp;prorockou slu\u017ebou\n(Azarj\u00e1\u0161 \u2013 2 Par 15,1-8); Miche\u00e1\u0161 (Mi 3,8); Daniel (Da 5,13.14; 6,3) a Ezechiel\n(Ez 3,4-27). B\u016fh v\u0161ak tou\u017eil spat\u0159it den, kdy cel\u00fd jeho lid bude napln\u011bn DS.\nNam\u00edsto toho, aby poslouchali Boha ve sv\u00e9 vlastn\u00ed s\u00edle a svou v\u016fli (Ex 19,8;\n24,3.7), jeho lid bude poslouchat d\u00edky nov\u00e9mu srdci a nov\u00e9mu my\u0161len\u00ed \u2013 jeho\nDuch bude uprost\u0159ed nich (Ez 36,26.27). M\u00edsto toho, aby jen n\u011bkolik lid\u00ed bylo\nnapln\u011bno Duchem, jednou bude ka\u017ed\u00fd napln\u011bn Duchem sv. (Joel 2,28.29)<\/li><\/ul>\n\n\n\n<p><strong>Zasl\u00edben\u00ed Ut\u011b\u0161itele<\/strong><\/p>\n\n\n\n<p>A to byl \u00fakol Je\u017e\u00ed\u0161e\nod za\u010d\u00e1tku jeho slu\u017eby. Pouze Jan K\u0159titel to pochopil, kdy\u017e o tom k\u00e1zal (Mt\n3,11; Mk 1,8; Lk 3,16; Jn 1,33; Sk 1,5; 11,16) Toto zd\u016frazn\u011bn\u00ed v\u00fdznamu DS je\nojedin\u011bl\u00e9 a bezprecedentn\u00ed v&nbsp;Bibli: <strong><em>\u201eJ\u00e1 k\u0159t\u00edm vodou ty, kte\u0159\u00ed c\u00edt\u00ed sv\u00e1 provin\u011bn\u00ed\njako b\u0159emeno a vyzn\u00e1vaj\u00ed je. Av\u0161ak po mn\u011b p\u0159ijde n\u011bkdo daleko mocn\u011bj\u0161\u00ed ne\u017e j\u00e1;\n\u2026 on v\u00e1s bude k\u0159t\u00edt Duchem svat\u00fdm a ohn\u011bm\u201c<\/em><\/strong> (Mt 3,11; SNC). Mistr sd\u011blil\nsv\u00fdm u\u010dedn\u00edk\u016fm: <strong><em>\u201eMluvil jsem o duchovn\u00edch skute\u010dnostech, ale vy ch\u00e1pete moje v\u00fdroky\nhmotn\u011b. V\u00e1\u0161 rozum na to nesta\u010d\u00ed, jenom Duch v\u00e1m pom\u016f\u017ee, abyste pochopili a\nz\u00edskali tak \u017eivot.\u201c<\/em><\/strong> (Jn 6,63; SNC)<\/p>\n\n\n\n<p>T\u00edm kl\u00ed\u010dov\u00fdm od samotn\u00e9ho\npo\u010d\u00e1tku bylo sly\u0161et Slovo Bo\u017e\u00ed, uva\u017eovat nad n\u00edm a modlit se o jeho pochopen\u00ed\n(\u0158\u00edm 10,17). D\u00edky p\u0159\u00edtomnosti Bo\u017e\u00edho Ducha v\u00edra se st\u00e1vala re\u00e1ln\u011bj\u0161\u00ed. <\/p>\n\n\n\n<p><strong><em>\u201eP\u0159imluv\u00edm se u Otce,\naby v\u00e1m seslal za mne Z\u00e1stupce, kter\u00fd by nav\u017edy s&nbsp;v\u00e1mi z\u016fstal. Bude to\nBo\u017e\u00ed Duch, kter\u00fd v\u00e1s povede k&nbsp;pravd\u011b. Lidem, kte\u0159\u00ed daj\u00ed jen na sv\u00e9 smysly\na pocity, z\u016fstane skryt. V\u00e1m nebude ciz\u00ed, proto\u017ee bude s&nbsp;v\u00e1mi a ve v\u00e1s.\nVr\u00e1t\u00edm se k&nbsp;v\u00e1m a nenech\u00e1m v\u00e1s opu\u0161t\u011bn\u00e9\u201c<\/em><\/strong> (Jn 14,\n16-18; SNC).<\/p>\n\n\n\n<p>Kdo je tento Pomocn\u00edk? P\u016fvodn\u00ed \u0159eck\u00fd\ntext pou\u017e\u00edv\u00e1 slovo <em>parakletos<\/em>, co\u017e\nznamen\u00e1 ten, kter\u00fd p\u0159ich\u00e1z\u00ed a stav\u00ed se t\u011bsn\u011b po boku. Jsou r\u016fzn\u00e9 p\u0159eklady <em>parakletos<\/em>, nap\u0159. Ut\u011b\u0161itel, R\u00e1dce,\nSponzor nebo Advok\u00e1t. Toto slovo bylo pou\u017e\u00edv\u00e1no ve spojitosti s&nbsp;pr\u00e1vnickou\n\u010dinnost\u00ed, kdy n\u011bkdo jedn\u00e1 v&nbsp;n\u011b\u010d\u00edm zastoupen\u00ed a v&nbsp;jeho prosp\u011bch. Je\u017e\u00ed\u0161\nzosob\u0148uje slu\u017ebu Ducha svat\u00e9ho. Duch sv. nen\u00ed n\u011bjak\u00fdm \u00e9terick\u00fdm vlivem nebo\nesoterick\u00fdm teologick\u00fdm konceptem. Je to druh\u00e9 Bo\u017e\u00ed j\u00e1, kter\u00e9 jedn\u00e1 ve prosp\u011bch\nv\u0161ech na\u0161ich pot\u0159eb! Je\u017e\u00ed\u0161 \u0159ekl, \u017ee to bude jeho Z\u00e1stupce, Pomocn\u00edk jako on.\nJe\u017e\u00ed\u0161 Kristus je pln\u011b lidsk\u00fd prost\u0159edn\u00edk pro n\u00e1s v&nbsp;nebi (\u017dd 7,25), na\ndruh\u00e9 stran\u011b Duch svat\u00fd \u2013 <em>parakletos<\/em>\n\u2013 je pln\u011b bo\u017esk\u00fd p\u0159\u00edmluvce za n\u00e1s zde na zemi (\u0158 8,26.27)!<\/p>\n\n\n\n<p><strong>P\u0159edpoklad k\u0159\u00ed\u017ee<\/strong><\/p>\n\n\n\n<p>Duch svat\u00fd nep\u0159i\u0161el a\u017e\ndo letnic, kdy c\u00edrkev m\u011bla za\u010d\u00edt uskute\u010d\u0148ovat Velk\u00e9 pov\u011b\u0159en\u00ed z&nbsp;Mat 28,\n\u0161\u00ed\u0159it evangelium v\u0161em lidem. Je zde v\u0161ak ur\u010dit\u00fd probl\u00e9m. Vlastn\u011b dva.<\/p>\n\n\n\n<p>P\u0159\u00edchod Ducha svat\u00e9ho\nv&nbsp;plnosti na novoz\u00e1konn\u00ed c\u00edrkev se nemohl uskute\u010dnit, dokud neprob\u011bhlo\nv\u00edt\u011bzstv\u00ed Spasitele na k\u0159\u00ed\u017ei, dokud Kristova ob\u011b\u0165 nebyla p\u0159ijata a pochopena.<\/p>\n\n\n\n<p>Apo\u0161tol Jan napsal: <strong><em>\u201ePosledn\u00ed\nden sv\u00e1tk\u016f, kdy kn\u011b\u017e\u00ed v pr\u016fvodu nesli vodu do chr\u00e1mu, stal tam Je\u017e\u00ed\u0161 a volal:\n\u201eKdo m\u00e1 \u017e\u00edze\u0148, poj\u010f se ke mn\u011b nap\u00edt. P\u00edsmo \u0159\u00edk\u00e1, \u017ee nitro ka\u017ed\u00e9ho, kdo ve mne\nv\u011b\u0159\u00ed, vyd\u00e1 \u017eivotod\u00e1rn\u00fd pramen.\u201c Mluvil o Bo\u017e\u00edm Duchu, kter\u00fd m\u011bl b\u00fdt sesl\u00e1n a\u017e\npo dovr\u0161en\u00ed Je\u017e\u00ed\u0161ova d\u00edla na zemi. M\u011bl ho dostat ka\u017ed\u00fd, kdo v&nbsp;Je\u017e\u00ed\u0161e\nuv\u011b\u0159\u00ed.\u201c<\/em><\/strong> (Jn 7,37-39; SNC).<\/p>\n\n\n\n<p>Duch svat\u00fd nebyl je\u0161t\u011b d\u00e1n? Z&nbsp;mnoha zpr\u00e1v ve Star\u00e9m Z\u00e1kon\u011b je z\u0159ejm\u00e9, \u017ee Duch svat\u00fd byl ud\u011blen r\u016fzn\u00fdm lidem, jednotlivc\u016fm, ale ne ve smyslu pln\u00e9ho sesl\u00e1n\u00ed na c\u00edrkev. To se m\u011blo uskute\u010dnit a\u017e ve spojen\u00ed s&nbsp;uk\u0159i\u017eov\u00e1n\u00edm Mesi\u00e1\u0161e. K\u0159\u00ed\u017e a jeho p\u0159ijet\u00ed a pochopen\u00ed, a a\u017e se spole\u010denstv\u00ed stane jednotn\u00fdm \u2013 toto jsou dva p\u0159edpoklady p\u0159ijet\u00ed Ducha svat\u00e9ho c\u00edrkv\u00ed v&nbsp;plnosti.<\/p>\n\n\n\n<p>Jan spojil ud\u011blen\u00ed\nDucha s&nbsp;Je\u017e\u00ed\u0161ov\u00fdm oslaven\u00edm. Kdy byl Je\u017e\u00ed\u0161\noslaven? Apo\u0161tol Petr n\u00e1m \u0159ekl, kdy se to stalo: <strong><em>\u201eTo B\u016fh, kter\u00e9ho vyzn\u00e1v\u00e1te, B\u016fh\nna\u0161ich praotc\u016f \u2013 Abrah\u00e1ma, Iz\u00e1ka a J\u00e1koba \u2013 tu pr\u00e1v\u011b p\u0159ed v\u00e1mi dok\u00e1zal moc\nsv\u00e9ho Syna Je\u017e\u00ed\u0161e. Toho Je\u017e\u00ed\u0161e, kter\u00e9ho vy jste vydali \u0158\u00edman\u016fm a ve\u0159ejn\u011b jste\nse ho z\u0159ekli p\u0159ed Pil\u00e1tem\u2026 Toho, kdo v\u00e1m cht\u011bl d\u00e1t v\u011b\u010dn\u00fd \u017eivot, jste zabili!\nAle B\u016fh ho vzk\u0159\u00edsil z&nbsp;mrtv\u00fdch a my to m\u016f\u017eeme osobn\u011b dosv\u011bd\u010dit.\u201c<\/em><\/strong>\n(Sk 3,13-15; SNC). Oslava Je\u017e\u00ed\u0161e se odehr\u00e1la jako v\u00fdsledek jeho ob\u011bti na k\u0159\u00ed\u017ei.\nO letnic\u00edch pades\u00e1t dn\u00ed po velikonoc\u00edch \u2013 dni, kdy Kristus zem\u0159el \u2013 Kristus byl\noslaven Otcem v&nbsp;nebi.<\/p>\n\n\n\n<p>Ve starod\u00e1vnu kdy\u017e se\nkr\u00e1lov\u00e9 vraceli z&nbsp;v\u00e1lek jako v\u00edt\u011bzov\u00e9, vj\u00ed\u017ed\u011bli do m\u011bsta ve slavnostn\u00edm\npr\u016fvodu. Nejd\u0159\u00edve vj\u00ed\u017ed\u011bl kr\u00e1l sed\u00edc\u00ed na b\u00edl\u00e9m koni, pak gener\u00e1lov\u00e9, kter\u00e9\nn\u00e1sledovali voj\u00e1ci. Tento pr\u016fvod uzav\u00edrali pora\u017een\u00ed nep\u0159\u00e1tel\u00e9 v&nbsp;\u0159et\u011bzech.\nOkolo stoj\u00edc\u00ed z\u00e1stup p\u0159ed\u00e1val v\u00edt\u011bz\u016fm dary a vzd\u00e1val jim hold. Byl to den\nvelk\u00fdch oslav a radosti.<\/p>\n\n\n\n<ul class=\"wp-block-list\"><li>N\u011bco podobn\u00e9ho\nse odehr\u00e1lo v&nbsp;nebi deset dn\u00ed po Je\u017e\u00ed\u0161ov\u011b nanebevstoupen\u00ed. V&nbsp;list\u011b\nEfezsk\u00fdm 4 je tato zm\u00ednka: <strong><em>\u201eKa\u017ed\u00e9mu z&nbsp;n\u00e1s dal Kristus ze sv\u00e9\nbohat\u00e9 z\u00e1soby zvl\u00e1\u0161tn\u00edch schopnost\u00ed pr\u00e1v\u011b tolik, kolik uznal za pot\u0159ebn\u00e9. Tak\npromluvil prorocky o Kristu ji\u017e David: Kdy\u017e se po sv\u00e9m vzk\u0159\u00ed\u0161en\u00ed a v\u00edt\u011bzstv\u00ed\nnad satanem triumf\u00e1ln\u011b vr\u00e1til do nebe, obdaroval lidi skv\u011bl\u00fdmi dary.\u201c<\/em><\/strong>\n(v.7.8; SNC) Pavel zde cituje \u017dalm 68,18, kter\u00fd nar\u00e1\u017e\u00ed na Moj\u017e\u00ed\u0161e, kdy\u017e\nvystupoval na horu Sinaj, aby p\u0159ijal velk\u00fd dar \u2013 Bo\u017e\u00ed z\u00e1kon, desatero. Rab\u00edni\nozna\u010dovali letnice jako \u201csv\u00e1tek p\u0159evzet\u00ed na\u0161eho z\u00e1kona\u201c nebo tak\u00e9 \u201eslavnost\nzjeven\u00ed\u201c, a to kv\u016fli tomu, \u017ee pod horou Sinaj do\u0161lo k&nbsp;v\u016fbec k&nbsp;prvn\u00edmu\nsvol\u00e1n\u00ed shrom\u00e1\u017ed\u011bn\u00ed n\u00e1roda po exodu, kdy J\u00e1hve jim p\u0159edstavil Dekalog.<\/li><\/ul>\n\n\n\n<p>Pavel v\u0161ak voln\u011b\nparafr\u00e1zuje \u017dalm 68,19 <strong><em>\u201emnoh\u00e9 z&nbsp;lid\u00ed p\u0159ijals darem\u201c <\/em><\/strong>na\n<strong><em>\u201edal\ndary lidem\u201c <\/em><\/strong>(Ef 4,8). Pro\u010d tato z\u00e1m\u011bna? Proto\u017ee to aplikuje na Krista.\nKristus jako v\u00edt\u011bz nad smrt\u00ed p\u0159ijal dary v&nbsp;\u017eivotech lid\u00ed, kte\u0159\u00ed byli spolu\ns&nbsp;n\u00edm vzk\u0159\u00ed\u0161eni ze smrti! Matou\u0161 27, 52.53 uv\u00e1d\u00ed, \u017ee: <strong><em>\u201emnoh\u00e1 t\u011bla zesnul\u00fdch svat\u00fdch\nbyla vzk\u0159\u00ed\u0161ena\u201c<\/em><\/strong>. Tito v\u011b\u0159\u00edc\u00ed byli prvn\u00edm ovocem Je\u017e\u00ed\u0161ova vzk\u0159\u00ed\u0161en\u00edm,\ntzv. prvotinami. Oni byli t\u011bmi \u201ezajatci\u201c, kte\u0159\u00ed spolu s&nbsp;Je\u017e\u00ed\u0161em vstoupili\ndo nebe. A oni spolu s&nbsp;nebesk\u00fdmi z\u00e1stupy oslavovali Je\u017e\u00ed\u0161e jako P\u00e1na\nv&nbsp;den letnic. Nam\u00edsto toho, aby on dostal dary, Je\u017e\u00ed\u0161 s\u00e1m je obdaroval. A\nmy to naz\u00fdv\u00e1me dar Ducha svat\u00e9ho.<\/p>\n\n\n\n<p><strong>P\u0159edpoklad spole\u010denstv\u00ed<\/strong><\/p>\n\n\n\n<p>D\u0159\u00edve ne\u017e bude\nuskute\u010dn\u011bno napln\u011bn\u00ed Duchem, je t\u0159eba hovo\u0159it o druh\u00e9m p\u0159edpokladu.\nP\u0159edstavme si, jak b\u011bhem des\u00edti dn\u016f p\u0159ed Je\u017e\u00ed\u0161ov\u00fdm nanebevstoupen\u00edm a jeho\noslaven\u00edm v&nbsp;mal\u00e9 horn\u00ed m\u00edstnosti se t\u00edsn\u00ed 120 u\u010dedn\u00edk\u016f, aby dali hlavy\ndohromady a probrali ud\u00e1losti posledn\u00edch n\u011bkolika dn\u016f. Jen m\u00e1lo rozum\u011bli mnoha\nJe\u017e\u00ed\u0161ov\u00fdm v\u00fdrok\u016fm o k\u0159\u00ed\u017ei. Ale o to v\u00edce se modlili a p\u0159em\u00fd\u0161leli o n\u011bm, a o to\nv\u00edce pak obdr\u017eeli. Spat\u0159ili nezm\u011brnost Bo\u017e\u00ed ob\u011bti a l\u00e1sky k&nbsp;lidsk\u00fdm\nbytostem. Za\u010dali si uv\u011bdomovat, co v\u0161echno Spasitel opustil, aby jim to v\u0161e\nmohl vydat. A to zp\u016fsobilo, \u017ee jindy nepoddajn\u00e1 a vzpurn\u00e1 skupina lid\u00ed se\nzm\u011bnila tak, \u017ee \u010dteme: <strong><em>\u201e\u017ee v\u0161ichni se jednomysln\u011b a vytrvale modlili\u201c<\/em><\/strong>\n(Sk 1,14; SNC). A nadto nadev\u0161e <strong><em>\u201eUv\u011bdom si, \u017ee pr\u00e1v\u011b Bo\u017e\u00ed laskavost vede\n\u010dlov\u011bka k&nbsp;tomu, aby se zastyd\u011bl a za\u010dal nov\u00fd \u017eivot!\u201c<\/em><\/strong> (\u0158 2,4; SNC).<\/p>\n\n\n\n<ul class=\"wp-block-list\"><li>Pochopen\u00ed\nv\u00fdznamu k\u0159\u00ed\u017ee a sjednocen\u00ed spole\u010denstv\u00ed sboru \u2013 to jsou dva\np\u0159edpoklady pro p\u0159ijet\u00ed plnosti Ducha pro c\u00edrkev. To se pr\u00e1v\u011b stalo ve Skutc\u00edch\n1. kap., kter\u00e1 vydl\u00e1\u017edila cestu pro sesl\u00e1n\u00ed Ducha, jak to vid\u00edme ve Skutc\u00edch 2\na d\u00e1le.<\/li><\/ul>\n\n\n\n<p><strong>Pro\u010d je zde c\u00edrkev<\/strong><\/p>\n\n\n\n<p>A co c\u00edrkev a sbor\ndnes? Jsme zam\u011b\u0159eni na k\u0159\u00ed\u017e a tou\u017e\u00edme milovat jeden druh\u00e9ho? M\u00e1me osobn\u00ed\nspole\u010denstv\u00ed s&nbsp;Bohem, kter\u00fd n\u00e1m v\u0161e d\u00e1v\u00e1, a sd\u00edl\u00edme spole\u010denstv\u00ed jeden\ns&nbsp;druh\u00fdm?<\/p>\n\n\n\n<p>V&nbsp;ran\u00e9 k\u0159es\u0165ansk\u00e9\nc\u00edrkvi se lid\u00e9 milovali tak konkr\u00e9tn\u011b, prakticky, \u017ee to m\u011blo na n\u011b prom\u011b\u0148uj\u00edc\u00ed\nvliv (Sk 4,32-35). I my dnes m\u016f\u017eeme projevovat Kristovu l\u00e1sku jedni\nk&nbsp;druh\u00fdm tak, \u017ee se to bude odr\u00e1\u017eet v&nbsp;n\u00e1sleduj\u00edc\u00ed slu\u017eb\u011b uprost\u0159ed\nspole\u010dnosti. Tito prvotn\u00ed v\u011b\u0159\u00edc\u00ed k\u00e1zali Bo\u017e\u00ed slovo s&nbsp;velkou moc\u00ed navzdory\ntomu, \u017ee nem\u011bli zvl\u00e1\u0161tn\u00ed form\u00e1ln\u00ed vzd\u011bl\u00e1n\u00ed ani nepoch\u00e1zeli z&nbsp;n\u011bjak\u00fdch\nurozen\u00fdch rod\u016f \u010di vy\u0161\u0161\u00edch vrstev obyvatelstva. P\u0159esto jejich slu\u017ebu prov\u00e1zely\nznamen\u00ed a z\u00e1zraky (Sk 4,5-13; 5,12-16; 6,7; 8.5-8). Pro\u010d bychom nem\u011bli\no\u010dek\u00e1vat tot\u00e9\u017e dnes? Tyt\u00e9\u017e zku\u0161enosti jako c\u00edrkev?<\/p>\n\n\n\n<p>Je\u017e\u00ed\u0161 s\u00e1m p\u0159edal sv\u00e9\nc\u00edrkvi spolehlivou a neselh\u00e1vaj\u00edc\u00ed radu: <strong><em>\u201eKdy\u017e byli je\u0161t\u011b spolu, \u0159ekl jim, aby po\njeho odchodu neopou\u0161t\u011bli Jeruzal\u00e9m, ale \u010dekali tam, a\u017e B\u016fh vypln\u00ed sv\u016fj slib.\nVysv\u011btlil jim: \u201eJan k\u0159til vodou, ale v\u00e1s B\u016fh v&nbsp;nejbli\u017e\u0161\u00edch dnech pok\u0159t\u00ed\nsv\u00fdm svat\u00fdm Duchem\u2026 Te\u010f dostanete Ducha svat\u00e9ho a s n\u00edm zvl\u00e1\u0161tn\u00ed s\u00edlu\nk&nbsp;tomu, abyste se stali m\u00fdmi vyslanci.\u201c<\/em><\/strong> (Sk 1,4.5.8; SNC)<\/p>\n\n\n\n<p>Duch svat\u00fd v&nbsp;\u010dinnosti \u2013 po tom B\u016fh tou\u017e\u00ed, aby se projevil v&nbsp;jeho c\u00edrkvi. Dovol\u00edte mu to, aby se to naplnilo?<\/p>\n\n\n\n<p>EGW: \u201eJe pravda, \u017ee a\u017e se v&nbsp;dob\u011b konce bude Bo\u017e\u00ed d\u00edlo na zemi ch\u00fdlit ke sv\u00e9mu z\u00e1v\u011bru, bude horliv\u00e9 \u00fasil\u00ed posv\u011bcen\u00fdch v\u011b\u0159\u00edc\u00edch pod veden\u00edm Ducha svat\u00e9ho doprov\u00e1zeno neoby\u010dejn\u00fdmi znamen\u00edmi Bo\u017e\u00ed p\u0159\u00edzn\u011b\u2026 Duch svat\u00fd bude v&nbsp;prav\u00e9 c\u00edrkvi p\u0159\u00edtomen a\u017e do doby konce\u201c (PNL 32; AA 53-54).\u00b4<\/p>\n\n\n\n<ul class=\"wp-block-list\"><li><strong>B\u00fdval\u00fd ateista kazatelem<\/strong> \u2013 Jan Haugg,\n30 let (Adventistick\u00e1 misie 1Q 2020)<\/li><\/ul>\n\n\n\n<p>Nic tak moc Jan nevzru\u0161ovalo, jako z\u00e1chrana \u017eivotn\u00edho prost\u0159ed\u00ed. Jakmile dos\u00e1hl 18 let, tento student st\u0159edn\u00ed \u0161koly vstoupil do politick\u00e9 strany v&nbsp;N\u011bmecku, kter\u00e1 se zab\u00fdv\u00e1 glob\u00e1ln\u00edmi environment\u00e1ln\u00edmi probl\u00e9my.<\/p>\n\n\n\n<p>Kdy\u017e za\u010dal studovat univerzitu, zval sv\u00e9 kamar\u00e1dy, aby spolu s&nbsp;n\u00edm\nshl\u00e9dli filmy o \u017eivotn\u00edm prost\u0159ed\u00ed a cel\u00fd sv\u016fj \u017eivot zam\u011b\u0159il na spr\u00e1vn\u00e9\npotraviny, cestov\u00e1n\u00ed, \u010dist\u00edc\u00ed prost\u0159edky a hygienu, kter\u00e1 je \u0161etrn\u00e1\nk&nbsp;\u017eivotn\u00edmu prost\u0159ed\u00ed. Dokonce kdy\u017e zjistil, \u017ee v&nbsp;pokoj\u00edch jeho spolu\nstudent\u016f zbyte\u010dn\u011b sv\u00edt\u00ed sv\u011btlo, k&nbsp;jejich nelibosti je zhasnul.<\/p>\n\n\n\n<p>Stal se vlastn\u011b jak\u00fdmsi mision\u00e1\u0159em, ale bez Krista.&nbsp; Jeho n\u00e1bo\u017eenstv\u00edm se stala p\u00e9\u010de o \u017eivotn\u00ed\nprost\u0159ed\u00ed.<\/p>\n\n\n\n<p>Jako student mezin\u00e1rodn\u00edho obchodu z\u00edskal m\u00edsto v&nbsp;jedn\u00e9 bance\nv&nbsp;Oslu, hlavn\u00edm m\u011bst\u011b Norska, kter\u00e1 se v\u011bnovala oblasti\nenvironmentalistiky. Zde v&nbsp;Oslu v\u0161ak m\u011bl pot\u00ed\u017ee naj\u00edt n\u011bjak\u00fd podn\u00e1jem, a\ntak si vzpomn\u011bl na rodinu, s&nbsp;n\u00ed\u017e p\u0159ed dv\u011bma l\u00e9ty pro\u017eil pr\u00e1zdniny na jedn\u00e9\nnorsk\u00e9 farm\u011b. Tato rodina mu pomohla sehnat ubytov\u00e1n\u00ed v&nbsp;Oslu.<\/p>\n\n\n\n<p>Kdy\u017e se tam p\u0159ist\u011bhoval, zanedlouho zjistil, \u017ee je obklopen adventisty\nsedm\u00e9ho dne. I jeho spolubydl\u00edc\u00ed byl adventista. Ubytovna, kde se pronaj\u00edmaly\npokoje, toti\u017e pat\u0159ila jednomu sboru adventist\u016f. Jan, kter\u00fd poch\u00e1z\u00ed\nz&nbsp;b\u00fdval\u00e9 NDR, byl zap\u0159is\u00e1hl\u00fd ateista. V\u00edce ne\u017e 60% obyvatel t\u00e9to v\u00fdchodn\u00ed\n\u010d\u00e1sti N\u011bmecka jsou nev\u011b\u0159\u00edc\u00ed.<\/p>\n\n\n\n<p>T\u0159eba\u017ee Jan byl vd\u011b\u010dn\u00fd za podn\u00e1jem, pomyslel si: \u201eNyn\u00ed se budou pokou\u0161et m\u011b\nobr\u00e1tit na v\u00edru, ale to se jim nepoda\u0159\u00ed. J\u00e1 v\u00edm, o \u010dem jsem p\u0159esv\u011bd\u010den\u201c.<\/p>\n\n\n\n<p>Po dobu t\u0159\u00ed m\u011bs\u00edc\u016f se nic ned\u011blo. Jan m\u011bl r\u00e1d sv\u00e9 spolubydl\u00edc\u00ed, kte\u0159\u00ed se\nk&nbsp;n\u011bmu chovali laskav\u011b a sv\u00fdm nezi\u0161tn\u00fdm z\u00e1jmem o n\u011bho z\u00edskali jeho d\u016fv\u011bru.<\/p>\n\n\n\n<p>Jednoho dne byl pozv\u00e1n na v\u00fdletn\u00ed plavbu lod\u00ed okolo ji\u017en\u00edho Norska spolu\ns&nbsp;asi pades\u00e1ti adventisty. Jan byl pot\u011b\u0161en jejich z\u00e1jmem o \u017eivotn\u00ed prost\u0159ed\u00ed\na jeho ochranu. Po t\u00e9 jej Joakim, vedouc\u00ed ml\u00e1de\u017ee, pozval ke studiu Bible. Jan\nnem\u011bl o to z\u00e1jem, ale necht\u011bl ho odb\u00fdt, a tak si p\u0159ipravil v\u00fdmluvu: \u201eDnes nem\u00e1m\n\u010das. Ale mo\u017en\u00e1 z\u00edtra\u201c. Dal\u0161\u00ed den, kdy\u017e byl op\u011bt p\u0159izv\u00e1n ke studiu, odv\u011btil:\n\u201eNemohu s&nbsp;v\u00e1mi studovat, proto\u017ee nem\u00e1m Bibli\u201c. Pozd\u011bji pochopil, jak\nnerozumn\u00e1 je jeho v\u00fdmluva, kdy\u017e lid\u00e9 okolo n\u011bj m\u011bli Bibli. Zanedlouho u\u017e ji m\u011bl\ni Jan.<\/p>\n\n\n\n<p>V\u011b\u0159it Bibli znamen\u00e1 nejprve uv\u011b\u0159it, \u017ee je to Bo\u017e\u00ed slovo. Jan nev\u011b\u0159il\nv&nbsp;Boha. Joakim otev\u0159el Bibli v&nbsp;knize Daniel 2. kapitolu. Kdy\u017e Jan\nusly\u0161el proroctv\u00ed o vzestupu a p\u00e1du kr\u00e1lovstv\u00ed Babylona, Persie, \u0158ecka a \u0158\u00edma,\nbyl \u0161okov\u00e1n. A pak je\u0161t\u011b vid\u011bl, jak se rozpadala Evropa a\u017e do sou\u010dasn\u00e9 podoby,\nco\u017e zn\u00e1zor\u0148ovaly nohy sochy ze \u017eeleza a hl\u00edny.<\/p>\n\n\n\n<p>Do\u0161el k&nbsp;p\u0159esv\u011bd\u010den\u00ed, \u017ee Bible obsahuje nadp\u0159irozen\u00e9 informace. P\u0159i\ndal\u0161\u00edm studiu na\u0161el v&nbsp;n\u00ed odpov\u011bdi na ot\u00e1zky, pro\u010d je zde na zemi zlo, pro\u010d\nB\u016fh nezni\u010dil satana, jak Bible p\u0159edstavuje stvo\u0159en\u00ed, p\u0159esto\u017ee lid\u00e9 v\u011b\u0159\u00ed\nv&nbsp;evoluci. A\u017e Jan dosp\u011bl ve sv\u00e9m srdci k&nbsp;rozhodnut\u00ed odevzdat sv\u016fj\n\u017eivot Bohu.<\/p>\n\n\n\n<p>\u201eNikdy jsem se necht\u011bl st\u00e1t k\u0159es\u0165anem, ale v\u00e1ha d\u016fkaz\u016f byla p\u0159\u00edli\u0161\np\u0159esv\u011bd\u010duj\u00edc\u00ed\u201c, dosv\u011bd\u010dil. \u201eB\u016fh mus\u00ed existovat. A pokud je zde B\u016fh, pak nen\u00ed\n\u017e\u00e1dn\u00fd jin\u00fd logick\u00fd d\u016fsledek, ne\u017e jej n\u00e1sledovat. Kdo by se cht\u011bl st\u00e1t sou\u010d\u00e1sti\nt\u00fdmu, jeho\u017e boj by byl p\u0159edem prohran\u00fd? To by bylo nerozumn\u00e9. J\u00e1 chci b\u00fdt\n\u010dlenem v\u00edt\u011bzn\u00e9ho t\u00fdmu\u201c.<\/p>\n\n\n\n<p>&nbsp;Jan dnes studuje v&nbsp;Rakousku na adventistick\u00e9m biblick\u00e9m semin\u00e1\u0159i v&nbsp;Bogenhofen. Po dokon\u010den\u00ed studia douf\u00e1, \u017ee bude moci sd\u00edlet svou v\u00edru v&nbsp;m\u00edstech, odkud poch\u00e1z\u00ed \u2013 ve v\u00fdchodn\u00edm N\u011bmecku \u2013 kde p\u0159ed l\u00e9ty p\u016fsobil jako environment\u00e1ln\u00ed aktivista. \u201eSv\u00e9 p\u016fsoben\u00ed chci zam\u011b\u0159it mezi lidmi zapojen\u00fdch do hnut\u00ed zelen\u00fdch, kte\u0159\u00ed cht\u011bj\u00ed zachr\u00e1nit sv\u011bt ve sv\u00e9 s\u00edle. Kdy\u017e by v\u0161ak dosadili do sv\u00e9ho ideov\u00e9ho r\u00e1mce obraz Je\u017e\u00ed\u0161e, pak by se jejich \u00fasil\u00ed mohlo ub\u00edrat spr\u00e1vn\u00fdm sm\u011brem. Oni jsou mision\u00e1\u0159i, ale bez Je\u017e\u00ed\u0161e; jejich \u010dinnost tak nebude p\u0159\u00ednosn\u00e1 pro v\u011b\u010dn\u00fd \u017eivot.\u201c     <\/p>\n\n\n\n<div class=\"wp-block-file\"><a href=\"https:\/\/karlovyvary.casd.cz\/wp-content\/uploads\/B\u016fh-tou\u017e\u00ed-po-sv\u00e9-c\u00edrkvi.pptx\">B\u016fh-tou\u017e\u00ed-po-sv\u00e9-c\u00edrkvi<\/a><a href=\"https:\/\/karlovyvary.casd.cz\/wp-content\/uploads\/B\u016fh-tou\u017e\u00ed-po-sv\u00e9-c\u00edrkvi.pptx\" class=\"wp-block-file__button\" download>St\u00e1hnout<\/a><\/div>\n\n\n\n<div class=\"wp-block-file\"><a href=\"https:\/\/karlovyvary.casd.cz\/wp-content\/uploads\/DEN-NAD\u011aJE-1.pdf\">DEN-NAD\u011aJE-1<\/a><a href=\"https:\/\/karlovyvary.casd.cz\/wp-content\/uploads\/DEN-NAD\u011aJE-1.pdf\" class=\"wp-block-file__button\" download>St\u00e1hnout<\/a><\/div>\n\n\n\n<p> V\u011b\u0159\u00edm, \u017ee se Bo\u017e\u00ed slovo m\u016f\u017ee st\u00e1t povzbuzen\u00edm touto cestou, za co\u017e se spolu s man\u017eelkou modl\u00edme. <\/p>\n\n\n\n<p>S p\u0159\u00e1n\u00edm Bo\u017e\u00ed ochrany,                                                                                           Enoch Mart\u00ednek<\/p>\n\n\n\n<p class=\"has-text-align-center\"> Pozn.: k\u00e1z\u00e1n\u00ed i s&nbsp;misijn\u00edm p\u0159\u00edb\u011bhem a prezentac\u00ed p\u0159ipravil Enoch Mart\u00ednek    &nbsp;&nbsp;&nbsp;&nbsp;&nbsp;&nbsp;&nbsp;&nbsp;&nbsp;&nbsp;&nbsp; &nbsp;<strong>P\u0159epos\u00edlejte dal\u0161\u00edm lidem!<\/strong> <\/p>\n\n\n\n<p><\/p>\n","protected":false},"excerpt":{"rendered":"<p>Vzhledem k mimo\u0159\u00e1dn\u00fdm okolnostem v\u00e1m nab\u00edz\u00edme text k\u00e1z\u00e1n\u00ed pro tuto sobotu. \u201eTeprve a\u017e p\u0159ijde Duch svat\u00fd, odkryje v\u00e1m plnou pravdu\u201c Jan 16, 13 (SNC) Nikdy mi nezev\u0161edn\u00ed p\u0159\u00edb\u011bh, kter\u00fd se [&hellip;]<\/p>\n","protected":false},"author":58,"featured_media":5594,"comment_status":"open","ping_status":"open","sticky":false,"template":"","format":"standard","meta":{"_mi_skip_tracking":false,"_monsterinsights_sitenote_active":false,"_monsterinsights_sitenote_note":"","_monsterinsights_sitenote_category":0,"ngg_post_thumbnail":0,"footnotes":""},"categories":[1],"tags":[],"class_list":["post-9079","post","type-post","status-publish","format-standard","has-post-thumbnail","hentry","category-kazani-2"],"_links":{"self":[{"href":"https:\/\/karlovyvary.casd.cz\/index.php?rest_route=\/wp\/v2\/posts\/9079","targetHints":{"allow":["GET"]}}],"collection":[{"href":"https:\/\/karlovyvary.casd.cz\/index.php?rest_route=\/wp\/v2\/posts"}],"about":[{"href":"https:\/\/karlovyvary.casd.cz\/index.php?rest_route=\/wp\/v2\/types\/post"}],"author":[{"embeddable":true,"href":"https:\/\/karlovyvary.casd.cz\/index.php?rest_route=\/wp\/v2\/users\/58"}],"replies":[{"embeddable":true,"href":"https:\/\/karlovyvary.casd.cz\/index.php?rest_route=%2Fwp%2Fv2%2Fcomments&post=9079"}],"version-history":[{"count":2,"href":"https:\/\/karlovyvary.casd.cz\/index.php?rest_route=\/wp\/v2\/posts\/9079\/revisions"}],"predecessor-version":[{"id":9083,"href":"https:\/\/karlovyvary.casd.cz\/index.php?rest_route=\/wp\/v2\/posts\/9079\/revisions\/9083"}],"wp:featuredmedia":[{"embeddable":true,"href":"https:\/\/karlovyvary.casd.cz\/index.php?rest_route=\/wp\/v2\/media\/5594"}],"wp:attachment":[{"href":"https:\/\/karlovyvary.casd.cz\/index.php?rest_route=%2Fwp%2Fv2%2Fmedia&parent=9079"}],"wp:term":[{"taxonomy":"category","embeddable":true,"href":"https:\/\/karlovyvary.casd.cz\/index.php?rest_route=%2Fwp%2Fv2%2Fcategories&post=9079"},{"taxonomy":"post_tag","embeddable":true,"href":"https:\/\/karlovyvary.casd.cz\/index.php?rest_route=%2Fwp%2Fv2%2Ftags&post=9079"}],"curies":[{"name":"wp","href":"https:\/\/api.w.org\/{rel}","templated":true}]}}