{"id":9049,"date":"2020-03-12T18:21:23","date_gmt":"2020-03-12T17:21:23","guid":{"rendered":"http:\/\/karlovyvary.casd.cz\/?p=9049"},"modified":"2020-05-14T22:55:33","modified_gmt":"2020-05-14T20:55:33","slug":"zruseni-bohosluzeb","status":"publish","type":"post","link":"https:\/\/karlovyvary.casd.cz\/?p=9049","title":{"rendered":"Zru\u0161en\u00ed bohoslu\u017eeb"},"content":{"rendered":"\n<p>Ozn\u00e1men\u00ed o zru\u0161en\u00ed bohoslu\u017eeb.<\/p>\n\n\n\n<p>V\u00fdbor sboru C\u00edrkve adventist\u016f sedm\u00e9ho dne Karlovy Vary na sv\u00e9m mimo\u0159\u00e1dn\u00e9m jedn\u00e1n\u00ed dne 11.3. 2020 rozhodl o <strong>zru\u0161en\u00ed kon\u00e1n\u00ed sobotn\u00edch bohoslu\u017eeb b\u011bhem m\u011bs\u00edce b\u0159ezna 2020<\/strong>. Jde tedy o soboty (14., 21., 28. b\u0159ezna). D\u016fvodem tohoto rozhodnut\u00ed je snaha p\u0159isp\u011bt k preventivn\u00edm opat\u0159en\u00edm v souvislosti s \u0161\u00ed\u0159en\u00edm nemoci COVID 19. P\u0159esto\u017ee se na bohoslu\u017eb\u00e1ch na\u0161eho sboru sch\u00e1z\u00ed m\u00e9n\u011b ne\u017e 100 \u00fa\u010dastn\u00edk\u016f, vn\u00edm\u00e1me, \u017ee ka\u017ed\u00e9 v\u011bt\u0161\u00ed shrom\u00e1\u017ed\u011bn\u00ed lid\u00ed nese ur\u010ditou m\u00edru rizika. Na\u0161e rozhodnut\u00ed se n\u00e1m jev\u00ed za sou\u010dasn\u00e9 situace jako zodpov\u011bdn\u00e9 v\u016f\u010di spole\u010dnosti i n\u00e1v\u0161t\u011bvn\u00edk\u016fm bohoslu\u017eeb a v z\u00e1krytu s duchem na\u0159\u00edzen\u00ed vl\u00e1dy ze dne 10.3. 2020.<\/p>\n\n\n\n<p><strong>O dal\u0161\u00edch rozhodnut\u00edch budeme pr\u016fb\u011b\u017en\u011b informovat.<\/strong><\/p>\n\n\n\n<p>Za v\u00fdbor sboru kazatel MgA. Martin Lindtner B.A.<\/p>\n","protected":false},"excerpt":{"rendered":"<p>Ozn\u00e1men\u00ed o zru\u0161en\u00ed bohoslu\u017eeb. V\u00fdbor sboru C\u00edrkve adventist\u016f sedm\u00e9ho dne Karlovy Vary na sv\u00e9m mimo\u0159\u00e1dn\u00e9m jedn\u00e1n\u00ed dne 11.3. 2020 rozhodl o zru\u0161en\u00ed kon\u00e1n\u00ed sobotn\u00edch bohoslu\u017eeb b\u011bhem m\u011bs\u00edce b\u0159ezna 2020. Jde [&hellip;]<\/p>\n","protected":false},"author":58,"featured_media":0,"comment_status":"open","ping_status":"open","sticky":false,"template":"","format":"standard","meta":{"_mi_skip_tracking":false,"_monsterinsights_sitenote_active":false,"_monsterinsights_sitenote_note":"","_monsterinsights_sitenote_category":0,"ngg_post_thumbnail":0,"footnotes":""},"categories":[18],"tags":[],"class_list":["post-9049","post","type-post","status-publish","format-standard","hentry","category-aktuality"],"_links":{"self":[{"href":"https:\/\/karlovyvary.casd.cz\/index.php?rest_route=\/wp\/v2\/posts\/9049","targetHints":{"allow":["GET"]}}],"collection":[{"href":"https:\/\/karlovyvary.casd.cz\/index.php?rest_route=\/wp\/v2\/posts"}],"about":[{"href":"https:\/\/karlovyvary.casd.cz\/index.php?rest_route=\/wp\/v2\/types\/post"}],"author":[{"embeddable":true,"href":"https:\/\/karlovyvary.casd.cz\/index.php?rest_route=\/wp\/v2\/users\/58"}],"replies":[{"embeddable":true,"href":"https:\/\/karlovyvary.casd.cz\/index.php?rest_route=%2Fwp%2Fv2%2Fcomments&post=9049"}],"version-history":[{"count":1,"href":"https:\/\/karlovyvary.casd.cz\/index.php?rest_route=\/wp\/v2\/posts\/9049\/revisions"}],"predecessor-version":[{"id":9050,"href":"https:\/\/karlovyvary.casd.cz\/index.php?rest_route=\/wp\/v2\/posts\/9049\/revisions\/9050"}],"wp:attachment":[{"href":"https:\/\/karlovyvary.casd.cz\/index.php?rest_route=%2Fwp%2Fv2%2Fmedia&parent=9049"}],"wp:term":[{"taxonomy":"category","embeddable":true,"href":"https:\/\/karlovyvary.casd.cz\/index.php?rest_route=%2Fwp%2Fv2%2Fcategories&post=9049"},{"taxonomy":"post_tag","embeddable":true,"href":"https:\/\/karlovyvary.casd.cz\/index.php?rest_route=%2Fwp%2Fv2%2Ftags&post=9049"}],"curies":[{"name":"wp","href":"https:\/\/api.w.org\/{rel}","templated":true}]}}