{"id":9045,"date":"2020-03-09T00:28:36","date_gmt":"2020-03-08T23:28:36","guid":{"rendered":"http:\/\/karlovyvary.casd.cz\/?p=9045"},"modified":"2021-11-25T10:16:13","modified_gmt":"2021-11-25T09:16:13","slug":"konference-zen","status":"publish","type":"post","link":"https:\/\/karlovyvary.casd.cz\/?p=9045","title":{"rendered":"Konference \u017een"},"content":{"rendered":"\n<figure class=\"wp-block-image size-large\"><img loading=\"lazy\" decoding=\"async\" width=\"700\" height=\"495\" src=\"https:\/\/karlovyvary.casd.cz\/wp-content\/uploads\/plakat_konference_zen-1-1024x724-1-700x495.jpg\" alt=\"\" class=\"wp-image-9046\" srcset=\"https:\/\/karlovyvary.casd.cz\/wp-content\/uploads\/plakat_konference_zen-1-1024x724-1-700x495.jpg 700w, https:\/\/karlovyvary.casd.cz\/wp-content\/uploads\/plakat_konference_zen-1-1024x724-1-300x212.jpg 300w, https:\/\/karlovyvary.casd.cz\/wp-content\/uploads\/plakat_konference_zen-1-1024x724-1-768x543.jpg 768w, https:\/\/karlovyvary.casd.cz\/wp-content\/uploads\/plakat_konference_zen-1-1024x724-1.jpg 1024w\" sizes=\"auto, (max-width: 700px) 100vw, 700px\" \/><\/figure>\n\n\n\n\n\n<p>Zveme v\u00e1s na 4. konferenci \u017een \u010cesk\u00e9ho sdru\u017een\u00ed, jej\u00edm\u017e t\u00e9matem jsou tentokr\u00e1t \u201eSny a c\u00edle\u201c. Setk\u00e1n\u00ed prob\u011bhne o v\u00edkendu 17. \u2013 19. dubna 2020 v hotelu Luna v Koutech u Led\u010de nad S\u00e1zavou. Na\u0161e pozv\u00e1n\u00ed p\u0159ijala Mgr. R\u00e1chel B\u00edcov\u00e1 \u2013 pedago\u017eka, kazatelka a spolumajitelka k\u0159es\u0165ansk\u00e9ho nakladatelstv\u00ed Samuel. Krom\u011b n\u00ed se m\u016f\u017eete, tak jako poka\u017ed\u00e9, t\u011b\u0161it i na dal\u0161\u00ed duchovn\u00ed zastaven\u00ed, spole\u010dn\u00e9 chv\u00e1ly, nov\u00e9 zaj\u00edmav\u00e9 workshopy a mnoho dal\u0161\u00edho.<\/p>\n\n\n\n<!--more-->\n\n\n\n<p>Setk\u00e1me se o v\u00edkendu 17. \u2013 19. dubna 2020 v&nbsp;hotelu Luna (<a href=\"http:\/\/www.hotelluna.cz\/\">www.hotelluna.cz<\/a>) v&nbsp;Koutech u Led\u010de nad S\u00e1zavou. P\u00e1tek zah\u00e1j\u00edme ve\u010de\u0159\u00ed a spole\u010dn\u00fdm programem, kter\u00fd bude pokra\u010dovat a\u017e do ned\u011bln\u00edho ob\u011bda, kdy se rozlou\u010d\u00edme. Vzhledem k&nbsp;um\u00edst\u011bn\u00ed a vybaven\u00ed hotelu a p\u0159ipravovan\u00e9mu programu doporu\u010dujeme s&nbsp;sebou sbalit pohodln\u00e9 oble\u010den\u00ed ven i&nbsp;na cvi\u010den\u00ed uvnit\u0159 a p\u0159\u00edpadn\u011b tak\u00e9 plavky.<\/p>\n\n\n\n<p>Cena v\u00edkendov\u00e9ho pobytu (ubytov\u00e1n\u00ed na dv\u011b noci, pln\u00e1 penze p\u00e1te\u010dn\u00ed ve\u010de\u0159e do ned\u011bln\u00edho ob\u011bda, program, workshopy) je 2.200,- K\u010d za osobu. P\u0159ihla\u0161ov\u00e1n\u00ed na akci bude zah\u00e1jeno 1. b\u0159ezna 2020 p\u0159es Google formul\u00e1\u0159:&nbsp;<a href=\"https:\/\/forms.gle\/k2biptWisHtjdDDd6\">ZDE<\/a>. Pros\u00edm, m\u011bj na pam\u011bti, \u017ee na p\u0159ihl\u00e1\u0161ky p\u0159ed t\u00edmto datem, nebo p\u0159ihl\u00e1\u0161ky jinou formou nebude br\u00e1n z\u0159etel. P\u0159\u00edpadn\u00e9 dotazy Ti r\u00e1dy zodpov\u00edme p\u0159es email&nbsp;<a href=\"mailto:zeny@ceskesdruzeni.cz\">zeny@ceskesdruzeni.cz<\/a>.<\/p>\n\n\n\n<p>Velice se na Tebe t\u011b\u0161\u00edme a v\u011b\u0159\u00edme, \u017ee toto setk\u00e1n\u00ed bude pro n\u00e1s v\u0161echny po\u017eehnan\u00fdm \u010dasem str\u00e1ven\u00fdm v&nbsp;Bo\u017e\u00ed bl\u00edzkosti a v&nbsp;p\u0159\u00e1telsk\u00e9m kruhu sv\u00fdch sester a kamar\u00e1dek.<\/p>\n\n\n\n<p><em>Organiza\u010dn\u00ed t\u00fdm 4. konference \u017een \u010cesk\u00e9ho sdru\u017een\u00ed<\/em><\/p>\n","protected":false},"excerpt":{"rendered":"<p>Zveme v\u00e1s na 4. konferenci \u017een \u010cesk\u00e9ho sdru\u017een\u00ed, jej\u00edm\u017e t\u00e9matem jsou tentokr\u00e1t \u201eSny a c\u00edle\u201c. Setk\u00e1n\u00ed prob\u011bhne o v\u00edkendu 17. \u2013 19. dubna 2020 v hotelu Luna v Koutech u [&hellip;]<\/p>\n","protected":false},"author":58,"featured_media":0,"comment_status":"open","ping_status":"open","sticky":false,"template":"","format":"standard","meta":{"_mi_skip_tracking":false,"_monsterinsights_sitenote_active":false,"_monsterinsights_sitenote_note":"","_monsterinsights_sitenote_category":0,"ngg_post_thumbnail":0,"footnotes":""},"categories":[16],"tags":[],"class_list":["post-9045","post","type-post","status-publish","format-standard","hentry","category-pozvanky"],"_links":{"self":[{"href":"https:\/\/karlovyvary.casd.cz\/index.php?rest_route=\/wp\/v2\/posts\/9045","targetHints":{"allow":["GET"]}}],"collection":[{"href":"https:\/\/karlovyvary.casd.cz\/index.php?rest_route=\/wp\/v2\/posts"}],"about":[{"href":"https:\/\/karlovyvary.casd.cz\/index.php?rest_route=\/wp\/v2\/types\/post"}],"author":[{"embeddable":true,"href":"https:\/\/karlovyvary.casd.cz\/index.php?rest_route=\/wp\/v2\/users\/58"}],"replies":[{"embeddable":true,"href":"https:\/\/karlovyvary.casd.cz\/index.php?rest_route=%2Fwp%2Fv2%2Fcomments&post=9045"}],"version-history":[{"count":3,"href":"https:\/\/karlovyvary.casd.cz\/index.php?rest_route=\/wp\/v2\/posts\/9045\/revisions"}],"predecessor-version":[{"id":10017,"href":"https:\/\/karlovyvary.casd.cz\/index.php?rest_route=\/wp\/v2\/posts\/9045\/revisions\/10017"}],"wp:attachment":[{"href":"https:\/\/karlovyvary.casd.cz\/index.php?rest_route=%2Fwp%2Fv2%2Fmedia&parent=9045"}],"wp:term":[{"taxonomy":"category","embeddable":true,"href":"https:\/\/karlovyvary.casd.cz\/index.php?rest_route=%2Fwp%2Fv2%2Fcategories&post=9045"},{"taxonomy":"post_tag","embeddable":true,"href":"https:\/\/karlovyvary.casd.cz\/index.php?rest_route=%2Fwp%2Fv2%2Ftags&post=9045"}],"curies":[{"name":"wp","href":"https:\/\/api.w.org\/{rel}","templated":true}]}}