{"id":9028,"date":"2020-03-02T23:24:50","date_gmt":"2020-03-02T22:24:50","guid":{"rendered":"http:\/\/karlovyvary.casd.cz\/?p=9028"},"modified":"2020-03-02T23:24:51","modified_gmt":"2020-03-02T22:24:51","slug":"bible-pro-dnesek-od-pokani-k-utese","status":"publish","type":"post","link":"https:\/\/karlovyvary.casd.cz\/?p=9028","title":{"rendered":"Bible pro dne\u0161ek: Od pok\u00e1n\u00ed k \u00fat\u011b\u0161e"},"content":{"rendered":"\n<p> <strong>V sobotu 7. b\u0159ezna 2020\u00a0od\u00a09.30 hodin\u00a0V\u00e1s zveme ke spole\u010dn\u00e9 diskuzi k uveden\u00e9mu t\u00e9matu.<\/strong><br \/>Pomocn\u00e9 texty ke sta\u017een\u00ed naleznete\u00a0<a href=\"http:\/\/sobotniskola.casd.cz\/lekce-pdf\/\">zde<\/a>  <\/p>\n\n\n\n<figure class=\"wp-block-embed-youtube wp-block-embed is-type-video is-provider-youtube wp-embed-aspect-16-9 wp-has-aspect-ratio\"><div class=\"wp-block-embed__wrapper\">\n<iframe loading=\"lazy\" title=\"Bible pro dne\u0161ek \/ Od pok\u00e1n\u00ed k \u00fat\u011b\u0161e \/ 2020 1Q 10\" width=\"500\" height=\"281\" src=\"https:\/\/www.youtube.com\/embed\/nuUULyF1GlU?feature=oembed\" frameborder=\"0\" allow=\"accelerometer; autoplay; clipboard-write; encrypted-media; gyroscope; picture-in-picture; web-share\" referrerpolicy=\"strict-origin-when-cross-origin\" allowfullscreen><\/iframe>\n<\/div><\/figure>\n\n\n\n<p> Ovliv\u0148uje n\u00e1s vn\u011bj\u0161\u00ed postoj p\u0159i modlitb\u011b? Pro\u010d se Daniel po\u010d\u00edt\u00e1 mezi ty, kte\u0159\u00ed se Bohu zpronev\u011b\u0159ili kdy\u017e v\u00edme, \u017ee oni nic zl\u00e9ho neud\u011blal? Existuj\u00ed i dnes \u017eiv\u00ed proroci? A jak rozum\u011bt \u010dasov\u00e9mu \u00fadaji o sedmdes\u00e1ti t\u00fddnech? Rozhovor na t\u00e9ma des\u00e1t\u00e9ho \u00fakolu \u201eOd pok\u00e1n\u00ed k \u00fat\u011b\u0161e&#8220;, vedli redaktor Hope TV Jind\u0159ich \u010cernohorsk\u00fd a teolog Peter \u010c\u00edk. <\/p>\n","protected":false},"excerpt":{"rendered":"<p>V sobotu 7. b\u0159ezna 2020\u00a0od\u00a09.30 hodin\u00a0V\u00e1s zveme ke spole\u010dn\u00e9 diskuzi k uveden\u00e9mu t\u00e9matu.Pomocn\u00e9 texty ke sta\u017een\u00ed naleznete\u00a0zde Ovliv\u0148uje n\u00e1s vn\u011bj\u0161\u00ed postoj p\u0159i modlitb\u011b? Pro\u010d se Daniel po\u010d\u00edt\u00e1 mezi ty, kte\u0159\u00ed [&hellip;]<\/p>\n","protected":false},"author":58,"featured_media":0,"comment_status":"open","ping_status":"open","sticky":false,"template":"","format":"standard","meta":{"_mi_skip_tracking":false,"_monsterinsights_sitenote_active":false,"_monsterinsights_sitenote_note":"","_monsterinsights_sitenote_category":0,"ngg_post_thumbnail":0,"footnotes":""},"categories":[1],"tags":[],"class_list":["post-9028","post","type-post","status-publish","format-standard","hentry","category-kazani-2"],"_links":{"self":[{"href":"https:\/\/karlovyvary.casd.cz\/index.php?rest_route=\/wp\/v2\/posts\/9028","targetHints":{"allow":["GET"]}}],"collection":[{"href":"https:\/\/karlovyvary.casd.cz\/index.php?rest_route=\/wp\/v2\/posts"}],"about":[{"href":"https:\/\/karlovyvary.casd.cz\/index.php?rest_route=\/wp\/v2\/types\/post"}],"author":[{"embeddable":true,"href":"https:\/\/karlovyvary.casd.cz\/index.php?rest_route=\/wp\/v2\/users\/58"}],"replies":[{"embeddable":true,"href":"https:\/\/karlovyvary.casd.cz\/index.php?rest_route=%2Fwp%2Fv2%2Fcomments&post=9028"}],"version-history":[{"count":1,"href":"https:\/\/karlovyvary.casd.cz\/index.php?rest_route=\/wp\/v2\/posts\/9028\/revisions"}],"predecessor-version":[{"id":9029,"href":"https:\/\/karlovyvary.casd.cz\/index.php?rest_route=\/wp\/v2\/posts\/9028\/revisions\/9029"}],"wp:attachment":[{"href":"https:\/\/karlovyvary.casd.cz\/index.php?rest_route=%2Fwp%2Fv2%2Fmedia&parent=9028"}],"wp:term":[{"taxonomy":"category","embeddable":true,"href":"https:\/\/karlovyvary.casd.cz\/index.php?rest_route=%2Fwp%2Fv2%2Fcategories&post=9028"},{"taxonomy":"post_tag","embeddable":true,"href":"https:\/\/karlovyvary.casd.cz\/index.php?rest_route=%2Fwp%2Fv2%2Ftags&post=9028"}],"curies":[{"name":"wp","href":"https:\/\/api.w.org\/{rel}","templated":true}]}}