{"id":8927,"date":"2020-01-19T22:39:25","date_gmt":"2020-01-19T21:39:25","guid":{"rendered":"http:\/\/karlovyvary.casd.cz\/?p=8927"},"modified":"2021-11-25T10:16:13","modified_gmt":"2021-11-25T09:16:13","slug":"heritage-singers-opet-v-cr","status":"publish","type":"post","link":"https:\/\/karlovyvary.casd.cz\/?p=8927","title":{"rendered":"Heritage singers op\u011bt v \u010cR"},"content":{"rendered":"\n<p>Americk\u00e1 k\u0159es\u0165ansk\u00e1 skupina Heritage Singers op\u011bt p\u0159ij\u00ed\u017ed\u00ed do \u010cesk\u00e9 republiky.<\/p>\n\n\n\n<div class=\"wp-block-image\"><figure class=\"alignright size-large is-resized\"><img loading=\"lazy\" decoding=\"async\" src=\"https:\/\/karlovyvary.casd.cz\/wp-content\/uploads\/AAA-1.png\" alt=\"\" class=\"wp-image-8929\" width=\"140\" height=\"139\" srcset=\"https:\/\/karlovyvary.casd.cz\/wp-content\/uploads\/AAA-1.png 120w, https:\/\/karlovyvary.casd.cz\/wp-content\/uploads\/AAA-1-64x64.png 64w\" sizes=\"auto, (max-width: 140px) 100vw, 140px\" \/><\/figure><\/div>\n\n\n\n<p>V z\u00e1\u0159\u00ed 2020 se budou konat t\u0159i koncerty na t\u011bchto m\u00edstech:<\/p>\n\n\n\n<p><strong>&nbsp; 9. 9. Hradec Kr\u00e1lov\u00e9<\/strong><\/p>\n\n\n\n<p><strong>10. 9. Praha<\/strong><\/p>\n\n\n\n<p><strong>12. 9. Ostrava<\/strong><\/p>\n\n\n\n<p>V r\u00e1mci chystan\u00e9ho koncertn\u00edho turn\u00e9 skupiny pro rok 2020 vystoup\u00ed s Heritage Singers tak\u00e9 zakladatel&nbsp;<strong>Max Mace<\/strong>. V tomto slo\u017een\u00ed se jedn\u00e1 o posledn\u00ed koncertn\u00ed turn\u00e9 na evropsk\u00e9m kontinentu, a tedy o naprosto v\u00fdjime\u010dnou p\u0159\u00edle\u017eitost pro jejich fanou\u0161ky.<\/p>\n\n\n\n<p>V\u00edce informac\u00ed bude postupn\u011b p\u0159ib\u00fdvat na&nbsp;<a rel=\"noreferrer noopener\" href=\"http:\/\/www.heritagesingers.cz\/\" target=\"_blank\">www.heritagesingers.cz<\/a>.&nbsp;<\/p>\n\n\n","protected":false},"excerpt":{"rendered":"<p>Americk\u00e1 k\u0159es\u0165ansk\u00e1 skupina Heritage Singers op\u011bt p\u0159ij\u00ed\u017ed\u00ed do \u010cesk\u00e9 republiky. V z\u00e1\u0159\u00ed 2020 se budou konat t\u0159i koncerty na t\u011bchto m\u00edstech: &nbsp; 9. 9. Hradec Kr\u00e1lov\u00e9 10. 9. Praha 12. [&hellip;]<\/p>\n","protected":false},"author":58,"featured_media":0,"comment_status":"open","ping_status":"open","sticky":false,"template":"","format":"standard","meta":{"_mi_skip_tracking":false,"_monsterinsights_sitenote_active":false,"_monsterinsights_sitenote_note":"","_monsterinsights_sitenote_category":0,"ngg_post_thumbnail":0,"footnotes":""},"categories":[16],"tags":[],"class_list":["post-8927","post","type-post","status-publish","format-standard","hentry","category-pozvanky"],"_links":{"self":[{"href":"https:\/\/karlovyvary.casd.cz\/index.php?rest_route=\/wp\/v2\/posts\/8927","targetHints":{"allow":["GET"]}}],"collection":[{"href":"https:\/\/karlovyvary.casd.cz\/index.php?rest_route=\/wp\/v2\/posts"}],"about":[{"href":"https:\/\/karlovyvary.casd.cz\/index.php?rest_route=\/wp\/v2\/types\/post"}],"author":[{"embeddable":true,"href":"https:\/\/karlovyvary.casd.cz\/index.php?rest_route=\/wp\/v2\/users\/58"}],"replies":[{"embeddable":true,"href":"https:\/\/karlovyvary.casd.cz\/index.php?rest_route=%2Fwp%2Fv2%2Fcomments&post=8927"}],"version-history":[{"count":2,"href":"https:\/\/karlovyvary.casd.cz\/index.php?rest_route=\/wp\/v2\/posts\/8927\/revisions"}],"predecessor-version":[{"id":10016,"href":"https:\/\/karlovyvary.casd.cz\/index.php?rest_route=\/wp\/v2\/posts\/8927\/revisions\/10016"}],"wp:attachment":[{"href":"https:\/\/karlovyvary.casd.cz\/index.php?rest_route=%2Fwp%2Fv2%2Fmedia&parent=8927"}],"wp:term":[{"taxonomy":"category","embeddable":true,"href":"https:\/\/karlovyvary.casd.cz\/index.php?rest_route=%2Fwp%2Fv2%2Fcategories&post=8927"},{"taxonomy":"post_tag","embeddable":true,"href":"https:\/\/karlovyvary.casd.cz\/index.php?rest_route=%2Fwp%2Fv2%2Ftags&post=8927"}],"curies":[{"name":"wp","href":"https:\/\/api.w.org\/{rel}","templated":true}]}}