{"id":8903,"date":"2020-01-09T00:08:24","date_gmt":"2020-01-08T23:08:24","guid":{"rendered":"http:\/\/karlovyvary.casd.cz\/?p=8903"},"modified":"2020-01-19T22:32:40","modified_gmt":"2020-01-19T21:32:40","slug":"aliancni-tyden-modliteb-2","status":"publish","type":"post","link":"https:\/\/karlovyvary.casd.cz\/?p=8903","title":{"rendered":"Alian\u010dn\u00ed t\u00fdden modliteb"},"content":{"rendered":"\n<div class=\"wp-block-image is-style-default\"><figure class=\"alignleft size-medium\"><img loading=\"lazy\" decoding=\"async\" width=\"212\" height=\"300\" src=\"https:\/\/karlovyvary.casd.cz\/wp-content\/uploads\/Porada-212x300.png\" alt=\"\" class=\"wp-image-8905\" srcset=\"https:\/\/karlovyvary.casd.cz\/wp-content\/uploads\/Porada-212x300.png 212w, https:\/\/karlovyvary.casd.cz\/wp-content\/uploads\/Porada.png 620w\" sizes=\"auto, (max-width: 212px) 100vw, 212px\" \/><\/figure><\/div>\n\n\n\n<p>Od ned\u011ble <strong>5. ledna<\/strong> do ned\u011ble <strong>12. ledna<\/strong> se uskute\u010dn\u00ed ka\u017edoro\u010dn\u00ed <strong>ALIAN\u010cN\u00cd T\u00ddDEN MODLITEB<\/strong>. Leto\u0161n\u00ed t\u00e9ma zam\u011b\u0159en\u00e9 na lidskost, n\u00e1pravu v\u016fle, charakteru a v\u016fbec cel\u00e9ho \u010dlov\u011bka je inspirov\u00e1no my\u0161lenkami z knihy J. A. Komensk\u00e9ho: <strong>V\u0161eobecn\u00e1 porada o n\u00e1prav\u011b v\u011bc\u00ed lidsk\u00fdch<\/strong>. <\/p>\n\n\n\n<p>Rozpis setk\u00e1n\u00ed:<\/p>\n\n\n\n<p>st\u0159eda <strong>8.1.2020<\/strong> od 18.30 hod., <strong>Bratrsk\u00e1 jednoty baptist\u016f<\/strong>, Z\u00e1vodu m\u00edru 42\/112, K. Vary &#8211; Star\u00e1 Role <\/p>\n\n\n\n<p> p\u00e1tek<strong> 10.1.2020<\/strong>, 18.30 hod.  <strong>Arm\u00e1da Sp\u00e1sy<\/strong>, Jugosl\u00e1vsk\u00e1 1274\/16, K. Vary<\/p>\n\n\n\n<p><a href=\"hhttp:\/\/www.ea.cz\/clanky\/209\/detail\">hhttp:\/\/www.ea.cz\/clanky\/209\/detail<\/a><\/p>\n\n\n\n<p>&nbsp; &nbsp; &nbsp; &nbsp; &nbsp; <strong>Sb\u00edrka ATM 2020<\/strong> bude v\u011bnov\u00e1na na pot\u0159ebu projektu \u010cEA s n\u00e1zvem M4Ready.  Jde o desetim\u011bs\u00ed\u010dn\u00ed tr\u00e9ninkov\u00fd program pro potenci\u00e1ln\u00ed zakladatele sbor\u016f nebo lidi, kte\u0159\u00ed se cht\u011bj\u00ed o zakl\u00e1d\u00e1n\u00ed sbor\u016f v\u00edce dozv\u011bd\u011bt. Je ur\u010den p\u0159edev\u0161\u00edm mlad\u0161\u00edm vedouc\u00edm.  V\u00edce informac\u00ed na www.ea.cz <\/p>\n","protected":false},"excerpt":{"rendered":"<p>Od ned\u011ble 5. ledna do ned\u011ble 12. ledna se uskute\u010dn\u00ed ka\u017edoro\u010dn\u00ed ALIAN\u010cN\u00cd T\u00ddDEN MODLITEB. Leto\u0161n\u00ed t\u00e9ma zam\u011b\u0159en\u00e9 na lidskost, n\u00e1pravu v\u016fle, charakteru a v\u016fbec cel\u00e9ho \u010dlov\u011bka je inspirov\u00e1no my\u0161lenkami z [&hellip;]<\/p>\n","protected":false},"author":58,"featured_media":0,"comment_status":"open","ping_status":"open","sticky":false,"template":"","format":"standard","meta":{"_mi_skip_tracking":false,"_monsterinsights_sitenote_active":false,"_monsterinsights_sitenote_note":"","_monsterinsights_sitenote_category":0,"ngg_post_thumbnail":0,"footnotes":""},"categories":[16],"tags":[],"class_list":["post-8903","post","type-post","status-publish","format-standard","hentry","category-pozvanky"],"_links":{"self":[{"href":"https:\/\/karlovyvary.casd.cz\/index.php?rest_route=\/wp\/v2\/posts\/8903","targetHints":{"allow":["GET"]}}],"collection":[{"href":"https:\/\/karlovyvary.casd.cz\/index.php?rest_route=\/wp\/v2\/posts"}],"about":[{"href":"https:\/\/karlovyvary.casd.cz\/index.php?rest_route=\/wp\/v2\/types\/post"}],"author":[{"embeddable":true,"href":"https:\/\/karlovyvary.casd.cz\/index.php?rest_route=\/wp\/v2\/users\/58"}],"replies":[{"embeddable":true,"href":"https:\/\/karlovyvary.casd.cz\/index.php?rest_route=%2Fwp%2Fv2%2Fcomments&post=8903"}],"version-history":[{"count":5,"href":"https:\/\/karlovyvary.casd.cz\/index.php?rest_route=\/wp\/v2\/posts\/8903\/revisions"}],"predecessor-version":[{"id":8926,"href":"https:\/\/karlovyvary.casd.cz\/index.php?rest_route=\/wp\/v2\/posts\/8903\/revisions\/8926"}],"wp:attachment":[{"href":"https:\/\/karlovyvary.casd.cz\/index.php?rest_route=%2Fwp%2Fv2%2Fmedia&parent=8903"}],"wp:term":[{"taxonomy":"category","embeddable":true,"href":"https:\/\/karlovyvary.casd.cz\/index.php?rest_route=%2Fwp%2Fv2%2Fcategories&post=8903"},{"taxonomy":"post_tag","embeddable":true,"href":"https:\/\/karlovyvary.casd.cz\/index.php?rest_route=%2Fwp%2Fv2%2Ftags&post=8903"}],"curies":[{"name":"wp","href":"https:\/\/api.w.org\/{rel}","templated":true}]}}