{"id":8665,"date":"2019-08-20T22:15:34","date_gmt":"2019-08-20T20:15:34","guid":{"rendered":"http:\/\/karlovyvary.casd.cz\/?p=8665"},"modified":"2019-09-12T19:34:13","modified_gmt":"2019-09-12T17:34:13","slug":"hledte-vzhuru","status":"publish","type":"post","link":"https:\/\/karlovyvary.casd.cz\/?p=8665","title":{"rendered":"Hle\u010fte vzh\u016fru"},"content":{"rendered":"<p>10. 8. 2019 K\u00e1z\u00e1n\u00ed: HLE\u010eTE VZH\u016eRU (Luk\u00e1\u0161 21, 25-28) \u2013 Enoch Mart\u00ednek<\/p>\n<audio class=\"wp-audio-shortcode\" id=\"audio-8665-1\" preload=\"none\" style=\"width: 100%;\" controls=\"controls\"><source type=\"audio\/mpeg\" src=\"http:\/\/karlovyvary.casd.cz\/wp-content\/uploads\/2019-08-10_Enoch_Mart\u00ednek_Hle\u010fte_vzh\u016fru_Luk\u00e1\u0161-21-25-28.mp3?_=1\" \/><a href=\"http:\/\/karlovyvary.casd.cz\/wp-content\/uploads\/2019-08-10_Enoch_Mart\u00ednek_Hle\u010fte_vzh\u016fru_Luk\u00e1\u0161-21-25-28.mp3\">http:\/\/karlovyvary.casd.cz\/wp-content\/uploads\/2019-08-10_Enoch_Mart\u00ednek_Hle\u010fte_vzh\u016fru_Luk\u00e1\u0161-21-25-28.mp3<\/a><\/audio>\n<p><strong>Hle\u010fte vzh\u016fru<\/strong><\/p>\n<p><strong>Lk 21,25-28<\/strong> <em>\u201eNa konci \u010dasu vym\u011b\u0159en\u00e9ho lidstvu se objev\u00ed na slunci, m\u011bs\u00edci i hv\u011bzd\u00e1ch zvl\u00e1\u0161tn\u00ed \u00fakazy. Lid\u00e9 na zemi budou pro\u017e\u00edvat velikou \u00fazkost a ud\u00e1losti se na n\u011b budou valit jako vzedmut\u00e9 mo\u0159e. Smrteln\u00fd strach zachv\u00e1t\u00ed cel\u00fd sv\u011bt. I st\u00e1lost \u0159\u00e1d\u016f vesm\u00edru bude naru\u0161ena. A tehdy uvid\u00ed p\u0159ich\u00e1zet Syna \u010dlov\u011bka v&nbsp;oblaku s&nbsp;kr\u00e1lovskou moc\u00ed a sl\u00e1vou. A\u017e se to v\u0161echno za\u010dne d\u00edt, <u>vzmu\u017ete se a<\/u> <u>hle\u010fte vzh\u016fru<\/u>, proto\u017ee va\u0161e kone\u010dn\u00e9 vysvobozen\u00ed bude ji\u017e bl\u00edzko\u201c (SNC).<\/em><\/p>\n<p>P\u0159: Rozhovor s&nbsp;Arnem Springorumem, \u010dlenem ekologick\u00e9ho hnut\u00ed Extinction Rebellion. (Video: Lucie Hrdli\u010dkov\u00e1, Seznam.cz)<\/p>\n<p><u>M\u00e1me jen p\u00e1r let na to, abychom zachr\u00e1nili na\u0161i planetu&nbsp;\u2013 p\u0159esn\u011bji lidstvo, kter\u00e9mu kv\u016fli glob\u00e1ln\u00edmu oteplov\u00e1n\u00ed hroz\u00ed drastick\u00e9 zm\u011bny, je\u017e by mohly v\u00e9st a\u017e k&nbsp;vyhynut\u00ed<\/u>. Tento fakt podlo\u017een\u00fd v\u011bdci p\u0159esto nerezonuje ve spole\u010dnosti tak, jak by m\u011bl. Proto vzniklo mezin\u00e1rodn\u00ed hnut\u00ed Extinction Rebellion, kter\u00e9 na v\u00e1\u017enost situace upozor\u0148uje ob\u010danskou neposlu\u0161nost\u00ed. \u010clen \u010desk\u00e9 bu\u0148ky Arne Springorum v&nbsp;rozhovoru vysv\u011btluje, kam lidstvo sv\u00fdm chov\u00e1n\u00edm sp\u011bje a jak se d\u00e1 katastrof\u00e1ln\u00ed osud homo sapiens zvr\u00e1tit.<\/p>\n<p><u>\u201eSituace, ve kter\u00e9 jsme, je katastrof\u00e1ln\u00ed,\u201d \u0159\u00edk\u00e1 Arne Springorum \u201cs&nbsp;t\u00edm, \u017ee je velmi pravd\u011bpodobn\u00e9, \u017ee lidstvo vyhyne. <\/u>\u017divot na planet\u011b ale p\u016fjde d\u00e1l. Ostatn\u011b, nebude se jednat o&nbsp;prvn\u00ed masov\u00e9 vym\u00edr\u00e1n\u00ed druh\u016f, kter\u00e9 Zem\u011b za\u017eije&nbsp;\u2013 ale poprv\u00e9 to bude ze socioekonomick\u00fdch d\u016fvod\u016f, kter\u00e9 si zp\u016fsobili sami obyvatel\u00e9. \u201eTam nejde o&nbsp;to, zda vyhyneme \u00fapln\u011b, nebo zda na konci p\u016fl miliarda lid\u00ed p\u0159e\u017eije. Ten probl\u00e9m nen\u00ed, \u017ee n\u00e1s ni\u010d\u00ed p\u0159\u00edroda, my se zni\u010d\u00edme navz\u00e1jem.\u201d<\/p>\n<p><!--more--><\/p>\n<p><strong><u><a href=\"https:\/\/www.seznamzpravy.cz\/clanek\/celime-nejvetsi-hrozbe-za-tisice-let-tvrdi-vedci-bbc-odvysilala-ocekavany-dokument-70692\">\u010cel\u00edme nejv\u011bt\u0161\u00ed hrozb\u011b za tis\u00edce let, tvrd\u00ed v\u011bdci. BBC odvys\u00edlala o\u010dek\u00e1van\u00fd dokument<\/a><\/u><\/strong><\/p>\n<p>Na zm\u011bnu a odvr\u00e1cen\u00ed kolapsu klimatu m\u00e1me pouze p\u00e1r let. A&nbsp;nen\u00ed jednozna\u010dn\u00e9, zda se jedn\u00e1 o&nbsp;sedm, dvan\u00e1ct nebo dvacet let. Podle Springoruma by ale lid\u00e9 museli zm\u011bnit sv\u00e9 chov\u00e1n\u00ed tak radik\u00e1ln\u011b, \u017ee moc \u0161anc\u00ed na odvr\u00e1cen\u00ed katastrofy nevid\u00ed. \u201eJe mo\u017en\u00e9, \u017ee je pozd\u011b,\u201d p\u0159izn\u00e1v\u00e1. \u201eM\u00e1me pen\u00edze, m\u00e1me technologii, je to vyvinut\u00e9, ale na\u0161e chov\u00e1n\u00ed zat\u00edm sm\u011bruje \u00fapln\u011b jinam.\u201d<\/p>\n<p>Proces kolapsu, p\u0159ed kter\u00fdm v&nbsp;posledn\u00ed dob\u011b varuj\u00ed v\u011bdci, ale podle Springoruma u\u017e d\u00e1vno za\u010dal. \u201eArktida rozt\u00e1v\u00e1. V&nbsp;objemu ledu zb\u00fdv\u00e1 zhruba 30&nbsp;%. A&nbsp;s&nbsp;t\u00edm se rozb\u00edhaj\u00ed p\u0159\u00edrodn\u00ed smy\u010dky, zp\u011btn\u00e9 vazby, kter\u00e9 jsou mimo na\u0161e kontroly. V&nbsp;Arktid\u011b u\u017e nem\u016f\u017eeme nic d\u011blat. Ten cel\u00fd proces trv\u00e1 des\u00edtky let, ale my u\u017e ho nezastav\u00edme. My jsme ho jen zp\u016fsobili,\u201d vysv\u011btluje p\u016fvodem N\u011bmec, kter\u00fd letos z\u00edskal \u010desk\u00e9 ob\u010danstv\u00ed.<\/p>\n<p>Na za\u010d\u00e1tku roku se proto p\u0159idal k&nbsp;Extinction Rebellion&nbsp;\u2013 mezin\u00e1rodn\u00edmu hnut\u00ed, kter\u00e9 vzniklo ve Velk\u00e9 Brit\u00e1nii s&nbsp;c\u00edlem upozor\u0148ovat lidi na ekologickou krizi a na hrozbu zhroucen\u00ed klimatu.<\/p>\n<ol>\n<li><strong>Teologie nad\u011bje<\/strong><\/li>\n<\/ol>\n<ul>\n<li>Teologie, kterou vyzn\u00e1vaj\u00ed adventist\u00e9, je teologie nad\u011bje. Je\u017e\u00ed\u0161 n\u00e1s vyz\u00fdv\u00e1 <em>\u201eVzmu\u017ete se a hle\u010fte vzh\u016fru\u201c<\/em> (<strong>Lk 21,28<\/strong>). Nesd\u00edl\u00ed \u017e\u00e1dn\u00fd pesimismus, tak z\u0159ejm\u00fd v&nbsp;my\u0161len\u00ed dne\u0161n\u00edch lid\u00ed, nevyj\u00edmaje i k\u0159es\u0165any, kte\u0159\u00ed nevid\u00ed \u017e\u00e1dn\u00e9 definitivn\u00ed vy\u0159e\u0161en\u00ed probl\u00e9m\u016f lidstva. Mnoho z&nbsp;t\u011bchto filozof\u016f p\u0159ejalo modern\u00ed n\u00e1zor, \u017ee B\u016fh nejev\u00ed v\u00edce z\u00e1jem o na\u0161i planetu. \u201eB\u016fh je mrtev!\u201c prohl\u00e1sil Friedrich Nietzsche (1844-1900).<\/li>\n<li>Toto tvrzen\u00ed je sou\u010d\u00e1sti modern\u00edho agnosticismu. Nej\u010dast\u011bji pou\u017e\u00edvanou definic\u00ed v <a href=\"https:\/\/cs.wikipedia.org\/wiki\/%C4%8Cesko\">\u010cesku<\/a> po\u010d\u00e1tkem <a href=\"https:\/\/cs.wikipedia.org\/wiki\/21._stolet%C3%AD\">21. stolet\u00ed<\/a> je, \u017ee \u201e<em>agnosticismus je filosofick\u00fd n\u00e1zor tvrd\u00edc\u00ed, \u017ee existenci \u010dehokoli, co nelze poznat zku\u0161enost\u00ed, tedy nap\u0159. Boha, nem\u016f\u017eeme ani dok\u00e1zat, ani vyvr\u00e1tit.<\/em>\u201c Tato definice v\u0161ak vych\u00e1z\u00ed z (preagnostika) <a href=\"https:\/\/cs.wikipedia.org\/wiki\/David_Hume\">Davida Huma<\/a> (<a href=\"https:\/\/cs.wikipedia.org\/wiki\/Agnosticismus#David_Hume\">viz<\/a> Wikipedie).<\/li>\n<\/ul>\n<ul>\n<li><strong>N\u011bkte\u0159\u00ed teist\u00e9<\/strong>, nap\u0159. \u010desk\u00fd katolick\u00fd teolog, kn\u011bz <a href=\"https:\/\/cs.wikipedia.org\/wiki\/Tom%C3%A1%C5%A1_Hal%C3%ADk\">Tom\u00e1\u0161 Hal\u00edk<\/a>, definuj\u00ed agnosticismus jako \u201e<em>v\u00e1gn\u00ed n\u00e1bo\u017eenskost<\/em>\u201c \u010di \u201e<em><a href=\"https:\/\/cs.wikipedia.org\/wiki\/N%C4%9Bcismus\">n\u011bcismus<\/a><\/em>\u201c (tvrzen\u00ed: \u201e<em>v Boha c\u00edrkv\u00ed nev\u011b\u0159\u00edm, ale ,n\u011bco\u2018 nad n\u00e1mi mus\u00ed b\u00fdt<\/em>\u201c), resp. <em>n\u00e1bo\u017eensk\u00fd diletantismus<\/em> (<a href=\"https:\/\/cs.wikipedia.org\/wiki\/Tom%C3%A1%C5%A1_Garrigue_Masaryk\">T. G. Masaryk<\/a>).<\/li>\n<\/ul>\n<p>Krom\u011b toho toto nov\u00e9 u\u010den\u00ed nep\u0159\u00edzniv\u011b ovliv\u0148uje mor\u00e1lku mnoh\u00fdch k\u0159es\u0165an\u016f. Principy mor\u00e1ln\u00ed odpov\u011bdnosti p\u0159ed Bohem byly zni\u010deny. Tis\u00edce jsou vyd\u00e1ny na pospas proudu tzv. \u201esitua\u010dn\u00ed etiky\u201c. Jej\u00ed hlavn\u00ed z\u00e1sadou je rozhodov\u00e1n\u00ed v&nbsp;z\u00e1vislosti na situaci a p\u0159izp\u016fsobivost okolnostem. Jejich \u010diny nejsou \u0159\u00edzeny Bohem zjeven\u00fdmi normami a z\u00e1kony.<\/p>\n<p>Znovuzrozen\u00fd k\u0159es\u0165an v\u011bt\u0161inou odhal\u00ed v&nbsp;t\u00e9to sou\u010dasn\u00e9 teologii hlas poku\u0161itele. Tomuto hlasu naslouchaj\u00ed mnoz\u00ed, a mezi nimi jsou i p\u0159edstaven\u00ed a \u010dlenov\u00e9 obl\u00edben\u00fdch c\u00edrkv\u00ed. Opravdu, jestli\u017ee Babylon je\u0161t\u011b zcela jist\u011b nepadl, pak je ji\u017e na jeho sam\u00e9m okraji. V&nbsp;tomto duchovn\u00edm chaosu a zmatku mus\u00edme d\u00e1t velk\u00fd pozor na toto nebezpe\u010d\u00ed. Mus\u00edme m\u00edt v\u017edy na pam\u011bti, \u017ee mnohem v\u00edce ne\u017e znalosti hlavy je b\u00fdt velvyslancem Boha.<\/p>\n<p>Log: Minul\u00fd m\u011bs\u00edc se rozp\u0159edl hovor na t\u00e9ma p\u016fvodu \u017eivota mezi mnou a cestuj\u00edc\u00edmi v&nbsp;kup\u00e9 vlaku. Zejm\u00e9na jeden mu\u017e, profes\u00ed program\u00e1tor, argumentoval ve prosp\u011bch evoluce. Asi po dvou hodin\u00e1ch diskuze ji ukon\u010dil onen mu\u017e slovy, \u017ee si bude muset prostudovat oblast genetiky ve vztahu k&nbsp;matematice. A nazval n\u00e1\u0161 \u017eiv\u00fd rozhovor jako u\u017eite\u010dn\u00fd \u201ebrainstorming\u201c.<\/p>\n<ol start=\"2\">\n<li><strong>Jsme realist\u00e9<\/strong><\/li>\n<\/ol>\n<p>Jako k\u0159es\u0165an\u00e9 adventist\u00e9 jsme realist\u00e9. Ne\u010din\u00edme si iluze ve v\u011bci sou\u010dasn\u00e9ho stavu sv\u011btov\u00fdch ud\u00e1losti. Hled\u00edme na nev\u00eddan\u00e9 \u00fadob\u00ed glob\u00e1ln\u00edch kriz\u00ed \u2013 v\u00e1lky, hlad, zne\u010di\u0161t\u011bn\u00ed ovzdu\u0161\u00ed, oteplov\u00e1n\u00ed, nedostatek pitn\u00e9 vody, nemoci, zlo\u010dinnost a dal\u0161\u00ed p\u0159\u00edznaky. Spasitel p\u0159edpov\u011bd\u011bl: <em>\u201eLid\u00e9 budou zm\u00edrat strachy v&nbsp;p\u0159edtu\u0161e toho, co m\u00e1 p\u0159ij\u00edt na sv\u011bt\u2026\u201c <\/em>(<strong>Lk 21,26<\/strong>; B21). Bude to pr\u00e1v\u011b v&nbsp;dob\u011b, kdy \u0159ekl, aby se vzmu\u017eili a hled\u011bli vzh\u016fru, proto\u017ee se bl\u00ed\u017e\u00ed jejich vysvobozen\u00ed (v.28).<\/p>\n<p>Adventista vyhl\u00ed\u017e\u00ed Boha a s&nbsp;v\u00edrou se d\u00edv\u00e1 na z\u00e1\u0159iv\u00fd \u00fasvit nov\u00e9ho dne, kter\u00fd vzejde cel\u00e9mu lidstvu. S\u00e1m se \u00fa\u010dastn\u00ed t\u011bchto mnoh\u00fdch \u00fatrap, kter\u00e9 p\u0159ich\u00e1z\u00ed jako p\u0159irozen\u00fd d\u016fsledek h\u0159\u00edchu. P\u0159esto jeho v\u00fdhled do budoucna je pln\u00fd nad\u011bje. Na\u0161\u00ed teologi\u00ed je teologie nad\u011bje. Radostn\u011b vyhl\u00ed\u017e\u00edme kup\u0159edu slavn\u00e9mu p\u0159\u00edchodu Bo\u017e\u00edho Syna.<\/p>\n<p>Adventista souhlas\u00ed s&nbsp;Petrem, kter\u00fd napsal <strong>2 P 3,11-14<\/strong> (\u010dti). Adventista \u010din\u00ed v\u0161e k&nbsp;odstran\u011bn\u00ed \u00fatrap \u010dlov\u011bka. Nepodl\u00e9h\u00e1 v\u0161ak sebeklamu ve v\u00ed\u0159e, \u017ee by lidstvo bylo zachr\u00e1n\u011bno hromadn\u00fdm p\u0159ijet\u00edm evangelia. Dob\u0159e zn\u00e1 biblick\u00e9 hledisko, \u017ee toti\u017e \u010dlov\u011bk je zachr\u00e1n\u011bn pouze svou osobn\u00ed odpov\u011bd\u00ed a \u017ee uzn\u00e1 Boha p\u00e1nem sv\u00e9ho \u017eivota. Spasen\u00ed se rozhodn\u011b ned\u011bje v&nbsp;davu. Proto se na\u0161e ve\u0161ker\u00e1 zdravotn\u00ed a dobro\u010dinn\u00e1 aktivita orientuje na pomoc lidem a obnoven\u00ed Bo\u017e\u00edho obrazu v&nbsp;jejich \u017eivotech.<\/p>\n<p>Adventismus je k\u0159es\u0165ansk\u00e9 hnut\u00ed, v&nbsp;n\u011bm\u017e prvo\u0159ad\u00fd z\u00e1jem je polo\u017een na \u010dlov\u011bka a na zp\u016fsob, jak se zbavit h\u0159\u00edchu, pon\u00ed\u017een\u00ed a jak m\u016f\u017ee z\u00edskat novou \u017eivotn\u00ed perspektivu.<\/p>\n<ol start=\"3\">\n<li><strong>D\u016fvod, pro\u010d tu jsme \u2013 Zj 10,11<\/strong><\/li>\n<\/ol>\n<p>Na n\u00e1s adventistech spo\u010d\u00edv\u00e1 velmi v\u00e1\u017en\u00e1 odpov\u011bdnost. Je to n\u00e1\u0161 \u00fad\u011bl \u2013 zv\u011bstovat sv\u011btu nejv\u011bt\u0161\u00ed poselstv\u00ed, je\u017e kdy bylo d\u00e1no. Mus\u00edme je st\u00e1le n\u00e9st, je to n\u00e1\u0161 jedine\u010dn\u00fd a zcela v\u00e1\u017en\u00fd \u00fakol. Ellen Whiteov\u00e1 to vyj\u00e1d\u0159ila takto: <em>\u201eAdventist\u00e9 by m\u011bli vyv\u00fd\u0161it Krista nejv\u00edce ze v\u0161ech k\u0159es\u0165an\u016f. Trojand\u011blsk\u00e9 poselstv\u00ed vyz\u00fdv\u00e1 k&nbsp;hl\u00e1s\u00e1n\u00ed pravdy o sobot\u011b. Je t\u0159eba zv\u011bstovat tuto skute\u010dnost, kterou spolu s&nbsp;ostatn\u00edmi pravdami obsahuje toto poselstv\u00ed. Co se ov\u0161em nesm\u00ed pustit ze z\u0159etele a co mus\u00ed b\u00fdt centrem nejvy\u0161\u0161\u00ed pozornosti \u2013 je Je\u017e\u00ed\u0161 Kristus. U Kristova k\u0159\u00ed\u017ee \u201el\u00e1ska a pravda se spolu setkaj\u00ed, spravedlnost a pokoj se pol\u00edb\u00ed\u201c (\u017d 85,11; B21). Pohled h\u0159\u00ed\u0161n\u00edka mus\u00ed b\u00fdt up\u0159en na Golgatu. Bezelstnou v\u00edrou mal\u00e9ho d\u00edt\u011bte mus\u00ed spol\u00e9hat na z\u00e1sluhy Spasitele t\u00edm, \u017ee p\u0159ij\u00edm\u00e1 jeho ospravedln\u011bn\u00ed a v\u011b\u0159\u00ed v&nbsp;jeho milost\u201c<\/em> (GW 156.157).<\/p>\n<p>Je to samoz\u0159ejm\u011b d\u016fvod, pro\u010d adventn\u00ed lo\u010f c\u00edrkve nem\u016f\u017ee n\u00e1sledovat hlas ekumenick\u00e9 sir\u00e9ny. V\u00edme, kdo jsme a pro\u010d jsme zde. Sv\u00e9 ve\u0161ker\u00e9 \u00fasil\u00ed m\u00e1me zam\u011b\u0159it na p\u0159\u00edpravu mu\u017e\u016f a \u017een k&nbsp;brzk\u00e9mu p\u0159\u00ed\u0161t\u00ed P\u00e1n\u011b. Nic n\u00e1s nem\u016f\u017ee odradit od tohoto \u00fakolu. S&nbsp;d\u016fv\u011brou pohl\u00ed\u017e\u00edme na bl\u00ed\u017e\u00edc\u00ed se den v\u00edt\u011bzstv\u00ed.<\/p>\n<p>Domn\u00edv\u00e1m se, \u017ee na\u0161i vedouc\u00ed brat\u0159i jsou nanejv\u00fd\u0161 povol\u00e1ni k&nbsp;tomu, aby n\u00e1s vedli tou nejlep\u0161\u00ed cestou. Neznamen\u00e1 to, \u017ee je to cesta bez p\u0159ek\u00e1\u017eek. Mus\u00edme si na n\u00ed pot\u00fdkat s&nbsp;mnoh\u00fdmi trny soci\u00e1ln\u00edch probl\u00e9m\u016f, spole\u010densk\u00fdch, zdravotn\u00edch, n\u00e1bo\u017eensk\u00fdch a etnick\u00fdch, kter\u00e9 jsou ze v\u0161ech nejcitliv\u011bj\u0161\u00ed.<\/p>\n<p>Prost\u0159ednictv\u00edm sv\u011bdomit\u00e9ho a c\u00edlev\u011bdom\u00e9ho \u00fasil\u00ed misijn\u00edch pracovn\u00edk\u016f jsme sv\u011bdky <u>zakl\u00e1d\u00e1n\u00ed mal\u00fdch skupin<\/u>, kter\u00e9 rostou ve v\u011bt\u0161\u00ed a v\u011bt\u0161\u00ed sbory. C\u00edrkev nab\u00fdv\u00e1 ve sv\u011bt\u011b na vlivu. Tak, jak by tomu m\u011blo b\u00fdt.<\/p>\n<p>Otev\u0159eme-li ev. <strong>Markovo 11,17<\/strong>, Je\u017e\u00ed\u0161 zde prav\u00ed: <em>\u201eCo\u017epak nev\u00edte\u201c horlil, \u201e\u017ee je naps\u00e1no v&nbsp;P\u00edsmu: \u00b4M\u016fj chr\u00e1m je ur\u010den k&nbsp;tomu, aby se v&nbsp;n\u011bm v\u0161echny n\u00e1rody modlili?\u00b4\u201c<\/em> (SNC) Zde je to \u010dern\u00e9 na b\u00edl\u00e9m, takov\u00e1 je Kristova touha, to si p\u0159eje, aby jeho c\u00edrkev byla ve sv\u011bt\u011b.<\/p>\n<p><u>&nbsp;<\/u><\/p>\n<p><u>C\u00edrkev m\u00e1 b\u00fdt v\u00fdkladn\u00ed sk\u0159\u00edn\u00ed opravdov\u00e9ho bratrstv\u00ed<\/u>. Nen\u00ed-li, pak se minula sv\u00fdm posl\u00e1n\u00edm ve sv\u011bt\u011b, kde v\u011bt\u0161ina jsou sekul\u00e1rn\u00ed lid\u00e9. Mus\u00edme v\u0161ak v\u0161ichni uznat, \u017ee na\u0161e c\u00edrkev je na spr\u00e1vn\u00e9 cest\u011b. Na ka\u017ed\u00e9 \u00farovni na\u0161\u00ed organiza\u010dn\u00ed struktury vyv\u00edj\u00edme z\u00e1jem o v\u0161echny sv\u00e9 bli\u017en\u00ed, nehled\u011b na jejich n\u00e1bo\u017eensk\u00e9 sm\u00fd\u0161len\u00ed, postaven\u00ed nebo barvu pleti.<\/p>\n<p>Skute\u010dnou spolupr\u00e1ci a viditeln\u00fd pokrok m\u016f\u017ee zp\u016fsobit p\u0159evratn\u00e1 moc Ducha svat\u00e9ho, kterou tolik pot\u0159ebujeme. Modleme se o n\u011b i dnes. \u201eVzmu\u017ete se a pohle\u010fte vzh\u016fru!\u201c<\/p>\n<p>&nbsp;<\/p>\n<ol start=\"4\">\n<li><strong>Jednotni a v\u011brni \u2013 \u0158\u00edm 12,16<\/strong><\/li>\n<\/ol>\n<p>Mus\u00edme p\u0159edstavovat <u>jednotnou arm\u00e1du k\u0159\u00ed\u017ee<\/u>. Po\u010d\u00edtejme s&nbsp;ka\u017ed\u00fdm voj\u00e1kem. Pov\u0161imli jste si, \u017ee tematick\u00e9 soboty na tyto letn\u00ed m\u011bs\u00edce se zam\u011b\u0159uj\u00ed na evangeliza\u010dn\u00ed t\u00e9mata? 20.7. Den evangelizace prost\u0159ednictv\u00edm m\u00e9di\u00ed; 3.8. Den evangelizace prost\u0159ednictv\u00edm projekt\u016f Glob\u00e1ln\u00ed misie; &nbsp;&nbsp;&nbsp;&nbsp;&nbsp;&nbsp;&nbsp;&nbsp;&nbsp;&nbsp;a dne 10.8. <u>Den zakl\u00e1d\u00e1n\u00ed sbor\u016f.<\/u><\/p>\n<p><u>&nbsp;<\/u><\/p>\n<p>D\u011bkujme za stovky, ba tis\u00edce probuzen\u00fdch mlad\u00fdch lid\u00ed, kte\u0159\u00ed se jednotn\u011b zapojuj\u00ed ve sv\u00fdch sborech do r\u016fzn\u00fdch program\u016f, je\u017e maj\u00ed za c\u00edl z\u00e1chranu du\u0161\u00ed okolo n\u00e1s i v&nbsp;cizin\u011b. D\u011bkujme rovn\u011b\u017e za oddan\u00e9 mu\u017ee a \u017eeny v\u0161ech mo\u017en\u00fdch zem\u00ed, kde hl\u00e1saj\u00ed poselstv\u00ed nad\u011bje lidem p\u0159\u00edslu\u0161n\u00edc\u00edch k&nbsp;jejich n\u00e1rod\u016fm. Ov\u0161em jist\u011b m\u016f\u017eeme ud\u011blat mnohem v\u00edce. Nejsme je\u0161t\u011b dostate\u010dn\u011b posv\u011bceni, ani jsme je\u0161t\u011b nevynalo\u017eili v\u0161echny sv\u00e9 s\u00edly a sv\u00e9 schopnosti.<\/p>\n<p>V\u011bk materializmu u\u010dinil z&nbsp;n\u011bkter\u00fdch z&nbsp;n\u00e1s p\u0159epjat\u00e9, sentiment\u00e1ln\u00ed, sob\u011bsta\u010dn\u00e9 a sebou uspokojen\u00e9 lidi. Nach\u00e1z\u00edme se v&nbsp;laodikejsk\u00e9m omr\u00e1\u010den\u00ed a strnulosti! Pr\u00e1v\u011b dnes mus\u00edme toto v\u0161e s&nbsp;pomoc\u00ed P\u00e1n\u011b p\u0159ekonat. A\u0165 je to polovi\u010datost nebo nedostatek d\u016fv\u011bry v&nbsp;Bo\u017e\u00ed veden\u00ed.<\/p>\n<p>P\u0159ich\u00e1zej\u00edc\u00ed Kr\u00e1l je ve dve\u0159\u00edch! On je nad\u011bje sv\u011bta!<\/p>\n<p>Sta\u0148me se v\u0161ichni \u010dinn\u00fdmi posly a nositeli t\u00e9to nad\u011bje! S&nbsp;modlitbou na rtech i v&nbsp;srdci jd\u011bme vst\u0159\u00edc na\u0161emu Bohu. <strong><em>\u201eVzmu\u017ete se a hle\u010fte vzh\u016fru!\u201c<\/em><\/strong> Amen.<\/p>\n<p>(Enoch Mart\u00ednek)<\/p>\n","protected":false},"excerpt":{"rendered":"<p>10. 8. 2019 K\u00e1z\u00e1n\u00ed: HLE\u010eTE VZH\u016eRU (Luk\u00e1\u0161 21, 25-28) \u2013 Enoch Mart\u00ednek Hle\u010fte vzh\u016fru Lk 21,25-28 \u201eNa konci \u010dasu vym\u011b\u0159en\u00e9ho lidstvu se objev\u00ed na slunci, m\u011bs\u00edci i hv\u011bzd\u00e1ch zvl\u00e1\u0161tn\u00ed \u00fakazy. [&hellip;]<\/p>\n","protected":false},"author":58,"featured_media":5594,"comment_status":"open","ping_status":"open","sticky":false,"template":"","format":"standard","meta":{"_mi_skip_tracking":false,"_monsterinsights_sitenote_active":false,"_monsterinsights_sitenote_note":"","_monsterinsights_sitenote_category":0,"ngg_post_thumbnail":0,"footnotes":""},"categories":[1],"tags":[],"class_list":["post-8665","post","type-post","status-publish","format-standard","has-post-thumbnail","hentry","category-kazani-2"],"_links":{"self":[{"href":"https:\/\/karlovyvary.casd.cz\/index.php?rest_route=\/wp\/v2\/posts\/8665","targetHints":{"allow":["GET"]}}],"collection":[{"href":"https:\/\/karlovyvary.casd.cz\/index.php?rest_route=\/wp\/v2\/posts"}],"about":[{"href":"https:\/\/karlovyvary.casd.cz\/index.php?rest_route=\/wp\/v2\/types\/post"}],"author":[{"embeddable":true,"href":"https:\/\/karlovyvary.casd.cz\/index.php?rest_route=\/wp\/v2\/users\/58"}],"replies":[{"embeddable":true,"href":"https:\/\/karlovyvary.casd.cz\/index.php?rest_route=%2Fwp%2Fv2%2Fcomments&post=8665"}],"version-history":[{"count":3,"href":"https:\/\/karlovyvary.casd.cz\/index.php?rest_route=\/wp\/v2\/posts\/8665\/revisions"}],"predecessor-version":[{"id":8678,"href":"https:\/\/karlovyvary.casd.cz\/index.php?rest_route=\/wp\/v2\/posts\/8665\/revisions\/8678"}],"wp:featuredmedia":[{"embeddable":true,"href":"https:\/\/karlovyvary.casd.cz\/index.php?rest_route=\/wp\/v2\/media\/5594"}],"wp:attachment":[{"href":"https:\/\/karlovyvary.casd.cz\/index.php?rest_route=%2Fwp%2Fv2%2Fmedia&parent=8665"}],"wp:term":[{"taxonomy":"category","embeddable":true,"href":"https:\/\/karlovyvary.casd.cz\/index.php?rest_route=%2Fwp%2Fv2%2Fcategories&post=8665"},{"taxonomy":"post_tag","embeddable":true,"href":"https:\/\/karlovyvary.casd.cz\/index.php?rest_route=%2Fwp%2Fv2%2Ftags&post=8665"}],"curies":[{"name":"wp","href":"https:\/\/api.w.org\/{rel}","templated":true}]}}