{"id":8640,"date":"2019-07-22T01:22:33","date_gmt":"2019-07-21T23:22:33","guid":{"rendered":"http:\/\/karlovyvary.casd.cz\/?p=8640"},"modified":"2021-11-25T10:16:13","modified_gmt":"2021-11-25T09:16:13","slug":"konference-zen-a-konference-muzu","status":"publish","type":"post","link":"https:\/\/karlovyvary.casd.cz\/?p=8640","title":{"rendered":"Konference \u017een a konference mu\u017e\u016f"},"content":{"rendered":"<p>Od <strong>11. do 13. 10. 2019<\/strong>, bude ve <strong>Str\u00e1\u017eovic\u00edch u Kyjova<\/strong> prob\u00edhat ji\u017e jeden\u00e1ct\u00e1 <strong>konference mu\u017e\u016f<\/strong>.<\/p>\n<p>Hostem bude Josef Slow\u00edk.<\/p>\n<p>Od <strong>26. do 27. 10. 2019<\/strong> bude <strong>v Brn\u011b<\/strong> prob\u00edhat <strong>konference \u017een<\/strong>, kter\u00e1 m\u00e1 t\u00e9ma <strong>\u201e\u017dena jako perla\u201c<\/strong>.<\/p>\n<p>Host\u00e9 budou Dagmar Dorn, Jitka Mlynar\u010d\u00edk Kudl\u00e1\u010dkov\u00e1 a Hana Pinknerov\u00e1.&nbsp;<\/p>\n<p>Informace o konferenci \u017een<\/p>\n<p><img loading=\"lazy\" decoding=\"async\" class=\"wp-image-8642 size-medium alignleft\" src=\"http:\/\/karlovyvary.casd.cz\/wp-content\/uploads\/konference-muzu-2019-214x300.jpg\" alt=\"\" width=\"214\" height=\"300\" srcset=\"https:\/\/karlovyvary.casd.cz\/wp-content\/uploads\/konference-muzu-2019-214x300.jpg 214w, https:\/\/karlovyvary.casd.cz\/wp-content\/uploads\/konference-muzu-2019.jpg 580w\" sizes=\"auto, (max-width: 214px) 100vw, 214px\" \/><\/p>\n<p>&nbsp;<\/p>\n<p><a href=\"https:\/\/docs.google.com\/forms\/d\/e\/1FAIpQLSfNSNtUyaAQmMUfk_o8GFZP_zlm_M4NmoZvdYQ-qs9LUre1PA\/viewform\">P\u0159ihla\u0161ov\u00e1n\u00ed<\/a><\/p>\n<p><img loading=\"lazy\" decoding=\"async\" class=\"wp-image-8641 size-medium alignleft\" src=\"http:\/\/karlovyvary.casd.cz\/wp-content\/uploads\/konference-zen-2019-212x300.jpg\" alt=\"\" width=\"212\" height=\"300\" srcset=\"https:\/\/karlovyvary.casd.cz\/wp-content\/uploads\/konference-zen-2019-212x300.jpg 212w, https:\/\/karlovyvary.casd.cz\/wp-content\/uploads\/konference-zen-2019.jpg 580w\" sizes=\"auto, (max-width: 212px) 100vw, 212px\" \/><\/p>\n","protected":false},"excerpt":{"rendered":"<p>Od 11. do 13. 10. 2019, bude ve Str\u00e1\u017eovic\u00edch u Kyjova prob\u00edhat ji\u017e jeden\u00e1ct\u00e1 konference mu\u017e\u016f. Hostem bude Josef Slow\u00edk. Od 26. do 27. 10. 2019 bude v Brn\u011b prob\u00edhat [&hellip;]<\/p>\n","protected":false},"author":58,"featured_media":0,"comment_status":"open","ping_status":"open","sticky":false,"template":"","format":"standard","meta":{"_mi_skip_tracking":false,"_monsterinsights_sitenote_active":false,"_monsterinsights_sitenote_note":"","_monsterinsights_sitenote_category":0,"ngg_post_thumbnail":0,"footnotes":""},"categories":[16],"tags":[],"class_list":["post-8640","post","type-post","status-publish","format-standard","hentry","category-pozvanky"],"_links":{"self":[{"href":"https:\/\/karlovyvary.casd.cz\/index.php?rest_route=\/wp\/v2\/posts\/8640","targetHints":{"allow":["GET"]}}],"collection":[{"href":"https:\/\/karlovyvary.casd.cz\/index.php?rest_route=\/wp\/v2\/posts"}],"about":[{"href":"https:\/\/karlovyvary.casd.cz\/index.php?rest_route=\/wp\/v2\/types\/post"}],"author":[{"embeddable":true,"href":"https:\/\/karlovyvary.casd.cz\/index.php?rest_route=\/wp\/v2\/users\/58"}],"replies":[{"embeddable":true,"href":"https:\/\/karlovyvary.casd.cz\/index.php?rest_route=%2Fwp%2Fv2%2Fcomments&post=8640"}],"version-history":[{"count":2,"href":"https:\/\/karlovyvary.casd.cz\/index.php?rest_route=\/wp\/v2\/posts\/8640\/revisions"}],"predecessor-version":[{"id":10014,"href":"https:\/\/karlovyvary.casd.cz\/index.php?rest_route=\/wp\/v2\/posts\/8640\/revisions\/10014"}],"wp:attachment":[{"href":"https:\/\/karlovyvary.casd.cz\/index.php?rest_route=%2Fwp%2Fv2%2Fmedia&parent=8640"}],"wp:term":[{"taxonomy":"category","embeddable":true,"href":"https:\/\/karlovyvary.casd.cz\/index.php?rest_route=%2Fwp%2Fv2%2Fcategories&post=8640"},{"taxonomy":"post_tag","embeddable":true,"href":"https:\/\/karlovyvary.casd.cz\/index.php?rest_route=%2Fwp%2Fv2%2Ftags&post=8640"}],"curies":[{"name":"wp","href":"https:\/\/api.w.org\/{rel}","templated":true}]}}