{"id":8581,"date":"2019-05-14T23:28:15","date_gmt":"2019-05-14T21:28:15","guid":{"rendered":"http:\/\/karlovyvary.casd.cz\/?p=8581"},"modified":"2021-11-25T10:16:12","modified_gmt":"2021-11-25T09:16:12","slug":"slavnostni-konferencni-bohosluzba","status":"publish","type":"post","link":"https:\/\/karlovyvary.casd.cz\/?p=8581","title":{"rendered":"Slavnostn\u00ed konferen\u010dn\u00ed bohoslu\u017eba"},"content":{"rendered":"<p><img loading=\"lazy\" decoding=\"async\" class=\"alignright wp-image-8588 size-medium\" src=\"http:\/\/karlovyvary.casd.cz\/wp-content\/uploads\/konf_sobota_w-211x300.jpg\" alt=\"\" width=\"211\" height=\"300\" srcset=\"https:\/\/karlovyvary.casd.cz\/wp-content\/uploads\/konf_sobota_w-211x300.jpg 211w, https:\/\/karlovyvary.casd.cz\/wp-content\/uploads\/konf_sobota_w.jpg 500w\" sizes=\"auto, (max-width: 211px) 100vw, 211px\" \/><\/p>\n<p>V sobotu <strong>8. \u010dervna 2019<\/strong> se uskute\u010dn\u00ed <strong>slavnostn\u00ed konferen\u010dn\u00ed bohoslu\u017eba<\/strong> pro t\u0159i sdru\u017een\u00ed \u010cesko-Slovensk\u00e9 unie. Spole\u010dn\u00e9 setk\u00e1n\u00ed bude <strong>v Brn\u011b v are\u00e1lu V\u00fdstavi\u0161t\u011b Brno v pavilonu V<\/strong>. Slavnostn\u00ed bohoslu\u017eba za\u010dne v 10 hodin a hostem bude p\u0159edseda Interevropsk\u00e9 divize c\u00edrkve adventist\u016f <strong>Mario Brito<\/strong>. \u010cas spole\u010dn\u011b str\u00e1ven\u00e9 soboty bude napln\u011bn <strong>programem d\u011bt\u00ed, k\u00e1z\u00e1n\u00edm Bo\u017e\u00edho slova, hudbou a p\u0159edstaven\u00edm administr\u00e1tor\u016f v\u0161ech sdru\u017een\u00ed a unie<\/strong>. Od <a class=\"yt-simple-endpoint style-scope yt-formatted-string\" spellcheck=\"false\" href=\"https:\/\/www.youtube.com\/watch?v=4E0-fTek4NE&amp;t=870s\">14:30<\/a> bude odpoledn\u00ed program, kde p\u0159edstav\u00ed svou slu\u017ebu odd\u011blen\u00ed c\u00edrkve. Zaj\u00edmav\u00e9 budou ur\u010dit\u011b i rozhovory s p\u0159edsedy jednotliv\u00fdch sdru\u017een\u00ed. V pavilonu tak\u00e9 budou st\u00e1nky s prezentacemi jednotliv\u00fdch odd\u011blen\u00ed a instituc\u00ed. Pro toto zvl\u00e1\u0161tn\u00ed shrom\u00e1\u017ed\u011bn\u00ed c\u00edrkve je p\u0159ipraveno v s\u00e1le 3 500 m\u00edst a dostatek dal\u0161\u00edho prostoru pro vz\u00e1jemn\u00e9 sd\u00edlen\u00ed. V poledn\u00ed p\u0159est\u00e1vce bude k dispozici mal\u00e9 ob\u010derstven\u00ed. Are\u00e1l V\u00fdstavi\u0161t\u011b Brno (BVV) je dob\u0159e p\u0159\u00edstupn\u00fd m\u011bstskou hromadnou dopravou a pro ty, kte\u0159\u00ed preferuj\u00ed vlastn\u00ed dopravu, je dostatek parkovac\u00edch m\u00edst v are\u00e1lu v\u00fdstavi\u0161t\u011b p\u0159\u00edmo p\u0159ed pavilonem V (parkov\u00e1n\u00ed je zdarma). Pro ty, kte\u0159\u00ed budou cestovat ze vzd\u00e1len\u011bj\u0161\u00edch konc\u016f na\u0161ich republik, je zabezpe\u010deno dostupn\u00e9 ubytov\u00e1n\u00ed. Chceme v\u00e1s v\u0161echny pozvat na tuto jedine\u010dnou p\u0159\u00edle\u017eitost, kdy se m\u016f\u017eeme spole\u010dn\u011b setkat k naslouch\u00e1n\u00ed, sd\u00edlen\u00ed i spole\u010dn\u00fdm modlitb\u00e1m.<\/p>\n<p>Za \u010cesko-Slovenskou unii C\u00edrkve adventist\u016f sedm\u00e9ho dne Mikul\u00e1\u0161 Pavl\u00edk<\/p>\n<p>P\u0159\u00edm\u00fd p\u0159enos ze slavnostn\u00ed konferen\u010dn\u00ed bohoslu\u017eby m\u016f\u017eete sledovat&nbsp;<a href=\"https:\/\/www.youtube.com\/watch?v=4E0-fTek4NE\">zde<\/a><\/p>\n<p>Dal\u0161\u00ed informace&nbsp;zde<\/p>\n<p>&nbsp;<\/p>\n","protected":false},"excerpt":{"rendered":"<p>V sobotu 8. \u010dervna 2019 se uskute\u010dn\u00ed slavnostn\u00ed konferen\u010dn\u00ed bohoslu\u017eba pro t\u0159i sdru\u017een\u00ed \u010cesko-Slovensk\u00e9 unie. Spole\u010dn\u00e9 setk\u00e1n\u00ed bude v Brn\u011b v are\u00e1lu V\u00fdstavi\u0161t\u011b Brno v pavilonu V. Slavnostn\u00ed bohoslu\u017eba za\u010dne [&hellip;]<\/p>\n","protected":false},"author":58,"featured_media":0,"comment_status":"open","ping_status":"open","sticky":false,"template":"","format":"standard","meta":{"_mi_skip_tracking":false,"_monsterinsights_sitenote_active":false,"_monsterinsights_sitenote_note":"","_monsterinsights_sitenote_category":0,"ngg_post_thumbnail":0,"footnotes":""},"categories":[16],"tags":[],"class_list":["post-8581","post","type-post","status-publish","format-standard","hentry","category-pozvanky"],"_links":{"self":[{"href":"https:\/\/karlovyvary.casd.cz\/index.php?rest_route=\/wp\/v2\/posts\/8581","targetHints":{"allow":["GET"]}}],"collection":[{"href":"https:\/\/karlovyvary.casd.cz\/index.php?rest_route=\/wp\/v2\/posts"}],"about":[{"href":"https:\/\/karlovyvary.casd.cz\/index.php?rest_route=\/wp\/v2\/types\/post"}],"author":[{"embeddable":true,"href":"https:\/\/karlovyvary.casd.cz\/index.php?rest_route=\/wp\/v2\/users\/58"}],"replies":[{"embeddable":true,"href":"https:\/\/karlovyvary.casd.cz\/index.php?rest_route=%2Fwp%2Fv2%2Fcomments&post=8581"}],"version-history":[{"count":3,"href":"https:\/\/karlovyvary.casd.cz\/index.php?rest_route=\/wp\/v2\/posts\/8581\/revisions"}],"predecessor-version":[{"id":10012,"href":"https:\/\/karlovyvary.casd.cz\/index.php?rest_route=\/wp\/v2\/posts\/8581\/revisions\/10012"}],"wp:attachment":[{"href":"https:\/\/karlovyvary.casd.cz\/index.php?rest_route=%2Fwp%2Fv2%2Fmedia&parent=8581"}],"wp:term":[{"taxonomy":"category","embeddable":true,"href":"https:\/\/karlovyvary.casd.cz\/index.php?rest_route=%2Fwp%2Fv2%2Fcategories&post=8581"},{"taxonomy":"post_tag","embeddable":true,"href":"https:\/\/karlovyvary.casd.cz\/index.php?rest_route=%2Fwp%2Fv2%2Ftags&post=8581"}],"curies":[{"name":"wp","href":"https:\/\/api.w.org\/{rel}","templated":true}]}}