{"id":8447,"date":"2019-03-06T22:52:05","date_gmt":"2019-03-06T21:52:05","guid":{"rendered":"http:\/\/karlovyvary.casd.cz\/?p=8447"},"modified":"2019-03-07T01:01:31","modified_gmt":"2019-03-07T00:01:31","slug":"rampouch","status":"publish","type":"post","link":"https:\/\/karlovyvary.casd.cz\/?p=8447","title":{"rendered":"Rampouch"},"content":{"rendered":"<p>Posledn\u00ed lednov\u00fd v\u00edkend putovaly d\u011bti z karlovarsk\u00e9ho odd\u00edlu T\u0159in\u00e1ct pramen\u016f do \u010cesk\u00fdch Bud\u011bjovic. Setk\u00e1n\u00ed pathfinder\u016f &#8211; <strong>RAMPOUCH<\/strong>&nbsp;po\u0159\u00e1dala oblast Ji\u017en\u00ed k\u0159\u00ed\u017e.<\/p>\n<p>V\u00edkendov\u00e9 aktivity byly spojeny s texty <strong>11. &#8211; 15. kapitoly Luk\u00e1\u0161ova evangelia<\/strong>.<\/p>\n<p><img loading=\"lazy\" decoding=\"async\" class=\"size-medium wp-image-8455 alignleft\" src=\"http:\/\/karlovyvary.casd.cz\/wp-content\/uploads\/IMG_20190126_112709-300x168.jpg\" alt=\"\" width=\"300\" height=\"168\" srcset=\"https:\/\/karlovyvary.casd.cz\/wp-content\/uploads\/IMG_20190126_112709-300x168.jpg 300w, https:\/\/karlovyvary.casd.cz\/wp-content\/uploads\/IMG_20190126_112709-768x431.jpg 768w, https:\/\/karlovyvary.casd.cz\/wp-content\/uploads\/IMG_20190126_112709-700x393.jpg 700w\" sizes=\"auto, (max-width: 300px) 100vw, 300px\" \/><\/p>\n<p>V sobotn\u00edm k\u00e1z\u00e1n\u00ed se Roman Buchtel, vedouc\u00ed \u010cesk\u00e9ho sdru\u017een\u00ed Klubu Pathfinder zam\u00fd\u0161lel nad moudrost\u00ed. Zap\u016fsobil na emoce d\u011bt\u00ed &#8211; m\u011bly mo\u017enost si &#8222;p\u0159ivon\u011bt&#8220; ke \u017elut\u00e9 tekutin\u011b asociuj\u00edc\u00ed&nbsp; <strong>podobenstv\u00ed&nbsp;o marnotratn\u00e9m synu<\/strong>.&nbsp;<\/p>\n<p>P\u0159i odpoledn\u00edch aktivit\u00e1ch v parku byly d\u011bti rozd\u011bleny do skupinek. Na stanovi\u0161t\u00edch plnily <strong>\u00fakoly sm\u011b\u0159ovan\u00e9 na dobr\u00e9 skutky<\/strong>. Jedn\u00edm z nich bylo rozveselit smutnou hol\u010di\u010dku na houpa\u010dce. \u010cekala jsem, \u017ee se j\u00ed mal\u00ed kluci na\u0161\u00ed skupinky ve slo\u017een\u00ed mamka sardel, Vojta, Ondra a Maty\u00e1\u0161 pokus\u00ed rozesm\u00e1t. Nam\u00edsto toho zazn\u011bla ot\u00e1zka: \u201eA m\u016f\u017eeme t\u011b pohoupat?\u201c D\u011bti n\u00e1s u\u010d\u00ed vid\u011bt sv\u011bt jin\u00fdma o\u010dima. \u010casto je jejich zp\u016fsob \u0159e\u0161en\u00ed situace o mnoho rychlej\u0161\u00ed! Dal\u0161\u00edmi \u00fakoly bylo rozd\u011blat a udr\u017eet ohe\u0148, naj\u00edt vhodn\u00e9 m\u00edsto kam p\u0159en\u00e9st zran\u011bn\u00e9ho kamar\u00e1da, pomoci slep\u00e9mu p\u0159ej\u00edt na dan\u00e9 m\u00edsto, ulovit zv\u00ed\u0159e lukem a \u0161\u00edpem, p\u0159en\u00e9st n\u00e1klad slalomem, sv\u00e1zat oble\u010den\u00ed a vytvo\u0159it tak co nejdel\u0161\u00ed pruh.<\/p>\n<p><img loading=\"lazy\" decoding=\"async\" class=\" wp-image-8450 alignleft\" src=\"http:\/\/karlovyvary.casd.cz\/wp-content\/uploads\/IMG_20190126_141157-300x168.jpg\" alt=\"\" width=\"211\" height=\"118\" srcset=\"https:\/\/karlovyvary.casd.cz\/wp-content\/uploads\/IMG_20190126_141157-300x168.jpg 300w, https:\/\/karlovyvary.casd.cz\/wp-content\/uploads\/IMG_20190126_141157-768x431.jpg 768w, https:\/\/karlovyvary.casd.cz\/wp-content\/uploads\/IMG_20190126_141157-700x393.jpg 700w\" sizes=\"auto, (max-width: 211px) 100vw, 211px\" \/><\/p>\n<p>&nbsp;<\/p>\n<p><img loading=\"lazy\" decoding=\"async\" class=\"wp-image-8452 alignleft\" src=\"http:\/\/karlovyvary.casd.cz\/wp-content\/uploads\/IMG_20190126_142418-300x168.jpg\" alt=\"\" width=\"211\" height=\"118\" srcset=\"https:\/\/karlovyvary.casd.cz\/wp-content\/uploads\/IMG_20190126_142418-300x168.jpg 300w, https:\/\/karlovyvary.casd.cz\/wp-content\/uploads\/IMG_20190126_142418-768x431.jpg 768w, https:\/\/karlovyvary.casd.cz\/wp-content\/uploads\/IMG_20190126_142418-700x393.jpg 700w\" sizes=\"auto, (max-width: 211px) 100vw, 211px\" \/><\/p>\n<p>&nbsp;<\/p>\n<p>&nbsp;<\/p>\n<p>&nbsp;<\/p>\n<p>&nbsp;<\/p>\n<p>&nbsp;<\/p>\n<p><!--more--><\/p>\n<p>Ve\u010der tyto aktivity d\u011bti samy zhodnotily, z\u00e1v\u011bre\u010dnou my\u0161lenkou je zakon\u010dil Teo\u0161:<\/p>\n<p><em>Nikdo z n\u00e1s se nem\u016f\u017ee chlubit dobr\u00fdmi skutky, <\/em><\/p>\n<p><em>proto\u017ee dobr\u00e9 skutky jsou darem od Hospodina.<\/em><\/p>\n<p><em>My jsme toti\u017e Jeho d\u00edlo a <strong>byli jsme stvo\u0159eni k tomu,<\/strong><\/em><\/p>\n<p><strong><em>abychom konali dobr\u00e9 skutky, kter\u00e9 n\u00e1m P\u00e1n B\u016fh p\u0159ipravil<\/em><\/strong><em>.<\/em><\/p>\n<p><img loading=\"lazy\" decoding=\"async\" class=\"size-medium wp-image-8454 alignright\" src=\"http:\/\/karlovyvary.casd.cz\/wp-content\/uploads\/IMG_20190126_172036-300x168.jpg\" alt=\"\" width=\"300\" height=\"168\" srcset=\"https:\/\/karlovyvary.casd.cz\/wp-content\/uploads\/IMG_20190126_172036-300x168.jpg 300w, https:\/\/karlovyvary.casd.cz\/wp-content\/uploads\/IMG_20190126_172036-768x431.jpg 768w, https:\/\/karlovyvary.casd.cz\/wp-content\/uploads\/IMG_20190126_172036-700x393.jpg 700w\" sizes=\"auto, (max-width: 300px) 100vw, 300px\" \/><\/p>\n<p>Pro d\u011bti byla pot\u00e9 do detailu (v\u010detn\u011b interaktivn\u00edch tla\u010d\u00edtek) p\u0159ipraven\u00e1 <strong>v\u011bdomostn\u00ed sout\u011b\u017e Riskuj ve znalosti zadan\u00e9ho textu<\/strong>. Jejich p\u00edle byla odm\u011bn\u011bna cenami v podob\u011b knih. Ve\u010der pokra\u010doval dal\u0161\u00ed hrou, hled\u00e1n\u00edm l\u00edste\u010dk\u016f s p\u00edsmeny, sestaven\u00edm v\u011bty a nav\u00edc si ka\u017ed\u00fd mohl vyrobit placku na lisu.&nbsp;<\/p>\n<p><img loading=\"lazy\" decoding=\"async\" class=\"wp-image-8451 alignleft\" src=\"http:\/\/karlovyvary.casd.cz\/wp-content\/uploads\/IMG_20190127_155912-168x300.jpg\" alt=\"\" width=\"134\" height=\"239\" srcset=\"https:\/\/karlovyvary.casd.cz\/wp-content\/uploads\/IMG_20190127_155912-168x300.jpg 168w, https:\/\/karlovyvary.casd.cz\/wp-content\/uploads\/IMG_20190127_155912-768x1368.jpg 768w, https:\/\/karlovyvary.casd.cz\/wp-content\/uploads\/IMG_20190127_155912-700x1247.jpg 700w\" sizes=\"auto, (max-width: 134px) 100vw, 134px\" \/><\/p>\n<p>&nbsp;<\/p>\n<p>&nbsp;<\/p>\n<p>Pozdn\u00ed <strong>ve\u010der &nbsp;na brusl\u00edch<\/strong> zakon\u010dil den.&nbsp; Man\u017eel\u00e9 Adameovi pojali sportovn\u00ed aktivitu se v\u0161\u00ed v\u00e1\u017enost\u00ed. Role si rozd\u011blili rozumn\u011b a jak spr\u00e1vn\u011b p\u0159edpokl\u00e1d\u00e1te\u2026 Danka u\u010dila d\u011bti krasobruslit, Petr se ujal role rozhod\u010d\u00edho.<\/p>\n<p>Ned\u011bln\u00ed dopoledne str\u00e1vily d\u011bti v&nbsp;Hops\u00e1riu \u2013 d\u011btsk\u00e9m parku na velk\u00e9m dopravn\u00edm h\u0159i\u0161ti, skluzavk\u00e1ch, trampol\u00edn\u00e1ch a dal\u0161\u00edch atrakc\u00edch. Cesta zp\u011bt z&nbsp;Hops\u00e1ria byla op\u011bt vesel\u00e1, jak jinak ne\u017e op\u011bt v p\u0159\u00edtomnosti Maty\u00e1\u0161ka a Ondr\u00e1\u0161ka s jejich nekone\u010dn\u00fdmi dotazy na t\u00e9ma: kolik dostanu \u017eeton\u016f za dvacetikorunu, kolik dostanu \u017eeton\u016f za milion, kolik dostanu \u017eeton\u016f za stokorunu, &#8230;&#8230;.:)&nbsp;<\/p>\n<p><a href=\"http:\/\/karlovyvary.casd.cz\/?attachment_id=8456\" rel=\"attachment wp-att-8456\"><img loading=\"lazy\" decoding=\"async\" class=\" wp-image-8456 alignright\" src=\"http:\/\/karlovyvary.casd.cz\/wp-content\/uploads\/IMG_20190127_113756-300x168.jpg\" alt=\"\" width=\"216\" height=\"121\" srcset=\"https:\/\/karlovyvary.casd.cz\/wp-content\/uploads\/IMG_20190127_113756-300x168.jpg 300w, https:\/\/karlovyvary.casd.cz\/wp-content\/uploads\/IMG_20190127_113756-768x431.jpg 768w, https:\/\/karlovyvary.casd.cz\/wp-content\/uploads\/IMG_20190127_113756-700x393.jpg 700w\" sizes=\"auto, (max-width: 216px) 100vw, 216px\" \/><\/a><\/p>\n<p>Fotky z akce&nbsp;<a href=\"https:\/\/photos.google.com\/album\/AF1QipP_CnQet5slJv9JmJfbVX04P56mE-IYD4DTlsI\">zde<\/a><\/p>\n<p>D\u011bkujeme za pozv\u00e1n\u00ed, skv\u011blou organizaci akce a to nejd\u016fle\u017eit\u011bj\u0161\u00ed, v\u00edkend pln\u00fd pohody, sm\u00edchu a radosti!<\/p>\n<p>Martina<\/p>\n","protected":false},"excerpt":{"rendered":"<p>Posledn\u00ed lednov\u00fd v\u00edkend putovaly d\u011bti z karlovarsk\u00e9ho odd\u00edlu T\u0159in\u00e1ct pramen\u016f do \u010cesk\u00fdch Bud\u011bjovic. Setk\u00e1n\u00ed pathfinder\u016f &#8211; RAMPOUCH&nbsp;po\u0159\u00e1dala oblast Ji\u017en\u00ed k\u0159\u00ed\u017e. V\u00edkendov\u00e9 aktivity byly spojeny s texty 11. &#8211; 15. kapitoly [&hellip;]<\/p>\n","protected":false},"author":58,"featured_media":0,"comment_status":"open","ping_status":"open","sticky":false,"template":"","format":"standard","meta":{"_mi_skip_tracking":false,"_monsterinsights_sitenote_active":false,"_monsterinsights_sitenote_note":"","_monsterinsights_sitenote_category":0,"ngg_post_thumbnail":0,"footnotes":""},"categories":[49],"tags":[],"class_list":["post-8447","post","type-post","status-publish","format-standard","hentry","category-pathfinder"],"_links":{"self":[{"href":"https:\/\/karlovyvary.casd.cz\/index.php?rest_route=\/wp\/v2\/posts\/8447","targetHints":{"allow":["GET"]}}],"collection":[{"href":"https:\/\/karlovyvary.casd.cz\/index.php?rest_route=\/wp\/v2\/posts"}],"about":[{"href":"https:\/\/karlovyvary.casd.cz\/index.php?rest_route=\/wp\/v2\/types\/post"}],"author":[{"embeddable":true,"href":"https:\/\/karlovyvary.casd.cz\/index.php?rest_route=\/wp\/v2\/users\/58"}],"replies":[{"embeddable":true,"href":"https:\/\/karlovyvary.casd.cz\/index.php?rest_route=%2Fwp%2Fv2%2Fcomments&post=8447"}],"version-history":[{"count":13,"href":"https:\/\/karlovyvary.casd.cz\/index.php?rest_route=\/wp\/v2\/posts\/8447\/revisions"}],"predecessor-version":[{"id":8489,"href":"https:\/\/karlovyvary.casd.cz\/index.php?rest_route=\/wp\/v2\/posts\/8447\/revisions\/8489"}],"wp:attachment":[{"href":"https:\/\/karlovyvary.casd.cz\/index.php?rest_route=%2Fwp%2Fv2%2Fmedia&parent=8447"}],"wp:term":[{"taxonomy":"category","embeddable":true,"href":"https:\/\/karlovyvary.casd.cz\/index.php?rest_route=%2Fwp%2Fv2%2Fcategories&post=8447"},{"taxonomy":"post_tag","embeddable":true,"href":"https:\/\/karlovyvary.casd.cz\/index.php?rest_route=%2Fwp%2Fv2%2Ftags&post=8447"}],"curies":[{"name":"wp","href":"https:\/\/api.w.org\/{rel}","templated":true}]}}