{"id":8235,"date":"2019-01-02T22:50:55","date_gmt":"2019-01-02T21:50:55","guid":{"rendered":"http:\/\/karlovyvary.casd.cz\/?p=8235"},"modified":"2019-01-03T22:18:52","modified_gmt":"2019-01-03T21:18:52","slug":"30-vyroci-otevreni-modlitebny-2","status":"publish","type":"post","link":"https:\/\/karlovyvary.casd.cz\/?p=8235","title":{"rendered":"30. v\u00fdro\u010d\u00ed otev\u0159en\u00ed modlitebny"},"content":{"rendered":"<div id=\"attachment_8333\" style=\"width: 310px\" class=\"wp-caption alignleft\"><img loading=\"lazy\" decoding=\"async\" aria-describedby=\"caption-attachment-8333\" class=\"wp-image-8333 size-medium\" src=\"http:\/\/karlovyvary.casd.cz\/wp-content\/uploads\/21271018_10210234630770379_1969236180214393781_n-300x208.jpg\" alt=\"\" width=\"300\" height=\"208\" srcset=\"https:\/\/karlovyvary.casd.cz\/wp-content\/uploads\/21271018_10210234630770379_1969236180214393781_n-300x208.jpg 300w, https:\/\/karlovyvary.casd.cz\/wp-content\/uploads\/21271018_10210234630770379_1969236180214393781_n-768x533.jpg 768w, https:\/\/karlovyvary.casd.cz\/wp-content\/uploads\/21271018_10210234630770379_1969236180214393781_n-700x486.jpg 700w, https:\/\/karlovyvary.casd.cz\/wp-content\/uploads\/21271018_10210234630770379_1969236180214393781_n.jpg 960w\" sizes=\"auto, (max-width: 300px) 100vw, 300px\" \/><p id=\"caption-attachment-8333\" class=\"wp-caption-text\">Fotografie z modlitebny C\u00edrkve \u010deskobratrsk\u00e9 evangelick\u00e9<\/p><\/div>\n<p>&nbsp;<\/p>\n<p><strong>V sobotu 20. 10. 2018<\/strong> oslavil karlovarsk\u00fd sbor C\u00edrkve adventist\u016f s.d. <strong>30. v\u00fdro\u010d\u00ed otev\u0159en\u00ed nov\u00e9 modlitebny.<\/strong><\/p>\n<p>Pozvan\u00ed host\u00e9 Jan Moravec, Rudolf Reitz, Pavel Zvol\u00e1nek a \u010dlenov\u00e9 karovarsk\u00e9ho sboru Franti\u0161ek Byrtus, Miroslav Filipec zavzpom\u00ednali na za\u010d\u00e1tky stavby modlitebny, vybudovan\u00e9 sv\u00e9pomoc\u00ed. <strong>Po skon\u010den\u00ed z\u00e1kazu c\u00edrkve, od roku 1956 do roku 1989 se \u010dlenov\u00e9 sboru sch\u00e1zeli v modlitebn\u011b C\u00edrkve \u010deskobratrsk\u00e9 evangelick\u00e9 na T\u0159\u00edd\u011b jednotn\u00fdch odbor\u016f 33 (dnes Zahradn\u00ed ulice). Tam se konaly bohoslu\u017eby a\u017e do roku 1989, kdy byla otev\u0159ena vlastn\u00ed modlitebna na Plze\u0148sk\u00e9 ul.\u010d.49.<\/strong><\/p>\n<p><!--more--><br \/>\nSlavnostn\u00ed bohoslu\u017eba byla obohacena sborov\u00fdmi p\u00edsn\u011bmi, p\u00edsn\u011bmi d\u011bt\u00ed, slovem pana far\u00e1\u0159e Vladim\u00edra M\u00fcllera. Ing. Arch. Ale\u0161 Lang p\u0159edstavil svou vizi p\u0159i projektov\u00e1n\u00ed budovy.<\/p>\n<div id=\"attachment_8340\" style=\"width: 310px\" class=\"wp-caption alignright\"><img loading=\"lazy\" decoding=\"async\" aria-describedby=\"caption-attachment-8340\" class=\"size-medium wp-image-8340\" src=\"http:\/\/karlovyvary.casd.cz\/wp-content\/uploads\/ar-300x291.jpg\" alt=\"\" width=\"300\" height=\"291\" srcset=\"https:\/\/karlovyvary.casd.cz\/wp-content\/uploads\/ar-300x291.jpg 300w, https:\/\/karlovyvary.casd.cz\/wp-content\/uploads\/ar-768x744.jpg 768w, https:\/\/karlovyvary.casd.cz\/wp-content\/uploads\/ar-700x678.jpg 700w\" sizes=\"auto, (max-width: 300px) 100vw, 300px\" \/><p id=\"caption-attachment-8340\" class=\"wp-caption-text\">Ing. Arch. Ale\u0161 Lang<\/p><\/div>\n<p>&nbsp;<\/p>\n<p>&nbsp;<\/p>\n<p>&nbsp;<\/p>\n<p>&nbsp;<\/p>\n<p>&nbsp;<\/p>\n<p>&nbsp;<\/p>\n<p>&nbsp;<\/p>\n<p>&nbsp;<\/p>\n<p>&nbsp;<\/p>\n<p>Slavnostn\u00ed program ukon\u010dil sv\u00fdm p\u0159\u00e1n\u00edm sboru Mgr. Ji\u0159\u00ed Kls\u00e1k, n\u00e1m\u011bstek prim\u00e1tora m\u011bsta Karlovy Vary.<\/p>\n<p><strong>D\u011bkujeme Bohu za po\u017eehn\u00e1n\u00ed a ochranu b\u011bhem realizace stavby modlitebny. <\/strong><\/p>\n<p><strong>V\u011b\u0159\u00edme v Jeho veden\u00ed v dal\u0161\u00edch letech!<\/strong><\/p>\n<p><strong><a href=\"https:\/\/photos.google.com\/album\/AF1QipMxABOeqQbj-gmsvs3k5PtzfnG9pa7VGjfdwr4\">Fotografie z v\u00fdro\u010d\u00ed otev\u0159en\u00ed modlitebny<\/a><\/strong><\/p>\n<p><a href=\"https:\/\/photos.app.goo.gl\/PSMWAa634oiEH3A49?fbclid=IwAR2x8IrG2ey_TgKm0da2aWvcX7-_-iBaMj9PCh9zuihr2L22sz_1taXXurg\">Fotogalerie<\/a><\/p>\n<p><a href=\"https:\/\/www.facebook.com\/casdkv\/?ref=bookmarks\">V\u00edce o historii karlovarsk\u00e9ho sboru CASD<\/a><\/p>\n","protected":false},"excerpt":{"rendered":"<p>&nbsp; V sobotu 20. 10. 2018 oslavil karlovarsk\u00fd sbor C\u00edrkve adventist\u016f s.d. 30. v\u00fdro\u010d\u00ed otev\u0159en\u00ed nov\u00e9 modlitebny. Pozvan\u00ed host\u00e9 Jan Moravec, Rudolf Reitz, Pavel Zvol\u00e1nek a \u010dlenov\u00e9 karovarsk\u00e9ho sboru Franti\u0161ek [&hellip;]<\/p>\n","protected":false},"author":58,"featured_media":0,"comment_status":"open","ping_status":"open","sticky":false,"template":"","format":"standard","meta":{"_mi_skip_tracking":false,"_monsterinsights_sitenote_active":false,"_monsterinsights_sitenote_note":"","_monsterinsights_sitenote_category":0,"ngg_post_thumbnail":0,"footnotes":""},"categories":[18],"tags":[],"class_list":["post-8235","post","type-post","status-publish","format-standard","hentry","category-aktuality"],"_links":{"self":[{"href":"https:\/\/karlovyvary.casd.cz\/index.php?rest_route=\/wp\/v2\/posts\/8235","targetHints":{"allow":["GET"]}}],"collection":[{"href":"https:\/\/karlovyvary.casd.cz\/index.php?rest_route=\/wp\/v2\/posts"}],"about":[{"href":"https:\/\/karlovyvary.casd.cz\/index.php?rest_route=\/wp\/v2\/types\/post"}],"author":[{"embeddable":true,"href":"https:\/\/karlovyvary.casd.cz\/index.php?rest_route=\/wp\/v2\/users\/58"}],"replies":[{"embeddable":true,"href":"https:\/\/karlovyvary.casd.cz\/index.php?rest_route=%2Fwp%2Fv2%2Fcomments&post=8235"}],"version-history":[{"count":16,"href":"https:\/\/karlovyvary.casd.cz\/index.php?rest_route=\/wp\/v2\/posts\/8235\/revisions"}],"predecessor-version":[{"id":8365,"href":"https:\/\/karlovyvary.casd.cz\/index.php?rest_route=\/wp\/v2\/posts\/8235\/revisions\/8365"}],"wp:attachment":[{"href":"https:\/\/karlovyvary.casd.cz\/index.php?rest_route=%2Fwp%2Fv2%2Fmedia&parent=8235"}],"wp:term":[{"taxonomy":"category","embeddable":true,"href":"https:\/\/karlovyvary.casd.cz\/index.php?rest_route=%2Fwp%2Fv2%2Fcategories&post=8235"},{"taxonomy":"post_tag","embeddable":true,"href":"https:\/\/karlovyvary.casd.cz\/index.php?rest_route=%2Fwp%2Fv2%2Ftags&post=8235"}],"curies":[{"name":"wp","href":"https:\/\/api.w.org\/{rel}","templated":true}]}}