{"id":8119,"date":"2018-08-10T22:02:13","date_gmt":"2018-08-10T20:02:13","guid":{"rendered":"http:\/\/karlovyvary.casd.cz\/?p=8119"},"modified":"2018-08-10T22:11:09","modified_gmt":"2018-08-10T20:11:09","slug":"muz-ktery-mel-v-srdci-skutecny-ohen","status":"publish","type":"post","link":"https:\/\/karlovyvary.casd.cz\/?p=8119","title":{"rendered":"Mu\u017e, kter\u00fd m\u011bl v srdci skute\u010dn\u00fd ohe\u0148"},"content":{"rendered":"<p>28. 7. 2018 K\u00e1z\u00e1n\u00ed: Mu\u017e, kter\u00fd m\u011bl v srdci skute\u010dn\u00fd ohe\u0148 &#8211; Enoch Mart\u00ednek B. Th.<br \/>\n<a href=\"http:\/\/karlovyvary.casd.cz\/?attachment_id=8120\" rel=\"attachment wp-att-8120\"><img loading=\"lazy\" decoding=\"async\" src=\"http:\/\/karlovyvary.casd.cz\/wp-content\/uploads\/dreamstime_xxl_109928335-150x150.jpg\" alt=\"\" width=\"150\" height=\"150\" class=\"alignleft size-thumbnail wp-image-8120\" srcset=\"https:\/\/karlovyvary.casd.cz\/wp-content\/uploads\/dreamstime_xxl_109928335-150x150.jpg 150w, https:\/\/karlovyvary.casd.cz\/wp-content\/uploads\/dreamstime_xxl_109928335-300x300.jpg 300w, https:\/\/karlovyvary.casd.cz\/wp-content\/uploads\/dreamstime_xxl_109928335-768x768.jpg 768w, https:\/\/karlovyvary.casd.cz\/wp-content\/uploads\/dreamstime_xxl_109928335-700x700.jpg 700w, https:\/\/karlovyvary.casd.cz\/wp-content\/uploads\/dreamstime_xxl_109928335-64x64.jpg 64w\" sizes=\"auto, (max-width: 150px) 100vw, 150px\" \/><\/a><br \/>\nText: Jer 20,9: \u201eKdykoliv se v\u0161ak rozhodnu, \u017ee ji\u017e o tob\u011b nebudu mluvit a nevyslov\u00edm u\u017e ani jedin\u00e9 tv\u00e9 poselstv\u00ed, tv\u00e1 slova \u017ehnou v m\u00e9m srdci jako skute\u010dn\u00fd ohe\u0148. Spaluj\u00ed mne a\u017e do morku kost\u00ed tak dlouho, dokud mne nevy\u010derpaj\u00ed natolik, \u017ee je v sob\u011b u\u017e nemohu d\u00e9le udr\u017eet\u201c. (SNC)<br \/>\n<!--more--><br \/>\n\u00a9 creativecommonsstockphotos<\/p>\n<p>Hlavn\u00ed my\u0161lenka, z\u00e1m\u011br k\u00e1z\u00e1n\u00ed: \u201eD\u0159\u00edve, ne\u017e \u010dlov\u011bk p\u0159ed\u00e1 poselstv\u00ed evangelia, mus\u00ed toto poselstv\u00ed zap\u00e1lit jeho nositele.\u201c<br \/>\nOsnova:<br \/>\n\u00da: Evangeliza\u010dn\u00ed akce, kter\u00e1 nevy\u0161la<br \/>\nI.\tProrok v nebezpe\u010dn\u00e9 situaci (Jer 20)<br \/>\nII.\tProrokova frustrace (Jer 20,7-9)<br \/>\nIII.\tOhe\u0148 v srdci (Jer 20,9)<br \/>\n Z: Tent\u00fd\u017e ohe\u0148 m\u016f\u017ee \u2013 anebo by m\u011bl \u2013 ho\u0159et i v na\u0161em srdci.<\/p>\n<p>\u00da: P\u0159ed ur\u010dit\u00fdm \u010dasem vedouc\u00ed jednoho mal\u00e9ho sboru se rozhodli, \u017ee uspo\u0159\u00e1daj\u00ed evangeliza\u010dn\u00ed p\u0159edn\u00e1\u0161ky na jednom ostrov\u011b, v oblasti, kde je\u0161t\u011b nebylo zv\u011bstov\u00e1no biblick\u00e9 poselstv\u00ed. Pronajali si tam men\u0161\u00ed d\u016fm se dv\u011bma m\u00edstnostmi. Z\u00edskali povolen\u00ed, \u017ee d\u011bl\u00edc\u00ed ze\u010f mohou odstranit s podm\u00ednkou, \u017ee ji po ukon\u010den\u00ed akce op\u011bt postav\u00ed.<br \/>\nTakto vznikl\u00fd s\u00e1l opat\u0159ili venkovsk\u00fdmi lavicemi, vp\u0159edu vzty\u010dili r\u00e1m s napnut\u00fdm projek\u010dn\u00edm pl\u00e1tnem, vedle postavili flanelovou tabuli, kterou pou\u017eij\u00ed pro ilustrace. D\u00e1le nechali vytisknout pozv\u00e1nky a ru\u010dn\u011b je roznesli po cel\u00e9m okol\u00ed. Pak u\u017e s nap\u011bt\u00edm vyhl\u00ed\u017eeli zahajovac\u00ed ve\u010der s prvn\u00ed p\u0159edn\u00e1\u0161kou.<br \/>\nKdy\u017e v\u0161ak nade\u0161el \u010das k zah\u00e1jen\u00ed, nikdo z pozvan\u00fdch se neobjevil, ani jedin\u00fd n\u00e1v\u0161t\u011bvn\u00edk! \u201eTak co budeme d\u011blat?\u201c kladli si organiz\u00e1to\u0159i tuto ot\u00e1zku. Nakonec se rozhodli, \u017ee shrom\u00e1\u017ed\u011bn\u00ed uskute\u010dn\u00ed tak i tak. Zazp\u00edvali p\u00edse\u0148, pozdravili se navz\u00e1jem, mlad\u00ed mu\u017ei zazp\u00edvali kvartet a \u0159e\u010dn\u00edk za\u010dal k\u00e1zat.<br \/>\nTak pokra\u010dovali v evangelizaci po t\u0159i t\u00fddny, p\u0159esto\u017ee nikdo z vesnice nevstoupil dovnit\u0159. Toti\u017e m\u00edstn\u00ed kn\u011bz vyhro\u017eoval p\u0159\u00edsnou c\u00edrkevn\u00ed k\u00e1zn\u00ed ka\u017ed\u00e9mu, kdo nav\u0161t\u00edv\u00ed toto evangeliza\u010dn\u00ed shrom\u00e1\u017ed\u011bn\u00ed. Pot\u00e9 evangelizace skon\u010dila a \u010dlenov\u00e9 odch\u00e1zeli dom\u016f zmalomysln\u011bn\u00ed a frustrovan\u00ed.<br \/>\nAle to nebyl skute\u010dn\u00fd konec. Na konci dne\u0161n\u00edho k\u00e1z\u00e1n\u00ed usly\u0161\u00edte zbytek tohoto p\u0159\u00edb\u011bhu!<br \/>\nI.\tProrok v nebezpe\u010dn\u00e9 situaci (Jer 20. kap.)<br \/>\n1.\tJeremj\u00e1\u0161 se dostal do pot\u00ed\u017e\u00ed s p\u0159edsedaj\u00edc\u00edm kn\u011bzem Pa\u0161ch\u00farem. Tomu se v\u016fbec nel\u00edbilo, kdy\u017e prorok prohl\u00e1sil: \u201eSly\u0161te, co v\u00e1m prav\u00ed v\u00e1\u0161 Hospodin, v\u0161emocn\u00fd B\u016fh Izraele: D\u00edky tvrdo\u0161\u00edjnosti m\u00e9ho n\u00e1roda a jeho neochot\u011b naslouchat m\u00fdm slov\u016fm, napln\u00edm rozsudek, kter\u00fd jsem vynesl nad Jeruzal\u00e9mem a v\u0161emi okoln\u00edmi m\u011bsty, a sl\u00edbenou pohromu na n\u011b skute\u010dn\u011b se\u0161lu.\u201c (19, 15; SNC)<br \/>\n2.\tPa\u0161ch\u00far uvrhnul Jeremj\u00e1\u0161e do v\u011bzen\u00ed; nechal ho nejd\u0159\u00edve zb\u00edt, pak ho nechal vsadit do kl\u00e1dy. Na hrad\u011b v Lokti je mo\u017en\u00e9 vid\u011bt podobn\u00e9 mu\u010d\u00edc\u00ed za\u0159\u00edzen\u00ed. Paradoxem bylo, \u017ee v\u011bzen\u00ed se nach\u00e1zelo nedaleko Hospodinova chr\u00e1mu, toho Boha, kter\u00e9ho prorok zast\u00e1val a tlumo\u010dil jeho varovn\u00e1 poselstv\u00ed. (viz 20,2)<br \/>\n3.\tA to p\u0159i\u0161lo z\u00e1hy. Kdy\u017e ho dal Pa\u0161ch\u00far druh\u00fd den z kl\u00e1dy uvolnit, Jeremj\u00e1\u0161 mu ozn\u00e1mil: \u201eHospodin zm\u011bnil tv\u00e9 jm\u00e9no Pa\u0161ch\u00far na Mag\u00f3r mi-sab\u00edb (to znamen\u00e1 V\u0161ude kolem je hr\u016fza) a \u0159ekl: \u201eNapln\u00edm tebe i tv\u00e9 p\u0159\u00e1tel\u00e9 zd\u011b\u0161en\u00edm a nech\u00e1m je p\u0159ed tv\u00fdmi zraky zahynout zbran\u011bmi nep\u0159\u00e1tel. Cel\u00e9 Judsko vyd\u00e1m do podru\u010d\u00ed kr\u00e1li Babyl\u00f3nu. Jeho vojska p\u0159iprav\u00ed mnoho Izraelc\u016f o \u017eivot, a ty, kte\u0159\u00ed z\u016fstanou, kr\u00e1l odvle\u010de jako sv\u00e9 otroky do Babyl\u00f3nu\u201c. (Jer 20,3.4; SNC)<br \/>\nII.\tProrok Jeremj\u00e1\u0161 je frustrov\u00e1n, je vyveden z m\u00edry. (Jer 20,7-9)<br \/>\nP\u0159: U\u017e jste n\u011bkdy byli frustrov\u00e1ni? Pak si vzpomenete na tento du\u0161evn\u00ed stav poru\u0161en\u00e9 psychick\u00e9 a citov\u00e9 rovnov\u00e1hy. Va\u0161e snahy dov\u00e9st spravedlivou v\u011bc do c\u00edle jsou zablokov\u00e1ny. Va\u0161e po\u010diny jsou ma\u0159eny nebo znemo\u017e\u0148ov\u00e1ny. C\u00edt\u00edte se jakoby ve slep\u00e9 uli\u010dce.<br \/>\n\u2022\tJeremj\u00e1\u0161 o\u010dek\u00e1val, \u017ee Hospodinovo posledn\u00ed varovn\u00e9 poselstv\u00ed zat\u0159ese p\u0159edstaven\u00fdmi Izraele, \u017ee jeho v\u011brn\u00e9 tlumo\u010den\u00ed t\u00e9to v\u00fdstrahy l\u00e1sky dosp\u011bje ke sluchu n\u00e1roda, a ten se op\u011bt obr\u00e1t\u00ed k Bohu v pok\u00e1n\u00ed. Ale nic takov\u00e9ho se ned\u011blo. Naopak on s\u00e1m se stal ter\u010dem zloby a nen\u00e1visti. Co byste d\u011blali na prorokov\u011b m\u00edst\u011b?<br \/>\n1.\tByl \u010das v\u0161eho nechat a zmizet! Jeremj\u00e1\u0161 toho m\u011bl akor\u00e1t tak dost!<br \/>\n\u2022\t\u201eM\u00e9 postaven\u00ed bylo den ode dne hor\u0161\u00ed,\u201c p\u00ed\u0161e Jeremj\u00e1\u0161, \u201ea proto jsem jednou Hospodinu \u0159ekl: Pane, zl\u00e1kal jsi mne k posl\u00e1n\u00ed proroka a j\u00e1 jsem tv\u00e9 moci podlehl a nechal se p\u0159emluvit. Nyn\u00ed v\u0161ak cel\u00e9 dny ode v\u0161ech sn\u00e1\u0161\u00edm jen v\u00fdsm\u011bch a pohrd\u00e1n\u00ed.\u201c (20,7.8; SNC)<br \/>\n\u2022\tNa po\u010d\u00e1tku, kdy\u017e byl Jeremj\u00e1\u0161 jako mlad\u00edk povol\u00e1n, Hospodin mu sl\u00edbil: \u201eP\u0159esto\u017ee se proti tob\u011b v cel\u00e9 zemi zvedne vlna odporu a v\u0161ichni jud\u0161t\u00ed kr\u00e1lov\u00e9 i s jejich veliteli a kn\u011b\u017e\u00edmi se v \u010dele z\u00e1stupu lid\u00ed budou sna\u017eit tv\u00e9 d\u00edlo zni\u010dit, ale nepoda\u0159\u00ed se jim to. J\u00e1 s\u00e1m, tv\u016fj Hospodin, budu toti\u017e st\u00e1t po tv\u00e9m boku a v\u017edy t\u011b vysvobod\u00edm\u201c (1,19; SNC).<br \/>\n\u2022\tJeremj\u00e1\u0161 v\u0161ak c\u00edt\u00ed, \u017ee toto zasl\u00edben\u00ed se nenapl\u0148uje a \u017ee on nen\u00ed vysvobozen.<br \/>\n2.\tC\u00edt\u00ed\u0161 se tak\u00e9 n\u011bkdy podobn\u011b, \u017ee je \u010das v\u0161eho nechat a ut\u00e9ct? C\u00edt\u00ed\u0161 se tak, \u017ee toho je na tebe p\u0159esp\u0159\u00edli\u0161?<br \/>\n\u2022\tRodina s tebou nesouhlas\u00ed.<br \/>\n\u2022\tKolegov\u00e9 v pr\u00e1ci t\u011b naz\u00fdvaj\u00ed n\u00e1bo\u017eensk\u00fdm fanatikem.<br \/>\n\u2022\tTvoji b\u00fdval\u00ed p\u0159\u00e1tel\u00e9 se pouze pochecht\u00e1vaj\u00ed.<br \/>\n\u2022\t\u201eOdev\u0161ad ke mn\u011b dol\u00e9haj\u00ed skryt\u00e9 vyhr\u016f\u017eky, udava\u010di na mn\u011b \u010d\u00edhaj\u00ed ze v\u0161ech stran\u2026 Ti, kdo se d\u0159\u00edve naz\u00fdvali m\u00fdmi p\u0159\u00e1teli, neust\u00e1le \u010dekaj\u00ed na m\u016fj sebemen\u0161\u00ed poklesek. Navz\u00e1jem se domlouvaj\u00ed, jak m\u011b nejl\u00e9pe oklamat, aby nade mnou u\u017e kone\u010dn\u011b zv\u00edt\u011bzili a mohli se mi pomst\u00edt.\u201c (20,10; SNC)<br \/>\n\u2022\tPosledn\u00ed t\u0159i p\u0159\u00e1tel\u00e9, kter\u00e9 jsi seznamoval s Bibl\u00ed, se nakonec nerozhodli pro P\u00e1na a p\u0159estali chodit do sboru. Zd\u00e1 se ti, \u017ee to bylo pouze mrh\u00e1n\u00ed \u010dasem.<br \/>\n3.\tV knize \u201e\u017divot napln\u011bn\u00fd pokojem\u201c autorka uv\u00e1d\u00ed pozoruhodn\u00e9 prohl\u00e1\u0161en\u00ed: \u201eV\u0161ichni, kdo se prohla\u0161uj\u00ed za Bo\u017e\u00ed d\u011bti, by m\u011bli m\u00edt na mysli, \u017ee jako mision\u00e1\u0159i budou p\u0159ich\u00e1zet do styku se v\u0161emi druhy lid\u00ed. Jsou lid\u00e9 jemn\u00ed i drsn\u00ed, skromn\u00ed i py\u0161n\u00ed, zbo\u017en\u00ed i pochybova\u010dn\u00ed, vzd\u011blan\u00ed i nev\u011bdom\u00ed, bohat\u00ed i chud\u00ed. Se v\u0161emi nelze jednat stejn\u011b. V\u0161ichni v\u0161ak pot\u0159ebuj\u00ed laskavost a soucit. Vz\u00e1jemn\u00fdm stykem bychom m\u011bli z\u00edskat uhlazenost a jemnost. Jsme z\u00e1visl\u00ed jeden na druh\u00e9m. Jsme k sob\u011b t\u011bsn\u011b sv\u00e1z\u00e1ni pouty lidsk\u00e9ho bratrstv\u00ed.\u201c (\u017dNP 268; MH 494-495)<br \/>\n4.\tAle Jeremj\u00e1\u0161e n\u011bco uvnit\u0159 pudilo, poh\u00e1n\u011blo kup\u0159edu.<br \/>\n\u201eKdykoli se v\u0161ak rozhodnu, \u017ee ji\u017e o tob\u011b nebudu mluvit a nevyslov\u00edm u\u017e ani jedin\u00e9 tv\u00e9 poselstv\u00ed, tv\u00e1 slova \u017ehnou v m\u00e9m srdci jako skute\u010dn\u00fd ohe\u0148. Spaluj\u00ed mne a\u017e do morku kost\u00ed.\u201c (20,9; SNC)<br \/>\n\u2022\tTat\u00e1\u017e pisatelka rad\u00ed: \u201eProst\u0159ednictv\u00edm spole\u010densk\u00fdch vztah\u016f se k\u0159es\u0165anstv\u00ed dost\u00e1v\u00e1 do styku se sv\u011btem. Ka\u017ed\u00fd mu\u017e nebo \u017eena, kte\u0159\u00ed se nechaj\u00ed v\u00e9st Bohem, maj\u00ed oza\u0159ovat temnou cestu t\u011bch, kdo lep\u0161\u00ed zp\u016fsob jedn\u00e1n\u00ed neznaj\u00ed. Spole\u010densk\u00fd vliv, posv\u011bcen\u00fd Kristov\u00fdm Duchem, mus\u00edme vyu\u017e\u00edt k p\u0159iv\u00e1d\u011bn\u00ed lid\u00ed ke Spasiteli. Kristus nem\u00e1 b\u00fdt ukryt v srdci jako vytou\u017een\u00fd, posv\u00e1tn\u00fd a sladk\u00fd poklad, aby se z n\u011bho t\u011b\u0161il jen majitel. M\u00e1me m\u00edt Krista v sob\u011b jako pramen vody, tryskaj\u00edc\u00ed k v\u011b\u010dn\u00e9mu \u017eivotu a ob\u010derstvuj\u00edc\u00ed ka\u017ed\u00e9ho, kdo s n\u00e1mi p\u0159ijde do styku.\u201c (tamt\u00e9\u017e)<br \/>\nIII.\tOhe\u0148 v srdci i v kostech<br \/>\n1.\t\u201eKdykoli se v\u0161ak rozhodnu, \u017ee ji\u017e o tob\u011b nebudu mluvit a nevyslov\u00edm u\u017e ani jedin\u00e9 tv\u00e9 poselstv\u00ed, tv\u00e1 slova \u017ehnou v m\u00e9m srdci jako skute\u010dn\u00fd ohe\u0148. Spaluj\u00ed mne a\u017e do morku kost\u00ed tak dlouho, dokud mne nevy\u010derpaj\u00ed natolik, \u017ee je v sob\u011b u\u017e nemohu d\u00e9le udr\u017eet\u201c (20,9; SNC)<br \/>\n2.\t\u201eD\u0159\u00edve, ne\u017e \u010dlov\u011bk p\u0159ed\u00e1 poselstv\u00ed evangelia, mus\u00ed toto poselstv\u00ed zap\u00e1lit jeho nositele.\u201c<br \/>\n&#8211;\tNem\u016f\u017ee\u0161 zapalovat druh\u00e9, pokud s\u00e1m neho\u0159\u00ed\u0161.<br \/>\n\u2022\tJe\u017e\u00ed\u0161 p\u0159edpov\u011bd\u011bl, \u017ee se stane toto: \u201eZv\u011bst o sp\u00e1se, kterou jsem p\u0159inesl na zem, se bude \u0161\u00ed\u0159it jako ohe\u0148; a jak si p\u0159eji, aby u\u017e vzpl\u00e1l!\u201c (Luk 12,49; SNC) P\u0159ed t\u00edm v\u0161ak \u0159ekl toto: \u201eOd toho, komu bylo mnoho sv\u011b\u0159eno, bude mnoho o\u010dek\u00e1v\u00e1no, a kdo dostal jasn\u00e9 pokyny, od toho bude mnoho vy\u017eadov\u00e1no.\u201c (Luk 12,48; SNC)<br \/>\n\u2022\tPoselstv\u00ed evangelia se mus\u00ed p\u0159edstavit sv\u011btu. \u201cPak jsem vid\u011bl and\u011bla, jak let\u011bl vysoko nad nebeskou klenbou. Nesl radostnou zpr\u00e1vu o vykoupen\u00ed, zpr\u00e1vu, kter\u00e1 nikdy neztrat\u00ed svou platnost. Ohla\u0161oval ji v\u0161em obyvatel\u016fm zem\u011b, lidem v\u0161ech ras, kmen\u016f, jazyk\u016f i n\u00e1rodnost\u00ed.\u201c (Zj 14,6; SNC)<br \/>\n\u2022\tA and\u011bl to za letu zv\u011bstoval \u201esiln\u00fdm hlasem\u201c (tzn. nal\u00e9hav\u011b, urgentn\u011b).<br \/>\n\u2022\tPro Jeremj\u00e1\u0161e to bylo jako \u201eskute\u010dn\u00fd ohe\u0148. (Hospodinova slova) Spaluj\u00ed mne a\u017e do morku kost\u00ed tak dlouho, dokud mne nevy\u010derpaj\u00ed natolik, \u017ee je v sob\u011b u\u017e nemohu d\u00e9le udr\u017eet\u201c (20,9; SNC)<br \/>\n3.\tCo p\u0159edstavuje ohe\u0148?<br \/>\n\u2022\tV biblick\u00e9 symbolice p\u0159edev\u0161\u00edm Ducha svat\u00e9ho. Kdy\u017e u\u010dedn\u00edci za\u010dali k\u00e1zat o Letnic\u00edch, zpr\u00e1va ve Skutc\u00edch \u0159\u00edk\u00e1: \u201eTu se jim objevil pl\u00e1polaj\u00edc\u00ed ohe\u0148, kter\u00fd se rozd\u011blil a ho\u0159el nad ka\u017ed\u00fdm z nich. A v\u0161ichni byli napln\u011bni Duchem svat\u00fdm.\u201c (Sk 2,3.4; SNC)<br \/>\n\u2022\tZadruh\u00e9 \u201eohe\u0148\u201c t\u00e9\u017e p\u0159edstavuje v n\u00e1bo\u017eensk\u00e9 zku\u0161enosti evangeliza\u010dn\u00ed z\u00e1pal a nad\u0161en\u00ed \u2013 kter\u00e9 vyvol\u00e1v\u00e1 v \u010dlov\u011bku Duch svat\u00fd. \u201eJ\u00e1 k\u0159t\u00edm vodou (\u0159\u00edk\u00e1 Jan K\u0159titel) ty, kte\u0159\u00ed c\u00edt\u00ed sv\u00e1 provin\u011bn\u00ed jako b\u0159emeno a vyzn\u00e1vaj\u00ed je. Av\u0161ak po mn\u011b p\u0159ijde n\u011bkdo daleko mocn\u011bj\u0161\u00ed ne\u017e j\u00e1; nejsem hoden ani toho, abych mu vy\u010distil obuv. On v\u00e1s bude k\u0159t\u00edt Duchem svat\u00fdm a ohn\u011bm.\u201c (Mat 3,11; SNC)<br \/>\n\u2022\tZat\u0159et\u00ed \u201eohe\u0148 v srdci a kostech\u201c p\u016fsob\u00ed Duch svat\u00fd. Pohl\u00e9dn\u011bme do knihy Skutk\u016f 19,1-6 na zku\u0161enost n\u011bkter\u00fdch u\u010dedn\u00edk\u016f Jana K\u0159titele a jejich z\u00e1\u017eitek s Duchem svat\u00fdm a ohn\u011bm. Pavel je co nejd\u0159\u00edve pok\u0159til \u201ea kdy\u017e jim potom \u017eehnal, sestoupil na n\u011b Duch svat\u00fd a oni za\u010dali mluvit v prorock\u00e9m nad\u0161en\u00ed\u201c (v.6; SNC).<br \/>\n\u2022\tZa\u010dtvrt\u00e9 dejme si p\u0159\u00edklad. D\u0159\u00edve ne\u017e hodl\u00e1te n\u011bkoho nav\u0161t\u00edvit, po\u017e\u00e1dejte Boha na modlitb\u011b, aby \u0161el s v\u00e1mi. Proste P\u00e1na, aby Duchem svat\u00fdm p\u0159ipravil toho, ke komu jdete, a t\u00e9\u017e i v\u00e1s. Modlete se o moudrost, citlivost, zbaven\u00ed strachu a obav z n\u00e1v\u0161t\u011bvy a o Bo\u017e\u00ed p\u0159\u00edtomnost. D\u016fv\u011b\u0159ujte P\u00e1nu, \u017ee v\u00e1m pom\u016f\u017ee uskute\u010dnit tuto sch\u016fzku. Usm\u00edvejte se a bu\u010fte p\u0159\u00e1tel\u0161t\u00ed, co\u017e je velmi d\u016fle\u017eit\u00e9! Radujte se!<br \/>\n4.\tPod\u00edvejme se na to, jak ohe\u0148 v srdci a kostech se projevoval u apo\u0161tola Pavla: \u201eRad\u011bji bych zem\u0159el, ne\u017e bych zahodil to, na\u010d jsem a\u017e dosud mohl b\u00fdt hrd\u00fd. Abyste mi dob\u0159e rozum\u011bli: to, \u017ee hl\u00e1s\u00e1m Kristovo poselstv\u00ed, nepokl\u00e1d\u00e1m si za z\u00e1sluhu, za n\u00ed\u017e bych m\u011bl n\u00e1rok na odm\u011bnu. Je to prost\u011b moje povinnost, \u00fakol, kter\u00fd mus\u00edm splnit \u2013 jinak se mnou bude zle. Jsem v\u0161ak hrd\u00fd na to, \u017ee slou\u017e\u00edm Kristu jako jeho vyslanec a v\u016fbec nic za to nechci, \u017ee se vzd\u00e1v\u00e1m i toho, co mi pr\u00e1vem n\u00e1le\u017e\u00ed.\u201c (1 Kor 9,16-18; SNC)<br \/>\n5.\tIlustrace: Kdysi d\u00e1vno okolo roku 1200 \u017eil ve \u0160pan\u011blsku \u010dlov\u011bk, kter\u00fd se jmenoval Ramon Llull. Byl zn\u00e1m jako trubad\u00far, dvorn\u00ed muzikant, a byl dalek jak\u00e9hokoli n\u00e1bo\u017eenstv\u00ed \u010di v\u00edry. Jednou Ramon Llull m\u011bl vid\u011bn\u00ed, jak se p\u00ed\u0161e ve star\u00fdch z\u00e1znamech, v n\u011bm\u017e byl vyzv\u00e1n, aby slo\u017eil p\u00edsni\u010dku pro n\u011bj s podivn\u00fdmi slovy: \u201eOn pohled\u011bl vpravo a spat\u0159il na\u0161eho P\u00e1na Je\u017e\u00ed\u0161e Krista na k\u0159\u00ed\u017ei vis\u00edc\u00edho vysoko nad zem\u00ed\u201c.<br \/>\n\u2022\tToto vid\u011bn\u00ed zm\u011bnilo jeho \u017eivot. Stal se mision\u00e1\u0159em se t\u0159emi \u00famysly:<br \/>\n&#8211;\tByl ochoten ob\u011btovat sv\u016fj \u017eivot ve slu\u017eb\u011b Bohu tak dlouho, a\u017e se muslimov\u00e9 obr\u00e1t\u00ed na k\u0159es\u0165anstv\u00ed.<br \/>\n&#8211;\tCht\u011bl vyhledat n\u011bjakou n\u00e1bo\u017eenskou spole\u010dnost, kde by se vyu\u010dovaly ciz\u00ed jazyky.<br \/>\n&#8211;\tHodlal napsat knihu o tom, jak p\u0159ekonat n\u011b\u010d\u00ed p\u0159ek\u00e1\u017eky, aby se mohl obr\u00e1tit na v\u00edru.<br \/>\nRamon Llull se okam\u017eit\u011b pustil do studia arab\u0161tiny a dal\u0161\u00edch evropsk\u00fdch jazyk\u016f, kter\u00e9 v t\u00e9 dob\u011b pot\u0159eboval, aby mohl p\u0159iv\u00e1d\u011bt muslimy ke Kristu. Procestoval Evropu a sna\u017eil se zakl\u00e1dat \u0161koly pro budouc\u00ed mision\u00e1\u0159e.<br \/>\nUskute\u010dnil t\u00e9\u017e \u0159adu cest za muslimy v Severn\u00ed Africe. V dob\u011b, kdy\u017e m\u011bl 82 let, byl kamenov\u00e1n a jen tak tak unikl. Zran\u011bn\u00ed, kter\u00e1 utr\u017eil, jej  nakonec p\u0159ivedla ke smrti.<br \/>\nTo podstatn\u00e9 je, \u017ee Ramon Llull byl rozhodnut p\u0159iv\u00e1d\u011bt muslimy a \u017eidy ke k\u0159es\u0165anstv\u00ed. V jeho srdci a kostech ho\u0159el evangeliza\u010dn\u00ed ohe\u0148, kter\u00fd nikdy nevyhasnul.<br \/>\nZ\u00e1v\u011br: Co se nakonec stalo po tom ne\u00fasp\u011b\u0161n\u00e9m evangeliza\u010dn\u00edm ta\u017een\u00ed na nejmenovan\u00e9m ostrov\u011b? Kazatel byl posl\u00e9ze povol\u00e1n na jin\u00e9 m\u00edsto. D\u016fm, v n\u011bm\u017e prob\u00edhaly p\u0159edn\u00e1\u0161ky, ov\u0161em bez \u00fa\u010dast\u00ed host\u016f, byl vr\u00e1cen jeho majiteli. A vedouc\u00ed tohoto misijn\u00edho programu se vr\u00e1tili ke sv\u00e9 pr\u00e1ci. Ale ohe\u0148 ho\u0159el d\u00e1l, oni to nevzdali!<br \/>\nO n\u011bkolik let pozd\u011bji b\u00fdval\u00fd kazatel nav\u0161t\u00edvil onen ostrov. Star\u0161\u00ed sboru mu uk\u00e1zal ten mal\u00fd domek a projel s n\u00edm celou oblast. P\u0159itom mu \u0159ekl: \u201eMy jsme to nikdy nevzdali. Nav\u0161t\u011bvovali jsme lidi, studovali jsme s nimi Bibli a v\u011bnovali jsme se jim.\u201c Pak b\u00fdval\u00e9mu kazateli uk\u00e1zal t\u0159i nov\u00e9 sbory a modlitebny, kter\u00e9 \u010d\u00edtaj\u00ed okolo 1000 \u010dlen\u016f. Mnoho z t\u011bchto sou\u010dasn\u00fdch \u010dlen\u016f nikdy nevstoupili dovnit\u0159 onoho domku b\u011bhem d\u0159\u00edv\u011bj\u0161\u00ed evangelizace; oni v\u0161ak byli venku ve tm\u011b a poslouchali p\u0159es okna! Dokonce i kn\u011bz t\u00e9to farnosti s\u00e1m se stal adventistou s.d.!<br \/>\n\u201eOhe\u0148 v srdci a v kostech!!\u201c<br \/>\nTent\u00fd\u017e evangeliza\u010dn\u00ed ohe\u0148 a z\u00e1pal m\u016f\u017ee ho\u0159et ve va\u0161em srdci a va\u0161ich kostech jako po\u017eehn\u00e1n\u00ed a pod veden\u00ed Ducha svat\u00e9ho.<br \/>\nAmen.<\/p>\n","protected":false},"excerpt":{"rendered":"<p>28. 7. 2018 K\u00e1z\u00e1n\u00ed: Mu\u017e, kter\u00fd m\u011bl v srdci skute\u010dn\u00fd ohe\u0148 &#8211; Enoch Mart\u00ednek B. Th. Text: Jer 20,9: \u201eKdykoliv se v\u0161ak rozhodnu, \u017ee ji\u017e o tob\u011b nebudu mluvit a [&hellip;]<\/p>\n","protected":false},"author":58,"featured_media":0,"comment_status":"open","ping_status":"open","sticky":false,"template":"","format":"standard","meta":{"_mi_skip_tracking":false,"_monsterinsights_sitenote_active":false,"_monsterinsights_sitenote_note":"","_monsterinsights_sitenote_category":0,"ngg_post_thumbnail":0,"footnotes":""},"categories":[1],"tags":[],"class_list":["post-8119","post","type-post","status-publish","format-standard","hentry","category-kazani-2"],"_links":{"self":[{"href":"https:\/\/karlovyvary.casd.cz\/index.php?rest_route=\/wp\/v2\/posts\/8119","targetHints":{"allow":["GET"]}}],"collection":[{"href":"https:\/\/karlovyvary.casd.cz\/index.php?rest_route=\/wp\/v2\/posts"}],"about":[{"href":"https:\/\/karlovyvary.casd.cz\/index.php?rest_route=\/wp\/v2\/types\/post"}],"author":[{"embeddable":true,"href":"https:\/\/karlovyvary.casd.cz\/index.php?rest_route=\/wp\/v2\/users\/58"}],"replies":[{"embeddable":true,"href":"https:\/\/karlovyvary.casd.cz\/index.php?rest_route=%2Fwp%2Fv2%2Fcomments&post=8119"}],"version-history":[{"count":5,"href":"https:\/\/karlovyvary.casd.cz\/index.php?rest_route=\/wp\/v2\/posts\/8119\/revisions"}],"predecessor-version":[{"id":8125,"href":"https:\/\/karlovyvary.casd.cz\/index.php?rest_route=\/wp\/v2\/posts\/8119\/revisions\/8125"}],"wp:attachment":[{"href":"https:\/\/karlovyvary.casd.cz\/index.php?rest_route=%2Fwp%2Fv2%2Fmedia&parent=8119"}],"wp:term":[{"taxonomy":"category","embeddable":true,"href":"https:\/\/karlovyvary.casd.cz\/index.php?rest_route=%2Fwp%2Fv2%2Fcategories&post=8119"},{"taxonomy":"post_tag","embeddable":true,"href":"https:\/\/karlovyvary.casd.cz\/index.php?rest_route=%2Fwp%2Fv2%2Ftags&post=8119"}],"curies":[{"name":"wp","href":"https:\/\/api.w.org\/{rel}","templated":true}]}}