{"id":7978,"date":"2018-03-23T00:18:19","date_gmt":"2018-03-22T23:18:19","guid":{"rendered":"http:\/\/karlovyvary.casd.cz\/?p=7978"},"modified":"2018-03-23T00:18:19","modified_gmt":"2018-03-22T23:18:19","slug":"sedm-slov-jezisovych-z-krize-aneb-o-bozi-blizkosti","status":"publish","type":"post","link":"https:\/\/karlovyvary.casd.cz\/?p=7978","title":{"rendered":"Sedm slov Je\u017e\u00ed\u0161ov\u00fdch z k\u0159\u00ed\u017ee aneb o Bo\u017e\u00ed bl\u00edzkosti"},"content":{"rendered":"<p><img loading=\"lazy\" decoding=\"async\" width=\"192\" height=\"271\" class=\"alignleft  wp-image-7979\" alt=\"\" src=\"http:\/\/karlovyvary.casd.cz\/wp-content\/uploads\/Bohoslu\u017eba-s-VP-p\u0159ed-Velikonocemi-jpeg-700x990.jpg\" srcset=\"https:\/\/karlovyvary.casd.cz\/wp-content\/uploads\/Bohoslu\u017eba-s-VP-p\u0159ed-Velikonocemi-jpeg-700x990.jpg 700w, https:\/\/karlovyvary.casd.cz\/wp-content\/uploads\/Bohoslu\u017eba-s-VP-p\u0159ed-Velikonocemi-jpeg-212x300.jpg 212w, https:\/\/karlovyvary.casd.cz\/wp-content\/uploads\/Bohoslu\u017eba-s-VP-p\u0159ed-Velikonocemi-jpeg-768x1086.jpg 768w\" sizes=\"auto, (max-width: 192px) 100vw, 192px\" \/>Srde\u010dn\u011b zveme na bohoslu\u017ebu s ve\u010de\u0159\u00ed P\u00e1n\u011b s n\u00e1zvem &#8222;Sedm slov Je\u017e\u00ed\u0161ov\u00fdch z k\u0159\u00ed\u017ee&#8220;. Sedm v\u00fdrok\u016f z k\u0159\u00ed\u017ee tvo\u0159\u00ed jak\u00fdsi Je\u017e\u00ed\u0161\u016fv testament &#8211; posledn\u00ed v\u016fli. Kristus z\u0159ejm\u011b v\u011bd\u011bl, \u017ee mu na <em>trp\u00edc\u00edch<\/em> rtech budou viset generace k\u0159es\u0165an\u016f. Proto sv\u00e1 slova formuloval velmi pe\u010dliv\u011b.&nbsp; P\u0159ij\u010fte se s n\u00e1mi zaposlouchat do t\u011bchto v\u00fdrok\u016f a na\u010derpat z nich nad\u011bji do p\u0159\u00ed\u0161t\u00edch dn\u016f. Za\u010d\u00e1tek v <strong>10:30 na Plze\u0148sk\u00e9 49, K. Vary<\/strong>.<\/p>\n<p>&nbsp;<\/p>\n<p><strong>Sedm slov:<\/strong><\/p>\n<p>Je\u017e\u00ed\u0161 \u0159ekl: <em>&#8222;Ot\u010de, odpus\u0165 jim, v\u017edy\u0165 nev\u011bd\u00ed, co \u010din\u00ed.&#8220;<\/em> (L 23,34)<\/p>\n<p>Kdy\u017e Je\u017e\u00ed\u0161 spat\u0159il matku a vedle n\u00ed u\u010dedn\u00edka, kter\u00e9ho miloval, \u0159ekl matce: <em>&#8222;\u017deno, hle, tv\u016fj syn!&#8220; <\/em>Potom \u0159ekl tomu u\u010dedn\u00edkovi: <em>&#8222;Hle, tv\u00e1 matka!&#8220;<\/em> V tu hodinu ji onen u\u010dedn\u00edk p\u0159ijal k sob\u011b. (J 19,26)<!--more--><\/p>\n<p>Je\u017e\u00ed\u0161 mu odpov\u011bd\u011bl: <em>&#8222;Amen, prav\u00edm ti, dnes bude\u0161 se mnou v r\u00e1ji.&#8220;<\/em> (L 23,43)<\/p>\n<p>Kolem t\u0159et\u00ed hodiny zvolal Je\u017e\u00ed\u0161 mocn\u00fdm hlasem: <em>&#8222;Eli, Eli, lama sabachtani?&#8220;<\/em>, to jest: <em>&#8218;Bo\u017ee m\u016fj, Bo\u017ee m\u016fj, pro\u010d jsi mne opustil?&#8216;<\/em> (Mt 27,46)<\/p>\n<p>Je\u017e\u00ed\u0161 v\u011bd\u011bl, \u017ee v\u0161e je ji\u017e dokon\u00e1no; a proto, aby se a\u017e do konce naplnilo P\u00edsmo, \u0159ekl: <em>&#8222;\u017d\u00edzn\u00edm.&#8220;<\/em> (J 19,28)<\/p>\n<p>Kdy\u017e Je\u017e\u00ed\u0161 okusil octa, \u0159ekl: <em>&#8222;Dokon\u00e1no jest.&#8220;<\/em> A nakloniv hlavu, skonal. (J 19,30)<\/p>\n<p>A Je\u017e\u00ed\u0161 zvolal mocn\u00fdm hlasem: <em>&#8222;Ot\u010de, do tv\u00fdch rukou odevzd\u00e1v\u00e1m sv\u00e9ho ducha.&#8220;<\/em> Po t\u011bch slovech skonal. (L 23,46)<\/p>\n<p>&nbsp;<\/p>\n","protected":false},"excerpt":{"rendered":"<p>Srde\u010dn\u011b zveme na bohoslu\u017ebu s ve\u010de\u0159\u00ed P\u00e1n\u011b s n\u00e1zvem &#8222;Sedm slov Je\u017e\u00ed\u0161ov\u00fdch z k\u0159\u00ed\u017ee&#8220;. Sedm v\u00fdrok\u016f z k\u0159\u00ed\u017ee tvo\u0159\u00ed jak\u00fdsi Je\u017e\u00ed\u0161\u016fv testament &#8211; posledn\u00ed v\u016fli. Kristus z\u0159ejm\u011b v\u011bd\u011bl, \u017ee mu [&hellip;]<\/p>\n","protected":false},"author":1395,"featured_media":0,"comment_status":"open","ping_status":"open","sticky":false,"template":"","format":"standard","meta":{"_mi_skip_tracking":false,"_monsterinsights_sitenote_active":false,"_monsterinsights_sitenote_note":"","_monsterinsights_sitenote_category":0,"ngg_post_thumbnail":0,"footnotes":""},"categories":[16],"tags":[],"class_list":["post-7978","post","type-post","status-publish","format-standard","hentry","category-pozvanky"],"_links":{"self":[{"href":"https:\/\/karlovyvary.casd.cz\/index.php?rest_route=\/wp\/v2\/posts\/7978","targetHints":{"allow":["GET"]}}],"collection":[{"href":"https:\/\/karlovyvary.casd.cz\/index.php?rest_route=\/wp\/v2\/posts"}],"about":[{"href":"https:\/\/karlovyvary.casd.cz\/index.php?rest_route=\/wp\/v2\/types\/post"}],"author":[{"embeddable":true,"href":"https:\/\/karlovyvary.casd.cz\/index.php?rest_route=\/wp\/v2\/users\/1395"}],"replies":[{"embeddable":true,"href":"https:\/\/karlovyvary.casd.cz\/index.php?rest_route=%2Fwp%2Fv2%2Fcomments&post=7978"}],"version-history":[{"count":1,"href":"https:\/\/karlovyvary.casd.cz\/index.php?rest_route=\/wp\/v2\/posts\/7978\/revisions"}],"predecessor-version":[{"id":7980,"href":"https:\/\/karlovyvary.casd.cz\/index.php?rest_route=\/wp\/v2\/posts\/7978\/revisions\/7980"}],"wp:attachment":[{"href":"https:\/\/karlovyvary.casd.cz\/index.php?rest_route=%2Fwp%2Fv2%2Fmedia&parent=7978"}],"wp:term":[{"taxonomy":"category","embeddable":true,"href":"https:\/\/karlovyvary.casd.cz\/index.php?rest_route=%2Fwp%2Fv2%2Fcategories&post=7978"},{"taxonomy":"post_tag","embeddable":true,"href":"https:\/\/karlovyvary.casd.cz\/index.php?rest_route=%2Fwp%2Fv2%2Ftags&post=7978"}],"curies":[{"name":"wp","href":"https:\/\/api.w.org\/{rel}","templated":true}]}}