{"id":7871,"date":"2018-01-11T22:09:53","date_gmt":"2018-01-11T21:09:53","guid":{"rendered":"http:\/\/karlovyvary.casd.cz\/?p=7871"},"modified":"2018-01-11T22:11:57","modified_gmt":"2018-01-11T21:11:57","slug":"20-1-2018-1400-promitani-filmu-rekni-to-svetu-o-pocatcich-adventismu","status":"publish","type":"post","link":"https:\/\/karlovyvary.casd.cz\/?p=7871","title":{"rendered":"20.1. 2018, 14:00 &#8211; Prom\u00edt\u00e1n\u00ed filmu &#8222;\u0158ekni to sv\u011btu&#8220; o po\u010d\u00e1tc\u00edch adventismu"},"content":{"rendered":"<p><strong><img loading=\"lazy\" decoding=\"async\" width=\"154\" height=\"219\" class=\"alignleft wp-image-7873\" alt=\"\" src=\"http:\/\/karlovyvary.casd.cz\/wp-content\/uploads\/\u0159ekni-to-sv\u011btu.jpg\" srcset=\"https:\/\/karlovyvary.casd.cz\/wp-content\/uploads\/\u0159ekni-to-sv\u011btu.jpg 384w, https:\/\/karlovyvary.casd.cz\/wp-content\/uploads\/\u0159ekni-to-sv\u011btu-211x300.jpg 211w\" sizes=\"auto, (max-width: 154px) 100vw, 154px\" \/><\/strong>R\u00e1di bychom V\u00e1s pozvali na prom\u00edt\u00e1n\u00ed filmu o po\u010d\u00e1tc\u00edch adventismu s n\u00e1zvem <strong>&#8222;\u0158ekni to sv\u011btu&#8220;<\/strong>. Produkce prob\u011bhne <strong>20. ledna 2018 od 14:00 v mal\u00e9m s\u00e1le<\/strong> sborov\u00e9ho domu, kter\u00fd se nach\u00e1z\u00ed v prvn\u00edm pat\u0159e budovy. Pozv\u00e1nka je ke sta\u017een\u00ed zde:<\/p>\n<p><a href=\"http:\/\/karlovyvary.casd.cz\/wp-content\/uploads\/\u0158ekni-to-sv\u011btu.pdf\">\u0158ekni to sv\u011btu<\/a><\/p>\n<p>\u201e\u0158ekni to sv\u011btu\u201c nen\u00ed jen filmem historick\u00fdm a informativn\u00edm, ale v\u011brohodn\u011b ukazuje re\u00e1ln\u00e9 z\u00e1pasy v\u00edry, kdy\u017e se adventisti\u010dt\u00ed pr\u016fkopn\u00edci vzpamatov\u00e1vali z rozpadu jejich nejv\u011bt\u0161\u00edch nad\u011bj\u00ed. Zat\u00edmco se mnoho millerit\u016f z\u0159eklo sv\u00e9 v\u00edry, mal\u00e1 hrstka mu\u017e\u016f a \u017een odlo\u017eila sv\u00e9 zklam\u00e1n\u00ed stranou a nechala se v\u00e9st Bohem.<!--more--> Film skv\u011ble zachycuje ducha doby a pr\u016fkopnickou atmosf\u00e9ru. P\u0159esto\u017ee m\u011bli tv\u016frci t\u011b\u017ek\u00fd \u00fakol vt\u011bsnat dlouh\u00e9 \u010dasov\u00e9 obdob\u00ed do 180 minut, poda\u0159ilo se jim b\u00fdt historicky v\u011brohodn\u00fdmi a ned\u011blat p\u0159\u00edli\u0161 zmaten\u00e9 zkratky. Film je nato\u010den tak, aby zaujal v\u0161echny v\u011bkov\u00e9 kategorie. Pokud by se n\u011bkomu stop\u00e1\u017e zd\u00e1la b\u00fdt p\u0159\u00edli\u0161 dlouh\u00e1, m\u016f\u017ee si film rozd\u011blit na \u0161est men\u0161\u00edch epizod, kter\u00e9 jsou vkusn\u011b b\u011bhem p\u0159\u00edb\u011bhu nazna\u010deny.<\/p>\n<p>Sn\u00edmek vyrobila C\u00edrkev adventist\u016f sedm\u00e9ho dne v Austr\u00e1lii. Nat\u00e1\u010delo se 42 dn\u016f v l\u00e9t\u011b i v zim\u011b, bylo pot\u0159eba 95 herc\u016f a p\u0159es 200 dal\u0161\u00edch lid\u00ed ze \u0161t\u00e1bu. Nato\u010dilo se v\u00edce ne\u017e 200 sc\u00e9n 170str\u00e1nkov\u00e9ho sc\u00e9n\u00e1\u0159e.<\/p>\n<p>Film \u201e\u0158ekni to sv\u011btu\u201c se sna\u017e\u00ed uk\u00e1zat, \u017ee sd\u011blen\u00ed \u201eJe\u017e\u00ed\u0161 p\u0159ijde brzy\u201c, kter\u00e9 tehdy zklamalo tis\u00edce, dnes d\u00e1v\u00e1 milion\u016fm v\u011b\u0159\u00edc\u00edch nad\u011bji.<\/p>\n","protected":false},"excerpt":{"rendered":"<p>R\u00e1di bychom V\u00e1s pozvali na prom\u00edt\u00e1n\u00ed filmu o po\u010d\u00e1tc\u00edch adventismu s n\u00e1zvem &#8222;\u0158ekni to sv\u011btu&#8220;. Produkce prob\u011bhne 20. ledna 2018 od 14:00 v mal\u00e9m s\u00e1le sborov\u00e9ho domu, kter\u00fd se nach\u00e1z\u00ed [&hellip;]<\/p>\n","protected":false},"author":1395,"featured_media":0,"comment_status":"open","ping_status":"open","sticky":false,"template":"","format":"standard","meta":{"_mi_skip_tracking":false,"_monsterinsights_sitenote_active":false,"_monsterinsights_sitenote_note":"","_monsterinsights_sitenote_category":0,"ngg_post_thumbnail":0,"footnotes":""},"categories":[16],"tags":[],"class_list":["post-7871","post","type-post","status-publish","format-standard","hentry","category-pozvanky"],"_links":{"self":[{"href":"https:\/\/karlovyvary.casd.cz\/index.php?rest_route=\/wp\/v2\/posts\/7871","targetHints":{"allow":["GET"]}}],"collection":[{"href":"https:\/\/karlovyvary.casd.cz\/index.php?rest_route=\/wp\/v2\/posts"}],"about":[{"href":"https:\/\/karlovyvary.casd.cz\/index.php?rest_route=\/wp\/v2\/types\/post"}],"author":[{"embeddable":true,"href":"https:\/\/karlovyvary.casd.cz\/index.php?rest_route=\/wp\/v2\/users\/1395"}],"replies":[{"embeddable":true,"href":"https:\/\/karlovyvary.casd.cz\/index.php?rest_route=%2Fwp%2Fv2%2Fcomments&post=7871"}],"version-history":[{"count":3,"href":"https:\/\/karlovyvary.casd.cz\/index.php?rest_route=\/wp\/v2\/posts\/7871\/revisions"}],"predecessor-version":[{"id":7876,"href":"https:\/\/karlovyvary.casd.cz\/index.php?rest_route=\/wp\/v2\/posts\/7871\/revisions\/7876"}],"wp:attachment":[{"href":"https:\/\/karlovyvary.casd.cz\/index.php?rest_route=%2Fwp%2Fv2%2Fmedia&parent=7871"}],"wp:term":[{"taxonomy":"category","embeddable":true,"href":"https:\/\/karlovyvary.casd.cz\/index.php?rest_route=%2Fwp%2Fv2%2Fcategories&post=7871"},{"taxonomy":"post_tag","embeddable":true,"href":"https:\/\/karlovyvary.casd.cz\/index.php?rest_route=%2Fwp%2Fv2%2Ftags&post=7871"}],"curies":[{"name":"wp","href":"https:\/\/api.w.org\/{rel}","templated":true}]}}