{"id":7850,"date":"2018-01-05T02:12:39","date_gmt":"2018-01-05T01:12:39","guid":{"rendered":"http:\/\/karlovyvary.casd.cz\/?p=7850"},"modified":"2018-01-05T09:40:52","modified_gmt":"2018-01-05T08:40:52","slug":"7-14-ledna-2018-aliancni-tyden-modliteb-za-obnovu-cirkve","status":"publish","type":"post","link":"https:\/\/karlovyvary.casd.cz\/?p=7850","title":{"rendered":"7.-14. ledna 2018: Alian\u010dn\u00ed t\u00fdden modliteb za obnovu c\u00edrkve"},"content":{"rendered":"<p><img loading=\"lazy\" decoding=\"async\" class=\"alignleft  wp-image-7851\" src=\"http:\/\/karlovyvary.casd.cz\/wp-content\/uploads\/ATM-KV-2018.png\" alt=\"\" width=\"388\" height=\"273\" srcset=\"https:\/\/karlovyvary.casd.cz\/wp-content\/uploads\/ATM-KV-2018.png 942w, https:\/\/karlovyvary.casd.cz\/wp-content\/uploads\/ATM-KV-2018-300x211.png 300w, https:\/\/karlovyvary.casd.cz\/wp-content\/uploads\/ATM-KV-2018-768x541.png 768w, https:\/\/karlovyvary.casd.cz\/wp-content\/uploads\/ATM-KV-2018-700x493.png 700w\" sizes=\"auto, (max-width: 388px) 100vw, 388px\" \/>P\u0159ijm\u011bte pozv\u00e1n\u00ed k setk\u00e1v\u00e1n\u00ed v\u0161ech k\u0159es\u0165an\u016f z Karlov\u00fdch Var\u016f b\u011bhem Alian\u010dn\u00edho t\u00fddne modliteb. Tento rok se p\u0159edstavitel\u00e9 c\u00edrkv\u00ed rozhodli pro ur\u010ditou zm\u011bnu t\u00fdkaj\u00edc\u00ed se formy jednotliv\u00fdch setk\u00e1n\u00ed. R\u00e1di bychom pro\u017eili bli\u017e\u0161\u00ed spole\u010denstv\u00ed, a proto po \u00favodn\u00ed klasick\u00e9 protestantsk\u00e9 bohoslu\u017eb\u011b, kter\u00e1 se kon\u00e1 v modlitebn\u011b Bratrsk\u00e9 jednoty baptist\u016f, budou n\u00e1sledovat dv\u011b setk\u00e1n\u00ed (C\u00edrkev adventist\u016f, C\u00edrkev bratrsk\u00e1) v men\u0161\u00edch skupin\u00e1ch &#8222;kolem stolu&#8220; s drobn\u00fdm ob\u010derstven\u00edm. Materi\u00e1l p\u0159ipraven\u00fd \u010ceskou evangelik\u00e1ln\u00ed alianc\u00ed pro leto\u0161n\u00ed rok za\u010d\u00edn\u00e1 cit\u00e1tem: &#8222;<em>C\u00edrkev se mus\u00ed neust\u00e1le budovat.&nbsp;A bude v\u017edy ch\u00e1trat&nbsp;a v\u017edy se znovu obnovovat.\u201c&nbsp;<\/em><em>(T.S. Eliot, Sk\u00e1la) <\/em>a \u00favodn\u00edm slovem jej\u00edho tajemn\u00edka Ji\u0159\u00edho Ungera s n\u00e1zvem:<em><span style=\"text-align: left; color: #4e4e4e; text-transform: none; line-height: 20px; text-indent: 0px; letter-spacing: normal; font-family: 'Segoe UI',Calibri,'Myriad Pro',Myriad,'Trebuchet MS',Helvetica,Arial,sans-serif; font-size: 13px; font-variant: normal; text-decoration: none; word-spacing: 0px; display: inline !important; white-space: normal; orphans: 2; float: none; -webkit-text-stroke-width: 0px; background-color: transparent;\"> \u201e<\/span>Pokud se nem\u011bn\u00edme, p\u0159estaneme b\u00fdt t\u00edm, k\u00fdm jsme\u201c.<\/em> Z\u00e1kladn\u00edm biblick\u00fdm textem, kter\u00fd po\u0159adatel\u00e9 zvolili k t\u00e9matu obnovy c\u00edrkve, jsou dopisy sedmi c\u00edrkv\u00edm z posledn\u00ed knihy Bible &#8211; Zjeven\u00ed Janova. Zde je cel\u00fd materi\u00e1l: <a href=\"http:\/\/sokolov.casd.cz\/wp-content\/uploads\/2017\/12\/aliancni-tyden-modliteb-2018.pdf\">aliancni-tyden-modliteb-2018.<\/a><\/p>\n","protected":false},"excerpt":{"rendered":"<p>P\u0159ijm\u011bte pozv\u00e1n\u00ed k setk\u00e1v\u00e1n\u00ed v\u0161ech k\u0159es\u0165an\u016f z Karlov\u00fdch Var\u016f b\u011bhem Alian\u010dn\u00edho t\u00fddne modliteb. Tento rok se p\u0159edstavitel\u00e9 c\u00edrkv\u00ed rozhodli pro ur\u010ditou zm\u011bnu t\u00fdkaj\u00edc\u00ed se formy jednotliv\u00fdch setk\u00e1n\u00ed. R\u00e1di bychom pro\u017eili [&hellip;]<\/p>\n","protected":false},"author":1395,"featured_media":0,"comment_status":"open","ping_status":"open","sticky":false,"template":"","format":"standard","meta":{"_mi_skip_tracking":false,"_monsterinsights_sitenote_active":false,"_monsterinsights_sitenote_note":"","_monsterinsights_sitenote_category":0,"ngg_post_thumbnail":0,"footnotes":""},"categories":[16],"tags":[],"class_list":["post-7850","post","type-post","status-publish","format-standard","hentry","category-pozvanky"],"_links":{"self":[{"href":"https:\/\/karlovyvary.casd.cz\/index.php?rest_route=\/wp\/v2\/posts\/7850","targetHints":{"allow":["GET"]}}],"collection":[{"href":"https:\/\/karlovyvary.casd.cz\/index.php?rest_route=\/wp\/v2\/posts"}],"about":[{"href":"https:\/\/karlovyvary.casd.cz\/index.php?rest_route=\/wp\/v2\/types\/post"}],"author":[{"embeddable":true,"href":"https:\/\/karlovyvary.casd.cz\/index.php?rest_route=\/wp\/v2\/users\/1395"}],"replies":[{"embeddable":true,"href":"https:\/\/karlovyvary.casd.cz\/index.php?rest_route=%2Fwp%2Fv2%2Fcomments&post=7850"}],"version-history":[{"count":3,"href":"https:\/\/karlovyvary.casd.cz\/index.php?rest_route=\/wp\/v2\/posts\/7850\/revisions"}],"predecessor-version":[{"id":7854,"href":"https:\/\/karlovyvary.casd.cz\/index.php?rest_route=\/wp\/v2\/posts\/7850\/revisions\/7854"}],"wp:attachment":[{"href":"https:\/\/karlovyvary.casd.cz\/index.php?rest_route=%2Fwp%2Fv2%2Fmedia&parent=7850"}],"wp:term":[{"taxonomy":"category","embeddable":true,"href":"https:\/\/karlovyvary.casd.cz\/index.php?rest_route=%2Fwp%2Fv2%2Fcategories&post=7850"},{"taxonomy":"post_tag","embeddable":true,"href":"https:\/\/karlovyvary.casd.cz\/index.php?rest_route=%2Fwp%2Fv2%2Ftags&post=7850"}],"curies":[{"name":"wp","href":"https:\/\/api.w.org\/{rel}","templated":true}]}}