{"id":7846,"date":"2018-01-05T01:50:06","date_gmt":"2018-01-05T00:50:06","guid":{"rendered":"http:\/\/karlovyvary.casd.cz\/?p=7846"},"modified":"2018-02-01T15:34:22","modified_gmt":"2018-02-01T14:34:22","slug":"20-1-1030-bohosluzba-ke-dni-nabozenske-svobody-svoboda-z-pohledu-bible","status":"publish","type":"post","link":"https:\/\/karlovyvary.casd.cz\/?p=7846","title":{"rendered":"20.1. 2018, 10:50 &#8211; Bohoslu\u017eba ke Dni n\u00e1bo\u017eensk\u00e9 svobody: Svoboda z pohledu Bible"},"content":{"rendered":"<p><img loading=\"lazy\" decoding=\"async\" width=\"178\" height=\"258\" class=\"alignleft wp-image-7891\" alt=\"\" src=\"http:\/\/karlovyvary.casd.cz\/wp-content\/uploads\/IMG_Den-n\u00e1bo\u017eensk\u00e9-svobody-700x1013.jpg\" srcset=\"https:\/\/karlovyvary.casd.cz\/wp-content\/uploads\/IMG_Den-n\u00e1bo\u017eensk\u00e9-svobody-700x1013.jpg 700w, https:\/\/karlovyvary.casd.cz\/wp-content\/uploads\/IMG_Den-n\u00e1bo\u017eensk\u00e9-svobody-207x300.jpg 207w, https:\/\/karlovyvary.casd.cz\/wp-content\/uploads\/IMG_Den-n\u00e1bo\u017eensk\u00e9-svobody-768x1111.jpg 768w, https:\/\/karlovyvary.casd.cz\/wp-content\/uploads\/IMG_Den-n\u00e1bo\u017eensk\u00e9-svobody.jpg 851w\" sizes=\"auto, (max-width: 178px) 100vw, 178px\" \/>Srde\u010dn\u011b zveme na bohoslu\u017ebu ke Dni n\u00e1bo\u017eensk\u00e9 svobody s n\u00e1zvem <em><strong>&#8222;Svoboda z pohledu Bible&#8220;<\/strong><\/em>. Z\u00e1kladn\u00edm textem k\u00e1z\u00e1n\u00ed bratra Enocha Mart\u00ednka bude slavn\u00fd v\u00fdrok Je\u017e\u00ed\u0161e Krista z Janova evangelia: <em>&#8222;Pozn\u00e1te pravdu a pravda v\u00e1s osvobod\u00ed.&#8220; <\/em>(J 8,32) P\u0159ij\u010fte se spole\u010dn\u011b s n\u00e1mi zamyslet nad jedn\u00edm z d\u016fle\u017eit\u00fdch t\u00e9mat demokratick\u00e9 spole\u010dnosti.<\/p>\n<p>Pozv\u00e1nka zde:&nbsp;<a href=\"http:\/\/karlovyvary.casd.cz\/wp-content\/uploads\/Den-n\u00e1bo\u017eensk\u00e9-svobody-pozv\u00e1nka.pdf\">Den n\u00e1bo\u017eensk\u00e9 svobody pozv\u00e1nka<\/a><\/p>\n","protected":false},"excerpt":{"rendered":"<p>Srde\u010dn\u011b zveme na bohoslu\u017ebu ke Dni n\u00e1bo\u017eensk\u00e9 svobody s n\u00e1zvem &#8222;Svoboda z pohledu Bible&#8220;. Z\u00e1kladn\u00edm textem k\u00e1z\u00e1n\u00ed bratra Enocha Mart\u00ednka bude slavn\u00fd v\u00fdrok Je\u017e\u00ed\u0161e Krista z Janova evangelia: &#8222;Pozn\u00e1te pravdu [&hellip;]<\/p>\n","protected":false},"author":1395,"featured_media":0,"comment_status":"open","ping_status":"open","sticky":false,"template":"","format":"standard","meta":{"_mi_skip_tracking":false,"_monsterinsights_sitenote_active":false,"_monsterinsights_sitenote_note":"","_monsterinsights_sitenote_category":0,"ngg_post_thumbnail":0,"footnotes":""},"categories":[33,16],"tags":[],"class_list":["post-7846","post","type-post","status-publish","format-standard","hentry","category-bohosluzby","category-pozvanky"],"_links":{"self":[{"href":"https:\/\/karlovyvary.casd.cz\/index.php?rest_route=\/wp\/v2\/posts\/7846","targetHints":{"allow":["GET"]}}],"collection":[{"href":"https:\/\/karlovyvary.casd.cz\/index.php?rest_route=\/wp\/v2\/posts"}],"about":[{"href":"https:\/\/karlovyvary.casd.cz\/index.php?rest_route=\/wp\/v2\/types\/post"}],"author":[{"embeddable":true,"href":"https:\/\/karlovyvary.casd.cz\/index.php?rest_route=\/wp\/v2\/users\/1395"}],"replies":[{"embeddable":true,"href":"https:\/\/karlovyvary.casd.cz\/index.php?rest_route=%2Fwp%2Fv2%2Fcomments&post=7846"}],"version-history":[{"count":4,"href":"https:\/\/karlovyvary.casd.cz\/index.php?rest_route=\/wp\/v2\/posts\/7846\/revisions"}],"predecessor-version":[{"id":7896,"href":"https:\/\/karlovyvary.casd.cz\/index.php?rest_route=\/wp\/v2\/posts\/7846\/revisions\/7896"}],"wp:attachment":[{"href":"https:\/\/karlovyvary.casd.cz\/index.php?rest_route=%2Fwp%2Fv2%2Fmedia&parent=7846"}],"wp:term":[{"taxonomy":"category","embeddable":true,"href":"https:\/\/karlovyvary.casd.cz\/index.php?rest_route=%2Fwp%2Fv2%2Fcategories&post=7846"},{"taxonomy":"post_tag","embeddable":true,"href":"https:\/\/karlovyvary.casd.cz\/index.php?rest_route=%2Fwp%2Fv2%2Ftags&post=7846"}],"curies":[{"name":"wp","href":"https:\/\/api.w.org\/{rel}","templated":true}]}}