{"id":7747,"date":"2017-11-14T21:36:38","date_gmt":"2017-11-14T20:36:38","guid":{"rendered":"http:\/\/karlovyvary.casd.cz\/?p=7747"},"modified":"2017-11-19T19:33:54","modified_gmt":"2017-11-19T18:33:54","slug":"prednaska-krestanska-spiritualita-v-dejinach-mgr-ludek-svrcek","status":"publish","type":"post","link":"https:\/\/karlovyvary.casd.cz\/?p=7747","title":{"rendered":"P\u0159edn\u00e1\u0161ka: K\u0159es\u0165ansk\u00e1 spiritualita v d\u011bjin\u00e1ch &#8211; Mgr. Lud\u011bk Svr\u010dek"},"content":{"rendered":"<p><img loading=\"lazy\" decoding=\"async\" width=\"230\" height=\"153\" class=\"alignleft  wp-image-7746\" alt=\"\" src=\"http:\/\/karlovyvary.casd.cz\/wp-content\/uploads\/sand-768783_1280.jpg\" srcset=\"https:\/\/karlovyvary.casd.cz\/wp-content\/uploads\/sand-768783_1280.jpg 1280w, https:\/\/karlovyvary.casd.cz\/wp-content\/uploads\/sand-768783_1280-300x200.jpg 300w, https:\/\/karlovyvary.casd.cz\/wp-content\/uploads\/sand-768783_1280-768x512.jpg 768w, https:\/\/karlovyvary.casd.cz\/wp-content\/uploads\/sand-768783_1280-700x466.jpg 700w\" sizes=\"auto, (max-width: 230px) 100vw, 230px\" \/>Srde\u010dn\u011b zveme na dal\u0161\u00ed p\u0159edn\u00e1\u0161ku z podzimn\u00edho cyklu &#8222;J\u00e1 a Ty&#8220;, tentokr\u00e1t s n\u00e1zvem <strong>&#8222;K\u0159es\u0165ansk\u00e1 spiritualita v d\u011bjin\u00e1ch&#8220;<\/strong>. Hostem bude c\u00edrkevn\u00ed historik z Prahy Mgr. Lud\u011bk Svr\u010dek (b\u00fdval\u00fd \u0159editel Teologick\u00e9ho semin\u00e1\u0159e C\u00edrkve adventist\u016f s.d.) <img loading=\"lazy\" decoding=\"async\" width=\"114\" height=\"151\" class=\"wp-image-7748 alignright\" alt=\"\" src=\"http:\/\/karlovyvary.casd.cz\/wp-content\/uploads\/Lud\u011bk-Svr\u010dek.jpg\" srcset=\"https:\/\/karlovyvary.casd.cz\/wp-content\/uploads\/Lud\u011bk-Svr\u010dek.jpg 302w, https:\/\/karlovyvary.casd.cz\/wp-content\/uploads\/Lud\u011bk-Svr\u010dek-227x300.jpg 227w\" sizes=\"auto, (max-width: 114px) 100vw, 114px\" \/>P\u0159edn\u00e1\u0161ej\u00edc\u00ed n\u00e1s pozve na proch\u00e1zku nap\u0159\u00ed\u010d pestr\u00fdmi d\u011bjinami k\u0159es\u0165ansk\u00e9 spirituality, kde bude hledat inspiraci pro duchovn\u00ed \u017eivot sou\u010dasn\u00e9ho \u010dlov\u011bka.&nbsp; Sou\u010d\u00e1st\u00ed p\u0159edn\u00e1\u0161ky bude i diskuse k dan\u00e9mu t\u00e9matu. Po skon\u010den\u00ed bude p\u0159ipraveno pro \u00fa\u010dastn\u00edky drobn\u00e9 poho\u0161t\u011bn\u00ed i mo\u017enost osobn\u00edho rozhovoru s hostem.&nbsp;Vstup zdarma.<\/p>\n","protected":false},"excerpt":{"rendered":"<p>Srde\u010dn\u011b zveme na dal\u0161\u00ed p\u0159edn\u00e1\u0161ku z podzimn\u00edho cyklu &#8222;J\u00e1 a Ty&#8220;, tentokr\u00e1t s n\u00e1zvem &#8222;K\u0159es\u0165ansk\u00e1 spiritualita v d\u011bjin\u00e1ch&#8220;. Hostem bude c\u00edrkevn\u00ed historik z Prahy Mgr. Lud\u011bk Svr\u010dek (b\u00fdval\u00fd \u0159editel Teologick\u00e9ho [&hellip;]<\/p>\n","protected":false},"author":1395,"featured_media":0,"comment_status":"open","ping_status":"open","sticky":false,"template":"","format":"standard","meta":{"_mi_skip_tracking":false,"_monsterinsights_sitenote_active":false,"_monsterinsights_sitenote_note":"","_monsterinsights_sitenote_category":0,"ngg_post_thumbnail":0,"footnotes":""},"categories":[16],"tags":[],"class_list":["post-7747","post","type-post","status-publish","format-standard","hentry","category-pozvanky"],"_links":{"self":[{"href":"https:\/\/karlovyvary.casd.cz\/index.php?rest_route=\/wp\/v2\/posts\/7747","targetHints":{"allow":["GET"]}}],"collection":[{"href":"https:\/\/karlovyvary.casd.cz\/index.php?rest_route=\/wp\/v2\/posts"}],"about":[{"href":"https:\/\/karlovyvary.casd.cz\/index.php?rest_route=\/wp\/v2\/types\/post"}],"author":[{"embeddable":true,"href":"https:\/\/karlovyvary.casd.cz\/index.php?rest_route=\/wp\/v2\/users\/1395"}],"replies":[{"embeddable":true,"href":"https:\/\/karlovyvary.casd.cz\/index.php?rest_route=%2Fwp%2Fv2%2Fcomments&post=7747"}],"version-history":[{"count":1,"href":"https:\/\/karlovyvary.casd.cz\/index.php?rest_route=\/wp\/v2\/posts\/7747\/revisions"}],"predecessor-version":[{"id":7749,"href":"https:\/\/karlovyvary.casd.cz\/index.php?rest_route=\/wp\/v2\/posts\/7747\/revisions\/7749"}],"wp:attachment":[{"href":"https:\/\/karlovyvary.casd.cz\/index.php?rest_route=%2Fwp%2Fv2%2Fmedia&parent=7747"}],"wp:term":[{"taxonomy":"category","embeddable":true,"href":"https:\/\/karlovyvary.casd.cz\/index.php?rest_route=%2Fwp%2Fv2%2Fcategories&post=7747"},{"taxonomy":"post_tag","embeddable":true,"href":"https:\/\/karlovyvary.casd.cz\/index.php?rest_route=%2Fwp%2Fv2%2Ftags&post=7747"}],"curies":[{"name":"wp","href":"https:\/\/api.w.org\/{rel}","templated":true}]}}