{"id":7431,"date":"2017-05-29T17:41:17","date_gmt":"2017-05-29T15:41:17","guid":{"rendered":"http:\/\/karlovyvary.casd.cz\/?p=7431"},"modified":"2017-11-12T20:32:02","modified_gmt":"2017-11-12T19:32:02","slug":"den-deti-v-tuhnicich-2017","status":"publish","type":"post","link":"https:\/\/karlovyvary.casd.cz\/?p=7431","title":{"rendered":"Den d\u011bt\u00ed v Tuhnic\u00edch 2017"},"content":{"rendered":"<p><img loading=\"lazy\" decoding=\"async\" width=\"280\" height=\"198\" class=\"alignleft  wp-image-7432\" alt=\"\" src=\"http:\/\/karlovyvary.casd.cz\/wp-content\/uploads\/Den-deti-2017-v1.jpg\" srcset=\"https:\/\/karlovyvary.casd.cz\/wp-content\/uploads\/Den-deti-2017-v1.jpg 5846w, https:\/\/karlovyvary.casd.cz\/wp-content\/uploads\/Den-deti-2017-v1-300x212.jpg 300w, https:\/\/karlovyvary.casd.cz\/wp-content\/uploads\/Den-deti-2017-v1-768x543.jpg 768w, https:\/\/karlovyvary.casd.cz\/wp-content\/uploads\/Den-deti-2017-v1-1024x724.jpg 1024w\" sizes=\"auto, (max-width: 280px) 100vw, 280px\" \/>Srde\u010dn\u011b zveme na t\u0159et\u00ed ro\u010dn\u00edk Dne d\u011bt\u00ed v Tuhnic\u00edch, kter\u00fd se kon\u00e1 v ned\u011bli 4. \u010dervna 2017 od 14:00 v are\u00e1lu sboru CASD na Plze\u0148sk\u00e9 49 v Karlov\u00fdch Varech. Dopravn\u00ed spojen\u00ed MHD \u010d. 6, zast\u00e1vka Plze\u0148sk\u00e1.<\/p>\n<p>T\u00e9ma leto\u0161n\u00edho ro\u010dn\u00edku je &#8222;Noemova archa&#8220;. N\u00e1v\u0161t\u011bvn\u00edci se mohou t\u011b\u0161it op\u011bt na zaj\u00edmav\u00e9 aktivity a sout\u011b\u017ee, krom\u011b jin\u00e9ho nap\u0159. na \u0161ne\u010d\u00ed z\u00e1vody. Nebude chyb\u011bt ani malov\u00e1n\u00ed na obli\u010dej, sk\u00e1kac\u00ed hrady a samoz\u0159ejm\u011b i mal\u00e9 ob\u010derstven\u00ed.<\/p>\n<p>Vstupn\u00e9 na akci je dobrovoln\u00e9.<\/p>\n","protected":false},"excerpt":{"rendered":"<p>Srde\u010dn\u011b zveme na t\u0159et\u00ed ro\u010dn\u00edk Dne d\u011bt\u00ed v Tuhnic\u00edch, kter\u00fd se kon\u00e1 v ned\u011bli 4. \u010dervna 2017 od 14:00 v are\u00e1lu sboru CASD na Plze\u0148sk\u00e9 49 v Karlov\u00fdch Varech. Dopravn\u00ed [&hellip;]<\/p>\n","protected":false},"author":1395,"featured_media":0,"comment_status":"open","ping_status":"open","sticky":false,"template":"","format":"standard","meta":{"_mi_skip_tracking":false,"_monsterinsights_sitenote_active":false,"_monsterinsights_sitenote_note":"","_monsterinsights_sitenote_category":0,"ngg_post_thumbnail":0,"footnotes":""},"categories":[16],"tags":[],"class_list":["post-7431","post","type-post","status-publish","format-standard","hentry","category-pozvanky"],"_links":{"self":[{"href":"https:\/\/karlovyvary.casd.cz\/index.php?rest_route=\/wp\/v2\/posts\/7431","targetHints":{"allow":["GET"]}}],"collection":[{"href":"https:\/\/karlovyvary.casd.cz\/index.php?rest_route=\/wp\/v2\/posts"}],"about":[{"href":"https:\/\/karlovyvary.casd.cz\/index.php?rest_route=\/wp\/v2\/types\/post"}],"author":[{"embeddable":true,"href":"https:\/\/karlovyvary.casd.cz\/index.php?rest_route=\/wp\/v2\/users\/1395"}],"replies":[{"embeddable":true,"href":"https:\/\/karlovyvary.casd.cz\/index.php?rest_route=%2Fwp%2Fv2%2Fcomments&post=7431"}],"version-history":[{"count":4,"href":"https:\/\/karlovyvary.casd.cz\/index.php?rest_route=\/wp\/v2\/posts\/7431\/revisions"}],"predecessor-version":[{"id":7434,"href":"https:\/\/karlovyvary.casd.cz\/index.php?rest_route=\/wp\/v2\/posts\/7431\/revisions\/7434"}],"wp:attachment":[{"href":"https:\/\/karlovyvary.casd.cz\/index.php?rest_route=%2Fwp%2Fv2%2Fmedia&parent=7431"}],"wp:term":[{"taxonomy":"category","embeddable":true,"href":"https:\/\/karlovyvary.casd.cz\/index.php?rest_route=%2Fwp%2Fv2%2Fcategories&post=7431"},{"taxonomy":"post_tag","embeddable":true,"href":"https:\/\/karlovyvary.casd.cz\/index.php?rest_route=%2Fwp%2Fv2%2Ftags&post=7431"}],"curies":[{"name":"wp","href":"https:\/\/api.w.org\/{rel}","templated":true}]}}