{"id":7408,"date":"2017-05-09T22:29:48","date_gmt":"2017-05-09T20:29:48","guid":{"rendered":"http:\/\/karlovyvary.casd.cz\/?p=7408"},"modified":"2017-11-12T20:33:09","modified_gmt":"2017-11-12T19:33:09","slug":"koncert-slavka-klecandra","status":"publish","type":"post","link":"https:\/\/karlovyvary.casd.cz\/?p=7408","title":{"rendered":"Koncert Sl\u00e1vka Klecandra"},"content":{"rendered":"<p><img loading=\"lazy\" decoding=\"async\" width=\"290\" height=\"205\" class=\"alignleft  wp-image-7409\" alt=\"\" src=\"http:\/\/karlovyvary.casd.cz\/wp-content\/uploads\/Klecandr-KV.jpg\" srcset=\"https:\/\/karlovyvary.casd.cz\/wp-content\/uploads\/Klecandr-KV.jpg 3508w, https:\/\/karlovyvary.casd.cz\/wp-content\/uploads\/Klecandr-KV-300x212.jpg 300w, https:\/\/karlovyvary.casd.cz\/wp-content\/uploads\/Klecandr-KV-768x543.jpg 768w, https:\/\/karlovyvary.casd.cz\/wp-content\/uploads\/Klecandr-KV-1024x724.jpg 1024w\" sizes=\"auto, (max-width: 290px) 100vw, 290px\" \/>Srde\u010dn\u011b zveme na koncert Sl\u00e1vka Klecandra, kter\u00fd se uskute\u010dn\u00ed dne <strong>18. kv\u011btna 2017 od 18:30 v Karlov\u00fdch Varech<\/strong>, ve sboru C\u00edrkve adventist\u016f s.d. na Plze\u0148sk\u00e9 49 (MHD \u010d. 6, zast\u00e1vka Plze\u0148sk\u00e1). Vstupn\u00e9 je dobrovoln\u00e9.<br \/>\nSl\u00e1vek Klecandr je frontman a zakladatel folkrockov\u00e9 kapely Oboroh, se kterou b\u011bhem jej\u00ed 28let\u00e9 existence prodal p\u0159es 25 tis\u00edc alb, odehr\u00e1l v\u00edce ne\u017e 1000 koncert\u016f nejen v tuzemsku, ale i v zahrani\u010d\u00ed, v\u010detn\u011b koncert\u016f s Filharmoni\u00ed Hradec Kr\u00e1lov\u00e9.<br \/>\nNa recit\u00e1lu v Karlov\u00fdch Varech zazn\u00ed skladby z bohat\u00e9ho reperto\u00e1ru skupiny Oboroh, a\u0165 u\u017e Sl\u00e1vkem zhudebn\u011bn\u00e9 staroz\u00e1konn\u00ed \u017ealmy nebo jin\u00e9 p\u00edsn\u011b, opat\u0159en\u00e9 v\u011bt\u0161inou jeho filozofuj\u00edc\u00edmi texty.<br \/>\nKrom\u011b Karlov\u00fdch Var\u016f vystoup\u00ed Sl\u00e1vek Klecandr tak\u00e9 v Mnichov\u011b u Mari\u00e1nsk\u00fdch L\u00e1zn\u00ed (16. kv\u011btna) a Chebu (17. kv\u011btna).<br \/>\nV\u00edce informac\u00ed o koncertech na <a href=\"http:\/\/www.oboroh.cz\" target=\"_blank\" rel=\"noopener noreferrer\">www.oboroh.cz<\/a><\/p>\n","protected":false},"excerpt":{"rendered":"<p>Srde\u010dn\u011b zveme na koncert Sl\u00e1vka Klecandra, kter\u00fd se uskute\u010dn\u00ed dne 18. kv\u011btna 2017 od 18:30 v Karlov\u00fdch Varech, ve sboru C\u00edrkve adventist\u016f s.d. na Plze\u0148sk\u00e9 49 (MHD \u010d. 6, zast\u00e1vka [&hellip;]<\/p>\n","protected":false},"author":1395,"featured_media":0,"comment_status":"open","ping_status":"open","sticky":false,"template":"","format":"standard","meta":{"_mi_skip_tracking":false,"_monsterinsights_sitenote_active":false,"_monsterinsights_sitenote_note":"","_monsterinsights_sitenote_category":0,"ngg_post_thumbnail":0,"footnotes":""},"categories":[16],"tags":[],"class_list":["post-7408","post","type-post","status-publish","format-standard","hentry","category-pozvanky"],"_links":{"self":[{"href":"https:\/\/karlovyvary.casd.cz\/index.php?rest_route=\/wp\/v2\/posts\/7408","targetHints":{"allow":["GET"]}}],"collection":[{"href":"https:\/\/karlovyvary.casd.cz\/index.php?rest_route=\/wp\/v2\/posts"}],"about":[{"href":"https:\/\/karlovyvary.casd.cz\/index.php?rest_route=\/wp\/v2\/types\/post"}],"author":[{"embeddable":true,"href":"https:\/\/karlovyvary.casd.cz\/index.php?rest_route=\/wp\/v2\/users\/1395"}],"replies":[{"embeddable":true,"href":"https:\/\/karlovyvary.casd.cz\/index.php?rest_route=%2Fwp%2Fv2%2Fcomments&post=7408"}],"version-history":[{"count":2,"href":"https:\/\/karlovyvary.casd.cz\/index.php?rest_route=\/wp\/v2\/posts\/7408\/revisions"}],"predecessor-version":[{"id":7715,"href":"https:\/\/karlovyvary.casd.cz\/index.php?rest_route=\/wp\/v2\/posts\/7408\/revisions\/7715"}],"wp:attachment":[{"href":"https:\/\/karlovyvary.casd.cz\/index.php?rest_route=%2Fwp%2Fv2%2Fmedia&parent=7408"}],"wp:term":[{"taxonomy":"category","embeddable":true,"href":"https:\/\/karlovyvary.casd.cz\/index.php?rest_route=%2Fwp%2Fv2%2Fcategories&post=7408"},{"taxonomy":"post_tag","embeddable":true,"href":"https:\/\/karlovyvary.casd.cz\/index.php?rest_route=%2Fwp%2Fv2%2Ftags&post=7408"}],"curies":[{"name":"wp","href":"https:\/\/api.w.org\/{rel}","templated":true}]}}