{"id":7387,"date":"2017-04-14T08:52:23","date_gmt":"2017-04-14T06:52:23","guid":{"rendered":"http:\/\/karlovyvary.casd.cz\/?p=7387"},"modified":"2017-04-14T08:52:23","modified_gmt":"2017-04-14T06:52:23","slug":"velikonocni-bohosluzba-pozvani-ke-svobode","status":"publish","type":"post","link":"https:\/\/karlovyvary.casd.cz\/?p=7387","title":{"rendered":"Velikono\u010dn\u00ed bohoslu\u017eba &#8222;Pozv\u00e1n\u00ed ke svobod\u011b&#8220;"},"content":{"rendered":"<p><img loading=\"lazy\" decoding=\"async\" class=\"wp-image-7388 alignleft\" src=\"http:\/\/karlovyvary.casd.cz\/wp-content\/uploads\/Pozv\u00e1n\u00ed-ke-svobod\u011b-velikono\u010dn\u00ed-bohoslu\u017eba.jpg\" alt=\"Pozv\u00e1n\u00ed ke svobod\u011b\" width=\"300\" height=\"212\" srcset=\"https:\/\/karlovyvary.casd.cz\/wp-content\/uploads\/Pozv\u00e1n\u00ed-ke-svobod\u011b-velikono\u010dn\u00ed-bohoslu\u017eba.jpg 3508w, https:\/\/karlovyvary.casd.cz\/wp-content\/uploads\/Pozv\u00e1n\u00ed-ke-svobod\u011b-velikono\u010dn\u00ed-bohoslu\u017eba-300x212.jpg 300w, https:\/\/karlovyvary.casd.cz\/wp-content\/uploads\/Pozv\u00e1n\u00ed-ke-svobod\u011b-velikono\u010dn\u00ed-bohoslu\u017eba-768x543.jpg 768w, https:\/\/karlovyvary.casd.cz\/wp-content\/uploads\/Pozv\u00e1n\u00ed-ke-svobod\u011b-velikono\u010dn\u00ed-bohoslu\u017eba-1024x724.jpg 1024w\" sizes=\"auto, (max-width: 300px) 100vw, 300px\" \/>Srde\u010dn\u011b zveme na velikono\u010dn\u00ed bohoslu\u017ebu &#8222;Pozv\u00e1n\u00ed ke svobod\u011b&#8220; s hostem Pavlem Zvol\u00e1nkem (p\u0159edsedou V\u011bze\u0148sk\u00e9 duchovensk\u00e9 p\u00e9\u010de \u010cR). Za\u010d\u00e1tek v 10:30 na Plze\u0148sk\u00e9 49 v Karlov\u00fdch Varech. Odpoledne od 14:00 je p\u0159ipraveno k\u0159eslo pro hosta, kter\u00e9 bude v\u011bnov\u00e1no p\u0159edev\u0161\u00edm t\u00e9matu kaplansk\u00e9 slu\u017eby.<\/p>\n","protected":false},"excerpt":{"rendered":"<p>Srde\u010dn\u011b zveme na velikono\u010dn\u00ed bohoslu\u017ebu &#8222;Pozv\u00e1n\u00ed ke svobod\u011b&#8220; s hostem Pavlem Zvol\u00e1nkem (p\u0159edsedou V\u011bze\u0148sk\u00e9 duchovensk\u00e9 p\u00e9\u010de \u010cR). Za\u010d\u00e1tek v 10:30 na Plze\u0148sk\u00e9 49 v Karlov\u00fdch Varech. Odpoledne od 14:00 je [&hellip;]<\/p>\n","protected":false},"author":1395,"featured_media":0,"comment_status":"open","ping_status":"open","sticky":false,"template":"","format":"standard","meta":{"_mi_skip_tracking":false,"_monsterinsights_sitenote_active":false,"_monsterinsights_sitenote_note":"","_monsterinsights_sitenote_category":0,"ngg_post_thumbnail":0,"footnotes":""},"categories":[33,16],"tags":[],"class_list":["post-7387","post","type-post","status-publish","format-standard","hentry","category-bohosluzby","category-pozvanky"],"_links":{"self":[{"href":"https:\/\/karlovyvary.casd.cz\/index.php?rest_route=\/wp\/v2\/posts\/7387","targetHints":{"allow":["GET"]}}],"collection":[{"href":"https:\/\/karlovyvary.casd.cz\/index.php?rest_route=\/wp\/v2\/posts"}],"about":[{"href":"https:\/\/karlovyvary.casd.cz\/index.php?rest_route=\/wp\/v2\/types\/post"}],"author":[{"embeddable":true,"href":"https:\/\/karlovyvary.casd.cz\/index.php?rest_route=\/wp\/v2\/users\/1395"}],"replies":[{"embeddable":true,"href":"https:\/\/karlovyvary.casd.cz\/index.php?rest_route=%2Fwp%2Fv2%2Fcomments&post=7387"}],"version-history":[{"count":1,"href":"https:\/\/karlovyvary.casd.cz\/index.php?rest_route=\/wp\/v2\/posts\/7387\/revisions"}],"predecessor-version":[{"id":7389,"href":"https:\/\/karlovyvary.casd.cz\/index.php?rest_route=\/wp\/v2\/posts\/7387\/revisions\/7389"}],"wp:attachment":[{"href":"https:\/\/karlovyvary.casd.cz\/index.php?rest_route=%2Fwp%2Fv2%2Fmedia&parent=7387"}],"wp:term":[{"taxonomy":"category","embeddable":true,"href":"https:\/\/karlovyvary.casd.cz\/index.php?rest_route=%2Fwp%2Fv2%2Fcategories&post=7387"},{"taxonomy":"post_tag","embeddable":true,"href":"https:\/\/karlovyvary.casd.cz\/index.php?rest_route=%2Fwp%2Fv2%2Ftags&post=7387"}],"curies":[{"name":"wp","href":"https:\/\/api.w.org\/{rel}","templated":true}]}}