{"id":7323,"date":"2017-02-15T18:25:08","date_gmt":"2017-02-15T17:25:08","guid":{"rendered":"http:\/\/karlovyvary.casd.cz\/?p=7323"},"modified":"2017-11-12T20:34:28","modified_gmt":"2017-11-12T19:34:28","slug":"narodni-tyden-manzelstvi-v-karlovych-varech","status":"publish","type":"post","link":"https:\/\/karlovyvary.casd.cz\/?p=7323","title":{"rendered":"N\u00e1rodn\u00ed t\u00fdden man\u017eelstv\u00ed v Karlov\u00fdch Varech"},"content":{"rendered":"<p style=\"text-align: justify;\"><img loading=\"lazy\" decoding=\"async\" width=\"187\" height=\"125\" class=\"alignleft wp-image-7330\" alt=\"N\u00e1rodn\u00ed t\u00fdden man\u017eelstv\u00ed logo\" src=\"http:\/\/karlovyvary.casd.cz\/wp-content\/uploads\/N\u00e1rodn\u00ed-t\u00fdden-man\u017eelstv\u00ed-logo.jpg\" srcset=\"https:\/\/karlovyvary.casd.cz\/wp-content\/uploads\/N\u00e1rodn\u00ed-t\u00fdden-man\u017eelstv\u00ed-logo.jpg 665w, https:\/\/karlovyvary.casd.cz\/wp-content\/uploads\/N\u00e1rodn\u00ed-t\u00fdden-man\u017eelstv\u00ed-logo-300x201.jpg 300w\" sizes=\"auto, (max-width: 187px) 100vw, 187px\" \/>Letos prob\u00edh\u00e1 ji\u017e jeden\u00e1ct\u00fd ro\u010dn\u00edk N\u00e1rodn\u00edho t\u00fddne man\u017eelstv\u00ed. Celost\u00e1tn\u00ed akce na podporu man\u017eelstv\u00ed a rodiny byla zah\u00e1jena 13. \u00fanora 2017 na p\u016fd\u011b Poslaneck\u00e9 sn\u011bmovny Parlamentu \u010cR tiskovou konferenc\u00ed, na kter\u00e9 vystoupili krom\u011b ministra Jure\u010dky, kter\u00fd leto\u0161n\u00ed ro\u010dn\u00edk za\u0161ti\u0165uje, tak\u00e9 europoslankyn\u011b Michaela \u0160ojdrov\u00e1, emeritn\u00ed plze\u0148sk\u00fd biskup \u0158KC Franti\u0161ek Radkovsk\u00fd, vedouc\u00ed l\u00e9ka\u0159 sexuologick\u00e9ho odd\u011blen\u00ed Psychiatrick\u00e9 nemocnice Bohnice Slavoj Brichc\u00edn, lektorka a rodinn\u00e1 poradkyn\u011b Marie Nov\u00e1kov\u00e1, psycholo\u017eka, terapeutka a autorka \u0159ady knih z oblasti d\u011btsk\u00e9 psychologie a v\u00fdchovy Ji\u0159ina Prekopov\u00e1 a zn\u00e1m\u00fd \u010desk\u00fd kucha\u0159 Filip Sajler.<!--more--><\/p>\n<p style=\"text-align: justify;\"><strong>V Karlov\u00fdch Varech<\/strong> prob\u011bhla ji\u017e dv\u011b setk\u00e1n\u00ed ve sboru BJB &#8211; motiva\u010dn\u00ed setk\u00e1n\u00ed nejen pro man\u017eelsk\u00e9 p\u00e1ry v pond\u011bl\u00ed 13. \u00fanora a spole\u010dn\u00e9 ekumenick\u00e9 setk\u00e1n\u00ed s modlitbami za duchovn\u00ed obnovu man\u017eelstv\u00ed ve st\u0159edu 15. \u00fanora.<br \/>\nVe <strong>\u010dtvrtek 16. \u00fanora <\/strong>od 18:30 je p\u0159ipraveno prom\u00edt\u00e1n\u00ed filmu o man\u017eelstv\u00ed ve sboru C\u00edrkve bratrsk\u00e9 na Bulharsk\u00e9 29.<br \/>\nV <strong>p\u00e1tek 17. \u00fanora<\/strong> se uskute\u010dn\u00ed dv\u011b akce: Pro mlad\u00e9 setk\u00e1n\u00ed ml\u00e1de\u017ee na t\u00e9ma &#8222;Deset ot\u00e1zek ne\u017e \u0159ekne\u0161 sv\u00e9 ANO!&#8220;, kter\u00e9 povede Nick Lica od 18:00 ve sboru C\u00edrkve bratrsk\u00e9 na Bulharsk\u00e9 29. Pro rodi\u010de je p\u0159ipravena p\u0159edn\u00e1\u0161ka Radom\u00edra Jonczyho o Duchovn\u00ed v\u00fdchov\u011b v rodin\u011b, kter\u00e1 prob\u011bhne ve sboru CASD na Plze\u0148sk\u00e9 49, rovn\u011b\u017e od 18:00.<br \/>\nV <strong>sobotu 18. \u00fanora<\/strong> od 9:30 se bude konat speci\u00e1ln\u00ed bohoslu\u017eba se zam\u011b\u0159en\u00edm na rodinu, m\u016f\u017eete se t\u011b\u0161it na vystoupen\u00ed d\u011bt\u00ed nebo loutku Pepeho.<br \/>\nV sobotu ve\u010der od 18:30 prob\u011bhne druh\u00fd motiva\u010dn\u00ed man\u017eelsk\u00fd ve\u010der nejen pro p\u00e1ry ve sboru BJB, na Z\u00e1vodu m\u00edru 112 v Karlov\u00fdch Varech.<br \/>\nNa v\u0161echny akce jste srde\u010dn\u011b zv\u00e1ni.<br \/>\nV\u00edce informac\u00ed o N\u00e1rodn\u00edm t\u00fddnu man\u017eelstv\u00ed: <a href=\"http:\/\/www.tydenmanzelstvi.cz\/\">http:\/\/www.tydenmanzelstvi.cz\/<\/a><\/p>\n<p style=\"text-align: justify;\">N\u00e1rodn\u00ed t\u00fdden man\u017eelstv\u00ed vznikl v roce 1996 ve Velk\u00e9 Brit\u00e1nii, v roce 2007 se poprv\u00e9 konal v \u010cR a v sou\u010dasn\u00e9 dob\u011b se p\u0159ipravuje ve v\u00edce ne\u017e dvaceti dal\u0161\u00edch zem\u00edch sv\u011bta. C\u00edlem akce je pos\u00edlit vztahy v man\u017eelstv\u00ed a zv\u00fdraznit pot\u0159ebu zab\u00fdvat se ot\u00e1zkou vztahov\u00fdch dovednost\u00ed jako p\u0159edpoklad\u016f dobr\u00e9ho man\u017eelstv\u00ed a t\u00e9\u017e motivovat laickou a odbornou ve\u0159ejnost, m\u00e9dia i ve\u0159ejn\u011b zn\u00e1m\u00e9 osobnosti, aby alespo\u0148 jednou za rok podpo\u0159ili d\u016fle\u017eitost man\u017eelstv\u00ed. Krom\u011b \u010cR se k iniciativ\u011b p\u0159ipojily dal\u0161\u00ed zem\u011b, nap\u0159. Austr\u00e1lie, Belgie, Irsk\u00e1 republika, Ma\u010farsko, N\u011bmecko, Nizozem\u00ed, Rumunsko, Slovensko, Severn\u00ed Irsko, \u0160v\u00fdcarsko, Polsko a USA. Partnery NTM v \u010cR jsou S\u00ed\u0165 mate\u0159sk\u00fdch center, Spole\u010dnost pro podporu rodiny, Etick\u00e9 f\u00f3rum \u010cR, Asociace man\u017eelsk\u00fdch poradc\u016f, nakladatelstv\u00ed N\u00e1vrat dom\u016f, ACET, \u010ceskomoravsk\u00e1 asociace Klub\u016f dvoj\u010dat a v\u00edcer\u010dat, Asociace center pro rodinu a dal\u0161\u00ed organizace. Svou podporu iniciativ\u011b vyj\u00e1d\u0159ila i \u010cesk\u00e1 evangelik\u00e1ln\u00ed aliance a Ekumenick\u00e1 rada c\u00edrkv\u00ed.<\/p>\n<p><img loading=\"lazy\" decoding=\"async\" width=\"356\" height=\"500\" class=\"alignleft wp-image-7329\" alt=\"NTM 2017 A3 format_edited-1\" src=\"http:\/\/karlovyvary.casd.cz\/wp-content\/uploads\/NTM-2017-A3-format_edited-1.jpeg\" srcset=\"https:\/\/karlovyvary.casd.cz\/wp-content\/uploads\/NTM-2017-A3-format_edited-1.jpeg 3543w, https:\/\/karlovyvary.casd.cz\/wp-content\/uploads\/NTM-2017-A3-format_edited-1-213x300.jpeg 213w, https:\/\/karlovyvary.casd.cz\/wp-content\/uploads\/NTM-2017-A3-format_edited-1-768x1080.jpeg 768w, https:\/\/karlovyvary.casd.cz\/wp-content\/uploads\/NTM-2017-A3-format_edited-1-728x1024.jpeg 728w\" sizes=\"auto, (max-width: 356px) 100vw, 356px\" \/><\/p>\n","protected":false},"excerpt":{"rendered":"<p>Letos prob\u00edh\u00e1 ji\u017e jeden\u00e1ct\u00fd ro\u010dn\u00edk N\u00e1rodn\u00edho t\u00fddne man\u017eelstv\u00ed. Celost\u00e1tn\u00ed akce na podporu man\u017eelstv\u00ed a rodiny byla zah\u00e1jena 13. \u00fanora 2017 na p\u016fd\u011b Poslaneck\u00e9 sn\u011bmovny Parlamentu \u010cR tiskovou konferenc\u00ed, na kter\u00e9 [&hellip;]<\/p>\n","protected":false},"author":1395,"featured_media":0,"comment_status":"open","ping_status":"open","sticky":false,"template":"","format":"standard","meta":{"_mi_skip_tracking":false,"_monsterinsights_sitenote_active":false,"_monsterinsights_sitenote_note":"","_monsterinsights_sitenote_category":0,"ngg_post_thumbnail":0,"footnotes":""},"categories":[16],"tags":[],"class_list":["post-7323","post","type-post","status-publish","format-standard","hentry","category-pozvanky"],"_links":{"self":[{"href":"https:\/\/karlovyvary.casd.cz\/index.php?rest_route=\/wp\/v2\/posts\/7323","targetHints":{"allow":["GET"]}}],"collection":[{"href":"https:\/\/karlovyvary.casd.cz\/index.php?rest_route=\/wp\/v2\/posts"}],"about":[{"href":"https:\/\/karlovyvary.casd.cz\/index.php?rest_route=\/wp\/v2\/types\/post"}],"author":[{"embeddable":true,"href":"https:\/\/karlovyvary.casd.cz\/index.php?rest_route=\/wp\/v2\/users\/1395"}],"replies":[{"embeddable":true,"href":"https:\/\/karlovyvary.casd.cz\/index.php?rest_route=%2Fwp%2Fv2%2Fcomments&post=7323"}],"version-history":[{"count":5,"href":"https:\/\/karlovyvary.casd.cz\/index.php?rest_route=\/wp\/v2\/posts\/7323\/revisions"}],"predecessor-version":[{"id":7717,"href":"https:\/\/karlovyvary.casd.cz\/index.php?rest_route=\/wp\/v2\/posts\/7323\/revisions\/7717"}],"wp:attachment":[{"href":"https:\/\/karlovyvary.casd.cz\/index.php?rest_route=%2Fwp%2Fv2%2Fmedia&parent=7323"}],"wp:term":[{"taxonomy":"category","embeddable":true,"href":"https:\/\/karlovyvary.casd.cz\/index.php?rest_route=%2Fwp%2Fv2%2Fcategories&post=7323"},{"taxonomy":"post_tag","embeddable":true,"href":"https:\/\/karlovyvary.casd.cz\/index.php?rest_route=%2Fwp%2Fv2%2Ftags&post=7323"}],"curies":[{"name":"wp","href":"https:\/\/api.w.org\/{rel}","templated":true}]}}