{"id":7227,"date":"2017-01-02T00:22:34","date_gmt":"2017-01-01T23:22:34","guid":{"rendered":"http:\/\/karlovyvary.casd.cz\/?p=7227"},"modified":"2017-01-02T00:36:29","modified_gmt":"2017-01-01T23:36:29","slug":"aliancni-tyden-modliteb-za-deti-v-karlovych-varech","status":"publish","type":"post","link":"https:\/\/karlovyvary.casd.cz\/?p=7227","title":{"rendered":"Alian\u010dn\u00ed t\u00fdden modliteb &#8222;Za d\u011bti&#8220; v Karlov\u00fdch Varech"},"content":{"rendered":"<p><img loading=\"lazy\" decoding=\"async\" class=\"alignleft  wp-image-7232\" src=\"http:\/\/karlovyvary.casd.cz\/wp-content\/uploads\/P1020376-e1483313737817-768x1024.jpg\" alt=\"p1020376\" width=\"194\" height=\"259\" srcset=\"https:\/\/karlovyvary.casd.cz\/wp-content\/uploads\/P1020376-e1483313737817-768x1024.jpg 768w, https:\/\/karlovyvary.casd.cz\/wp-content\/uploads\/P1020376-e1483313737817-225x300.jpg 225w\" sizes=\"auto, (max-width: 194px) 100vw, 194px\" \/>Od ned\u011ble 8. ledna do ned\u011ble 15. ledna se uskute\u010dn\u00ed ka\u017edoro\u010dn\u00ed Alian\u010dn\u00ed t\u00fdden modliteb. Leto\u0161n\u00ed t\u00e9ma jsou d\u011bti. Rozpis setk\u00e1n\u00ed je ke sta\u017een\u00ed zde: <a href=\"http:\/\/karlovyvary.casd.cz\/wp-content\/uploads\/ATM-2017.pdf\">atm-2017<\/a>. Sb\u00edrka ATM 2017 bude v\u011bnov\u00e1na na pot\u0159eby <strong>S\u00edt\u011b k\u0159es\u0165ansk\u00fdch u\u010ditel\u016f \u2013 <\/strong>fond vzd\u011bl\u00e1v\u00e1n\u00ed k\u0159es\u0165ansk\u00fdch u\u010ditel\u016f k z\u00edsk\u00e1n\u00ed aprobac\u00ed pro Etickou v\u00fdchovu na \u0161kol\u00e1ch.<\/p>\n<p>\u201eNikdy v minulosti nebylo na sv\u011bt\u011b tolik d\u011bt\u00ed, jako dnes. D\u011bti tvo\u0159\u00ed asi 1\/3 obyvatel Zem\u011b (asi 2,5 mld. ze 7,5 mld.). D\u011bti jsou budoucnost\u00ed tohoto sv\u011bta. Nesm\u00edrn\u011b proto z\u00e1le\u017e\u00ed <!--more-->na tom, v jak\u00fdch podm\u00ednk\u00e1ch budou vyr\u016fstat a jak budou vychov\u00e1v\u00e1ny. D\u011bti jsou rovn\u011b\u017e jedn\u00edm z nejv\u011bt\u0161\u00edch misijn\u00edch pol\u00ed. Stejn\u011b jako dosp\u011bl\u00ed maj\u00ed duchovn\u00ed pot\u0159eby, stejn\u011b jako dosp\u011bl\u00ed pot\u0159ebuj\u00ed z\u00e1chranu pro v\u011b\u010dnost, stejn\u011b jako dosp\u011bl\u00ed mohou porozum\u011bt evangeliu a p\u0159ijmout spasen\u00ed. <span id=\"more-19193\"><\/span>Kdy\u017e n\u00e1s Je\u017e\u00ed\u0161 pos\u00edl\u00e1 k\u00e1zat evangelium v\u0161emu stvo\u0159en\u00ed (Mk 16, 15), nem\u016f\u017eeme opomenout d\u011bti. P\u00e1n Je\u017e\u00ed\u0161 Kristus d\u00e1v\u00e1 d\u011bti za vzor (Mt 18, 3\u20134). D\u011bti jsou vn\u00edmav\u00e9 na evangelium a duchovn\u00ed vyu\u010dov\u00e1n\u00ed, z\u00e1jmem o evangelium zahanbuj\u00ed dosp\u011bl\u00e9. Z\u00edskat d\u00edt\u011b pro Krista znamen\u00e1 z\u00edskat pro n\u011bj cel\u00fd lidsk\u00fd \u017eivot. D\u011bti jsou tak\u00e9 jednou z nejohro\u017een\u011bj\u0161\u00edch skupin populace. Jsou k\u0159ehk\u00e9 a zraniteln\u00e9. Mnoh\u00e9 negativn\u00ed jevy ve sv\u011bt\u011b (hlad, pron\u00e1sledov\u00e1n\u00ed, v\u00e1le\u010dn\u00e9 konflikty, p\u0159\u00edrodn\u00ed katastrofy, krize rodiny) nejv\u00edce dopadaj\u00ed na d\u011bti.<\/p>\n<p>V\u011b\u0159\u00edm, \u017ee na\u0161e spole\u010dn\u00e9 modlitby v r\u00e1mci Alian\u010dn\u00edho t\u00fddne modliteb mohou b\u00fdt povzbuzen\u00edm pro c\u00edrkev, aby l\u00e9pe naslouchala d\u011btem, jejich radostem a tr\u00e1pen\u00edm, ale ot\u00e1zk\u00e1m, n\u00e1pad\u016fm a sn\u016fm.\u00a0<strong>D\u011bti pot\u0159ebuj\u00ed na\u0161e modlitby!\u201c<\/strong><\/p>\n<p>Ji\u0159\u00ed Unger, tajemn\u00edk \u010cesk\u00e9 evangelik\u00e1ln\u00ed aliance<\/p>\n","protected":false},"excerpt":{"rendered":"<p>Od ned\u011ble 8. ledna do ned\u011ble 15. ledna se uskute\u010dn\u00ed ka\u017edoro\u010dn\u00ed Alian\u010dn\u00ed t\u00fdden modliteb. Leto\u0161n\u00ed t\u00e9ma jsou d\u011bti. Rozpis setk\u00e1n\u00ed je ke sta\u017een\u00ed zde: atm-2017. Sb\u00edrka ATM 2017 bude v\u011bnov\u00e1na [&hellip;]<\/p>\n","protected":false},"author":1395,"featured_media":0,"comment_status":"open","ping_status":"open","sticky":false,"template":"","format":"standard","meta":{"_mi_skip_tracking":false,"_monsterinsights_sitenote_active":false,"_monsterinsights_sitenote_note":"","_monsterinsights_sitenote_category":0,"ngg_post_thumbnail":0,"footnotes":""},"categories":[18],"tags":[],"class_list":["post-7227","post","type-post","status-publish","format-standard","hentry","category-aktuality"],"_links":{"self":[{"href":"https:\/\/karlovyvary.casd.cz\/index.php?rest_route=\/wp\/v2\/posts\/7227","targetHints":{"allow":["GET"]}}],"collection":[{"href":"https:\/\/karlovyvary.casd.cz\/index.php?rest_route=\/wp\/v2\/posts"}],"about":[{"href":"https:\/\/karlovyvary.casd.cz\/index.php?rest_route=\/wp\/v2\/types\/post"}],"author":[{"embeddable":true,"href":"https:\/\/karlovyvary.casd.cz\/index.php?rest_route=\/wp\/v2\/users\/1395"}],"replies":[{"embeddable":true,"href":"https:\/\/karlovyvary.casd.cz\/index.php?rest_route=%2Fwp%2Fv2%2Fcomments&post=7227"}],"version-history":[{"count":3,"href":"https:\/\/karlovyvary.casd.cz\/index.php?rest_route=\/wp\/v2\/posts\/7227\/revisions"}],"predecessor-version":[{"id":7233,"href":"https:\/\/karlovyvary.casd.cz\/index.php?rest_route=\/wp\/v2\/posts\/7227\/revisions\/7233"}],"wp:attachment":[{"href":"https:\/\/karlovyvary.casd.cz\/index.php?rest_route=%2Fwp%2Fv2%2Fmedia&parent=7227"}],"wp:term":[{"taxonomy":"category","embeddable":true,"href":"https:\/\/karlovyvary.casd.cz\/index.php?rest_route=%2Fwp%2Fv2%2Fcategories&post=7227"},{"taxonomy":"post_tag","embeddable":true,"href":"https:\/\/karlovyvary.casd.cz\/index.php?rest_route=%2Fwp%2Fv2%2Ftags&post=7227"}],"curies":[{"name":"wp","href":"https:\/\/api.w.org\/{rel}","templated":true}]}}