{"id":7019,"date":"2016-11-02T10:25:56","date_gmt":"2016-11-02T09:25:56","guid":{"rendered":"http:\/\/karlovyvary.casd.cz\/?p=7019"},"modified":"2016-11-02T10:25:56","modified_gmt":"2016-11-02T09:25:56","slug":"proc-nezkusit-cestu-viry","status":"publish","type":"post","link":"https:\/\/karlovyvary.casd.cz\/?p=7019","title":{"rendered":"Pro\u010d nezkusit cestu v\u00edry?"},"content":{"rendered":"<p style=\"text-align: justify;\"><strong><img loading=\"lazy\" decoding=\"async\" class=\"alignleft size-medium wp-image-7020\" src=\"http:\/\/karlovyvary.casd.cz\/wp-content\/uploads\/Proc-nezkusit-viru-212x300.jpg\" alt=\"proc-nezkusit-viru\" width=\"212\" height=\"300\" srcset=\"https:\/\/karlovyvary.casd.cz\/wp-content\/uploads\/Proc-nezkusit-viru-212x300.jpg 212w, https:\/\/karlovyvary.casd.cz\/wp-content\/uploads\/Proc-nezkusit-viru-768x1086.jpg 768w, https:\/\/karlovyvary.casd.cz\/wp-content\/uploads\/Proc-nezkusit-viru-724x1024.jpg 724w\" sizes=\"auto, (max-width: 212px) 100vw, 212px\" \/>Od soboty 29.10. se kon\u00e1 v karlovarsk\u00e9m sboru c\u00edrkve adventist\u016f (Plze\u0148sk\u00e1 49) s\u00e9rie \u0161esti duchovn\u00edch ve\u010der\u016f\u00a0<\/strong>pro \u0161irokou ve\u0159ejnost s pastorem Pavlem \u0160imkem pod n\u00e1zvem <strong>Pro\u010d nezkusit cestu v\u00edry?<\/strong><\/p>\n<p style=\"text-align: justify;\">Prvn\u00ed setk\u00e1n\u00ed nazvan\u00e9 \u201eNemohu nev\u011b\u0159it\u201c s podtitulem \u201eCo bylo d\u0159\u00edve, my\u0161lenka nebo hmota?\u201c se uskute\u010dnilo v sobotu 29.10. od 17 hodin. <strong>Hostem ve\u010dera byl p\u0159edn\u00ed evropsk\u00fd v\u011bdec v oboru molekul\u00e1rn\u00ed chemie a genetiky Prof. RNDr. Vladim\u00edr Kr\u00e1l, DrSc.<\/strong>, \u010dlen sboru c\u00edrkve adventist\u016f v Praze na Vinohradech.<\/p>\n<p style=\"text-align: justify;\">Druh\u00e9 setk\u00e1n\u00ed s n\u00e1zvem <strong>&#8222;Dobro siln\u011bj\u0161\u00ed ne\u017e zlo&#8220;<\/strong> aneb <strong>&#8222;Kdyby byl B\u016fh, nikdy by nedopustil&#8220;<\/strong> se uskute\u010dn\u00ed op\u011bt v sobotu 5.11. v 17:00. <!--more--><\/p>\n<p style=\"text-align: justify;\">\u00da\u010dastn\u00edci si budou moci poslechnout a promluvit o sv\u00fdch duchovn\u00edch pot\u0159eb\u00e1ch, o Bohu, Bibli, l\u00e1sce a jej\u00edch z\u00e1konitostech, o modlitb\u011b, vztaz\u00edch, o tom, co podle posv\u00e1tn\u00fdch text\u016f Bible je po smrti a dal\u0161\u00edch t\u00e9matech. Pro n\u00e1v\u0161t\u011bvn\u00edky je p\u0159ipravena tak\u00e9 nab\u00eddka duchovn\u00ed literatury zdarma nebo za dotovanou cenu.<\/p>\n<p style=\"text-align: justify;\"><a href=\"http:\/\/sokolov.casd.cz\/wp-content\/uploads\/2015\/10\/pavel.jpg\" rel=\"lightbox[16080]\"><img loading=\"lazy\" decoding=\"async\" class=\"alignright wp-image-16084\" src=\"http:\/\/sokolov.casd.cz\/wp-content\/uploads\/2015\/10\/pavel.jpg\" sizes=\"auto, (max-width: 80px) 100vw, 80px\" srcset=\"http:\/\/sokolov.casd.cz\/wp-content\/uploads\/2015\/10\/pavel.jpg 120w, http:\/\/sokolov.casd.cz\/wp-content\/uploads\/2015\/10\/pavel-64x64.jpg 64w\" alt=\"pavel\" width=\"80\" height=\"80\" \/><\/a>Dvaa\u0161edes\u00e1tilet\u00fd duchovn\u00ed Pavel \u0160imek studoval teologii na lond\u00fdnsk\u00e9 Newbold College, m\u00e1 bohat\u00e9 \u017eivotn\u00ed zku\u0161enosti z pr\u00e1ce s lidmi, v\u00edc jak deset let tak\u00e9 pracoval jako kaplan ve v\u011bze\u0148sk\u00e9 slu\u017eb\u011b. Nyn\u00ed je kazatelem ve sboru Bethany, duchovn\u011b slou\u017e\u00ed i lidem zam\u011bstnan\u00fdm v pra\u017esk\u00e9m michelsk\u00e9m BB Centru. Je \u017eenat\u00fd, m\u00e1 t\u0159i d\u011bti a \u010dty\u0159i vnou\u010data.<\/p>\n","protected":false},"excerpt":{"rendered":"<p>Od soboty 29.10. se kon\u00e1 v karlovarsk\u00e9m sboru c\u00edrkve adventist\u016f (Plze\u0148sk\u00e1 49) s\u00e9rie \u0161esti duchovn\u00edch ve\u010der\u016f\u00a0pro \u0161irokou ve\u0159ejnost s pastorem Pavlem \u0160imkem pod n\u00e1zvem Pro\u010d nezkusit cestu v\u00edry? Prvn\u00ed setk\u00e1n\u00ed [&hellip;]<\/p>\n","protected":false},"author":1395,"featured_media":0,"comment_status":"open","ping_status":"open","sticky":false,"template":"","format":"standard","meta":{"_mi_skip_tracking":false,"_monsterinsights_sitenote_active":false,"_monsterinsights_sitenote_note":"","_monsterinsights_sitenote_category":0,"ngg_post_thumbnail":0,"footnotes":""},"categories":[18],"tags":[],"class_list":["post-7019","post","type-post","status-publish","format-standard","hentry","category-aktuality"],"_links":{"self":[{"href":"https:\/\/karlovyvary.casd.cz\/index.php?rest_route=\/wp\/v2\/posts\/7019","targetHints":{"allow":["GET"]}}],"collection":[{"href":"https:\/\/karlovyvary.casd.cz\/index.php?rest_route=\/wp\/v2\/posts"}],"about":[{"href":"https:\/\/karlovyvary.casd.cz\/index.php?rest_route=\/wp\/v2\/types\/post"}],"author":[{"embeddable":true,"href":"https:\/\/karlovyvary.casd.cz\/index.php?rest_route=\/wp\/v2\/users\/1395"}],"replies":[{"embeddable":true,"href":"https:\/\/karlovyvary.casd.cz\/index.php?rest_route=%2Fwp%2Fv2%2Fcomments&post=7019"}],"version-history":[{"count":1,"href":"https:\/\/karlovyvary.casd.cz\/index.php?rest_route=\/wp\/v2\/posts\/7019\/revisions"}],"predecessor-version":[{"id":7021,"href":"https:\/\/karlovyvary.casd.cz\/index.php?rest_route=\/wp\/v2\/posts\/7019\/revisions\/7021"}],"wp:attachment":[{"href":"https:\/\/karlovyvary.casd.cz\/index.php?rest_route=%2Fwp%2Fv2%2Fmedia&parent=7019"}],"wp:term":[{"taxonomy":"category","embeddable":true,"href":"https:\/\/karlovyvary.casd.cz\/index.php?rest_route=%2Fwp%2Fv2%2Fcategories&post=7019"},{"taxonomy":"post_tag","embeddable":true,"href":"https:\/\/karlovyvary.casd.cz\/index.php?rest_route=%2Fwp%2Fv2%2Ftags&post=7019"}],"curies":[{"name":"wp","href":"https:\/\/api.w.org\/{rel}","templated":true}]}}