{"id":6789,"date":"2016-06-05T09:08:12","date_gmt":"2016-06-05T07:08:12","guid":{"rendered":"http:\/\/karlovyvary.casd.cz\/?p=6789"},"modified":"2016-06-05T09:09:41","modified_gmt":"2016-06-05T07:09:41","slug":"noc-kostelu-2016","status":"publish","type":"post","link":"https:\/\/karlovyvary.casd.cz\/?p=6789","title":{"rendered":"Noc kostel\u016f 2016"},"content":{"rendered":"<p><img loading=\"lazy\" decoding=\"async\" class=\"alignleft size-full wp-image-6791\" src=\"http:\/\/karlovyvary.casd.cz\/wp-content\/uploads\/Noc_kostel_02.png\" alt=\"Noc_kostel_02\" width=\"1000\" height=\"279\" srcset=\"https:\/\/karlovyvary.casd.cz\/wp-content\/uploads\/Noc_kostel_02.png 1000w, https:\/\/karlovyvary.casd.cz\/wp-content\/uploads\/Noc_kostel_02-300x84.png 300w, https:\/\/karlovyvary.casd.cz\/wp-content\/uploads\/Noc_kostel_02-768x214.png 768w\" sizes=\"auto, (max-width: 1000px) 100vw, 1000px\" \/><\/p>\n<p>Srde\u010dn\u011b zveme k n\u00e1v\u0161t\u011bv\u011b na\u0161\u00ed modlitebny na Plze\u0148sk\u00e9 49 v Karlov\u00fdch Varech v r\u00e1mci Noci kostel\u016f 2016 dne 10. \u010dervna 2016 od 19:00 do 22:00. M\u00e1te mo\u017enost si prohl\u00e9dnout prostory na\u0161eho kostela (navr\u017een\u00e9 ing. arch. A. Langem) a v p\u0159\u00edpad\u011b z\u00e1jmu se dozv\u011bd\u011bt n\u011bco o n\u00e1s a\u0165 u\u017e formou osobn\u00edho rozhovoru nebo shl\u00e9dnut\u00edm kr\u00e1tk\u00fdch videospot\u016f o \u010dinnosti na\u0161\u00ed c\u00edrkve. Pro v\u0161echny n\u00e1v\u0161t\u011bvn\u00edky zaji\u0161t\u011bno mal\u00e9 ob\u010derstven\u00ed.<\/p>\n<p>Pozv\u00e1nka v pdf: <a href=\"http:\/\/karlovyvary.casd.cz\/wp-content\/uploads\/Noc_kostelu_KV_2016.pdf\" rel=\"\">Noc_kostelu_KV_2016<\/a><\/p>\n","protected":false},"excerpt":{"rendered":"<p>Srde\u010dn\u011b zveme k n\u00e1v\u0161t\u011bv\u011b na\u0161\u00ed modlitebny na Plze\u0148sk\u00e9 49 v Karlov\u00fdch Varech v r\u00e1mci Noci kostel\u016f 2016 dne 10. \u010dervna 2016 od 19:00 do 22:00. M\u00e1te mo\u017enost si prohl\u00e9dnout prostory [&hellip;]<\/p>\n","protected":false},"author":1395,"featured_media":0,"comment_status":"open","ping_status":"open","sticky":false,"template":"","format":"standard","meta":{"_mi_skip_tracking":false,"_monsterinsights_sitenote_active":false,"_monsterinsights_sitenote_note":"","_monsterinsights_sitenote_category":0,"ngg_post_thumbnail":0,"footnotes":""},"categories":[1,16],"tags":[],"class_list":["post-6789","post","type-post","status-publish","format-standard","hentry","category-kazani-2","category-pozvanky"],"_links":{"self":[{"href":"https:\/\/karlovyvary.casd.cz\/index.php?rest_route=\/wp\/v2\/posts\/6789","targetHints":{"allow":["GET"]}}],"collection":[{"href":"https:\/\/karlovyvary.casd.cz\/index.php?rest_route=\/wp\/v2\/posts"}],"about":[{"href":"https:\/\/karlovyvary.casd.cz\/index.php?rest_route=\/wp\/v2\/types\/post"}],"author":[{"embeddable":true,"href":"https:\/\/karlovyvary.casd.cz\/index.php?rest_route=\/wp\/v2\/users\/1395"}],"replies":[{"embeddable":true,"href":"https:\/\/karlovyvary.casd.cz\/index.php?rest_route=%2Fwp%2Fv2%2Fcomments&post=6789"}],"version-history":[{"count":1,"href":"https:\/\/karlovyvary.casd.cz\/index.php?rest_route=\/wp\/v2\/posts\/6789\/revisions"}],"predecessor-version":[{"id":6792,"href":"https:\/\/karlovyvary.casd.cz\/index.php?rest_route=\/wp\/v2\/posts\/6789\/revisions\/6792"}],"wp:attachment":[{"href":"https:\/\/karlovyvary.casd.cz\/index.php?rest_route=%2Fwp%2Fv2%2Fmedia&parent=6789"}],"wp:term":[{"taxonomy":"category","embeddable":true,"href":"https:\/\/karlovyvary.casd.cz\/index.php?rest_route=%2Fwp%2Fv2%2Fcategories&post=6789"},{"taxonomy":"post_tag","embeddable":true,"href":"https:\/\/karlovyvary.casd.cz\/index.php?rest_route=%2Fwp%2Fv2%2Ftags&post=6789"}],"curies":[{"name":"wp","href":"https:\/\/api.w.org\/{rel}","templated":true}]}}