{"id":6378,"date":"2016-01-03T12:58:36","date_gmt":"2016-01-03T11:58:36","guid":{"rendered":"http:\/\/karlovyvary.casd.cz\/?p=6378"},"modified":"2016-01-03T13:06:03","modified_gmt":"2016-01-03T12:06:03","slug":"aliancni-tyden-modliteb-2016-radost-kterou-vam-nikdo-nevezme","status":"publish","type":"post","link":"https:\/\/karlovyvary.casd.cz\/?p=6378","title":{"rendered":"Alian\u010dn\u00ed t\u00fdden modliteb 2016 &#8211; Radost, kterou v\u00e1m nikdo nevezme"},"content":{"rendered":"<p>Je\u017e\u00ed\u0161 n\u00e1m zanechal radost, kterou n\u00e1m nikdo a nic nem\u016f\u017ee vz\u00edt. Jsme ale lidem radosti, o kter\u00e9m mluvil Izaj\u00e1\u0161? Je-li spasen\u00ed spravedlnost, pokoj a radost v Duchu Svat\u00e9m, pt\u00e1m se n\u011bkdy, pro\u010d i v c\u00edrkvi nevypad\u00e1me pon\u011bkud spasen\u011bji. Ne, nejde mi o \u201ehaleluj\u00e1ck\u00e9\u201c happy-clappy k\u0159es\u0165anstv\u00ed, ale o radost hluboce zako\u0159en\u011bnou v pozn\u00e1n\u00ed Boha i jeho kr\u00e1sy, velikosti a moci. Alian\u010dn\u00ed t\u00fdden modliteb, kter\u00fd prob\u011bhne 3. &#8211; 10. ledna 2016, bude pr\u00e1v\u011b o t\u00e9to nezni\u010diteln\u00e9 radosti. Podkladem biblick\u00fdch zamy\u0161len\u00ed pak budou jednotliv\u00e1 blahoslavenstv\u00ed z 5. kapitoly Matou\u0161ova evangelia, kter\u00fdmi Je\u017e\u00ed\u0161 bo\u0159\u00ed za\u017eit\u00e9 m\u00fdty o tom, co to znamen\u00e1 m\u00edt \u0161\u0165astn\u00fd \u017eivot \u2013 b\u00fdt blahoslaven\u00fd. Blahoslavenstv\u00ed jsou vyj\u00e1d\u0159en\u00edm ryz\u00ed milosti v Kristu. Radosti, kterou neuhas\u00ed \u017e\u00e1dn\u00fd pl\u00e1\u010d, nespravedlnost, zneu\u017e\u00edv\u00e1n\u00ed druh\u00fdmi, bezmoc, pron\u00e1sledov\u00e1n\u00ed nebo smutek. Radosti, kterou n\u00e1m nem\u016f\u017ee nikdo a nic vz\u00edt.<\/p>\n<p>Zveme v\u00e1s ke spole\u010dn\u00fdm modlitb\u00e1m s dal\u0161\u00edmi sbory a c\u00edrkvemi. Bu\u010fme lidem vesel\u00ed a radosti \u2013 spole\u010dn\u011b.<\/p>\n<p>Za \u010ceskou evangelik\u00e1ln\u00ed alianci<\/p>\n<p>Ji\u0159\u00ed Unger<\/p>\n<p>Materi\u00e1ly k ATM si m\u016f\u017eete st\u00e1hnout <a href=\"http:\/\/ea.cz\/img-content\/files\/ATM\/2016_ATM.pdf\" target=\"_blank\">zde<\/a>.<\/p>\n<p><span style=\"text-decoration: underline;\"><strong>Rozpis setk\u00e1n\u00ed ATM 2016 v Karlov\u00fdch Varech<\/strong><\/span>:<\/p>\n<table width=\"615\">\n<tbody>\n<tr>\n<td width=\"116\">datum<\/td>\n<td width=\"267\">m\u00edsto<\/td>\n<td width=\"232\">kazatel\u00e9<\/td>\n<\/tr>\n<tr>\n<td width=\"116\">3.1. v 18:30<\/td>\n<td width=\"267\">Arm\u00e1da Sp\u00e1sy<\/td>\n<td width=\"232\">Pavel Klime\u0161, Nick Lica<\/td>\n<\/tr>\n<tr>\n<td width=\"116\">6.1. v 18:30<\/td>\n<td width=\"267\">Bratrsk\u00e1 jednota baptist\u016f<\/td>\n<td width=\"232\">Dan Bi\u0161ko, Martin Lindtner<\/td>\n<\/tr>\n<tr>\n<td width=\"116\">8.1. v 18:30<\/td>\n<td width=\"267\">C\u00edrkev adventist\u016f s.d.<\/td>\n<td width=\"232\">Tom\u00e1\u0161 Holubec, Luk\u00e1\u0161 Bujna<\/td>\n<\/tr>\n<tr>\n<td width=\"116\">10.1. v 18:30<\/td>\n<td width=\"267\">\u010ceskobratrsk\u00e1 c\u00edrkev evangelick\u00e1<\/td>\n<td width=\"232\">R. \u0160. Rob, n\u011bkdo z K\u0159. sbor\u016f<\/td>\n<\/tr>\n<\/tbody>\n<\/table>\n","protected":false},"excerpt":{"rendered":"<p>Je\u017e\u00ed\u0161 n\u00e1m zanechal radost, kterou n\u00e1m nikdo a nic nem\u016f\u017ee vz\u00edt. Jsme ale lidem radosti, o kter\u00e9m mluvil Izaj\u00e1\u0161? Je-li spasen\u00ed spravedlnost, pokoj a radost v Duchu Svat\u00e9m, pt\u00e1m se [&hellip;]<\/p>\n","protected":false},"author":1395,"featured_media":0,"comment_status":"open","ping_status":"open","sticky":false,"template":"","format":"standard","meta":{"_mi_skip_tracking":false,"_monsterinsights_sitenote_active":false,"_monsterinsights_sitenote_note":"","_monsterinsights_sitenote_category":0,"ngg_post_thumbnail":0,"footnotes":""},"categories":[1],"tags":[],"class_list":["post-6378","post","type-post","status-publish","format-standard","hentry","category-kazani-2"],"_links":{"self":[{"href":"https:\/\/karlovyvary.casd.cz\/index.php?rest_route=\/wp\/v2\/posts\/6378","targetHints":{"allow":["GET"]}}],"collection":[{"href":"https:\/\/karlovyvary.casd.cz\/index.php?rest_route=\/wp\/v2\/posts"}],"about":[{"href":"https:\/\/karlovyvary.casd.cz\/index.php?rest_route=\/wp\/v2\/types\/post"}],"author":[{"embeddable":true,"href":"https:\/\/karlovyvary.casd.cz\/index.php?rest_route=\/wp\/v2\/users\/1395"}],"replies":[{"embeddable":true,"href":"https:\/\/karlovyvary.casd.cz\/index.php?rest_route=%2Fwp%2Fv2%2Fcomments&post=6378"}],"version-history":[{"count":2,"href":"https:\/\/karlovyvary.casd.cz\/index.php?rest_route=\/wp\/v2\/posts\/6378\/revisions"}],"predecessor-version":[{"id":6380,"href":"https:\/\/karlovyvary.casd.cz\/index.php?rest_route=\/wp\/v2\/posts\/6378\/revisions\/6380"}],"wp:attachment":[{"href":"https:\/\/karlovyvary.casd.cz\/index.php?rest_route=%2Fwp%2Fv2%2Fmedia&parent=6378"}],"wp:term":[{"taxonomy":"category","embeddable":true,"href":"https:\/\/karlovyvary.casd.cz\/index.php?rest_route=%2Fwp%2Fv2%2Fcategories&post=6378"},{"taxonomy":"post_tag","embeddable":true,"href":"https:\/\/karlovyvary.casd.cz\/index.php?rest_route=%2Fwp%2Fv2%2Ftags&post=6378"}],"curies":[{"name":"wp","href":"https:\/\/api.w.org\/{rel}","templated":true}]}}