{"id":6276,"date":"2015-11-08T15:42:31","date_gmt":"2015-11-08T14:42:31","guid":{"rendered":"http:\/\/karlovyvary.casd.cz\/?p=6276"},"modified":"2015-11-08T15:56:43","modified_gmt":"2015-11-08T14:56:43","slug":"modlitebni-tyden","status":"publish","type":"post","link":"https:\/\/karlovyvary.casd.cz\/?p=6276","title":{"rendered":"Modlitebn\u00ed t\u00fdden"},"content":{"rendered":"<p>V t\u00fddnu od 7. do 14. listopadu prob\u011bhne ka\u017edoro\u010dn\u00ed \u201e<strong><span class=\"altText highlight\">Modlitebn\u00ed<\/span> <span class=\"altText highlight\">t\u00fdden<\/span><\/strong>\u201e. C\u00edrkev adventist\u016f se bude po cel\u00e9m sv\u011bt\u011b sch\u00e1zet ke spole\u010dn\u00fdm modlitb\u00e1m a studiu duchovn\u00edch t\u00e9mat. Tak\u00e9 n\u00e1\u0161 sbor se p\u0159ipoj\u00ed k t\u00e9to aktivit\u011b.<\/p>\n<p>Leto\u0161n\u00ed \u00favahy pro modlitebn\u00ed t\u00fdden napsali man\u017eel\u00e9 Klingbeilovi; Gerald \u2013 p\u016fvodem\u00a0z N\u011bmecka \u2013 p\u016fsob\u00ed jako u\u010ditel star\u00e9ho z\u00e1kona na Teologick\u00e9m semin\u00e1\u0159i Andrewsovy univerzity a redaktor c\u00edrkevn\u00edch \u010dasopis\u016f, jeho man\u017eelka Chantal poch\u00e1z\u00ed z Ji\u017en\u00ed Afriky a pracuje ve St\u0159edisku Ellen Whiteov\u00e9. Tradi\u010dn\u011b\u00a0prvn\u00ed p\u0159edn\u00e1\u0161ku napsal p\u0159edseda c\u00edrkve \u2013 br. Ted Wilson a posledn\u00ed je sestavena z v\u00fdrok\u016f <strong>Ellen G. Whiteov\u00e9<\/strong>.\u00a0T\u00e9ma cel\u00e9ho t\u00fddne je zam\u011b\u0159eno na <strong>brzk\u00fd p\u0159\u00edchod P\u00e1na Je\u017e\u00ed\u0161e<\/strong>. Sou\u010d\u00e1st\u00ed se\u0161itu je tak\u00e9 \u010dten\u00ed pro d\u011bti p\u0159i modlitebn\u00edm t\u00fddnu. P\u0159edn\u00e1\u0161ky m\u016f\u017eete <a href=\"http:\/\/www.advent-orion.cz\/edokumenty\/\">st\u00e1hnout<\/a> v elektronick\u00e9 podob\u011b nebo si je m\u016f\u017eete zakoupit v trakt\u00e1tu.<\/p>\n<p><a href=\"http:\/\/karlovyvary.casd.cz\/wp-content\/uploads\/Rozpis-modlitebn\u00edho-t\u00fddne-2015-kopie.pdf\">Rozpis modlitebn\u00edho t\u00fddne 2015 <\/a><\/p>\n","protected":false},"excerpt":{"rendered":"<p>V t\u00fddnu od 7. do 14. listopadu prob\u011bhne ka\u017edoro\u010dn\u00ed \u201eModlitebn\u00ed t\u00fdden\u201e. C\u00edrkev adventist\u016f se bude po cel\u00e9m sv\u011bt\u011b sch\u00e1zet ke spole\u010dn\u00fdm modlitb\u00e1m a studiu duchovn\u00edch t\u00e9mat. Tak\u00e9 n\u00e1\u0161 sbor se [&hellip;]<\/p>\n","protected":false},"author":58,"featured_media":6278,"comment_status":"open","ping_status":"open","sticky":false,"template":"","format":"standard","meta":{"_mi_skip_tracking":false,"_monsterinsights_sitenote_active":false,"_monsterinsights_sitenote_note":"","_monsterinsights_sitenote_category":0,"ngg_post_thumbnail":0,"footnotes":""},"categories":[16],"tags":[],"class_list":["post-6276","post","type-post","status-publish","format-standard","has-post-thumbnail","hentry","category-pozvanky"],"_links":{"self":[{"href":"https:\/\/karlovyvary.casd.cz\/index.php?rest_route=\/wp\/v2\/posts\/6276","targetHints":{"allow":["GET"]}}],"collection":[{"href":"https:\/\/karlovyvary.casd.cz\/index.php?rest_route=\/wp\/v2\/posts"}],"about":[{"href":"https:\/\/karlovyvary.casd.cz\/index.php?rest_route=\/wp\/v2\/types\/post"}],"author":[{"embeddable":true,"href":"https:\/\/karlovyvary.casd.cz\/index.php?rest_route=\/wp\/v2\/users\/58"}],"replies":[{"embeddable":true,"href":"https:\/\/karlovyvary.casd.cz\/index.php?rest_route=%2Fwp%2Fv2%2Fcomments&post=6276"}],"version-history":[{"count":4,"href":"https:\/\/karlovyvary.casd.cz\/index.php?rest_route=\/wp\/v2\/posts\/6276\/revisions"}],"predecessor-version":[{"id":6283,"href":"https:\/\/karlovyvary.casd.cz\/index.php?rest_route=\/wp\/v2\/posts\/6276\/revisions\/6283"}],"wp:featuredmedia":[{"embeddable":true,"href":"https:\/\/karlovyvary.casd.cz\/index.php?rest_route=\/wp\/v2\/media\/6278"}],"wp:attachment":[{"href":"https:\/\/karlovyvary.casd.cz\/index.php?rest_route=%2Fwp%2Fv2%2Fmedia&parent=6276"}],"wp:term":[{"taxonomy":"category","embeddable":true,"href":"https:\/\/karlovyvary.casd.cz\/index.php?rest_route=%2Fwp%2Fv2%2Fcategories&post=6276"},{"taxonomy":"post_tag","embeddable":true,"href":"https:\/\/karlovyvary.casd.cz\/index.php?rest_route=%2Fwp%2Fv2%2Ftags&post=6276"}],"curies":[{"name":"wp","href":"https:\/\/api.w.org\/{rel}","templated":true}]}}