{"id":6254,"date":"2015-11-04T20:42:17","date_gmt":"2015-11-04T19:42:17","guid":{"rendered":"http:\/\/karlovyvary.casd.cz\/?p=6254"},"modified":"2021-11-25T10:16:11","modified_gmt":"2021-11-25T09:16:11","slug":"rozlouceni-s-alanem-chlebkem","status":"publish","type":"post","link":"https:\/\/karlovyvary.casd.cz\/?p=6254","title":{"rendered":"Rozlou\u010den\u00ed s Alanem Chlebkem"},"content":{"rendered":"<p>Mil\u00e1 duchovn\u00ed rodino,<\/p>\n<p>v\u00a0pond\u011bl\u00ed 2. 11. 2015 zem\u0159el po kr\u00e1tk\u00e9 v\u00e1\u017en\u00e9 nemoci ve v\u011bku 41 let kazatel evangelia Moravskoslezsk\u00e9ho sdru\u017een\u00ed C\u00edrkve adventist\u016f sedm\u00e9ho dne <strong>Alan Chlebek<\/strong>. P\u0159es v\u0161echny otazn\u00edky chceme vyj\u00e1d\u0159it vd\u011b\u010dnost Bohu za jeho duchovn\u00ed dary, kter\u00fdmi slou\u017eil p\u0159edev\u0161\u00edm mlad\u00fdm lidem nejen v\u00a0Moravskoslezsk\u00e9m sdru\u017een\u00ed.<\/p>\n<p><!--more--><\/p>\n<p>Do kazatelsk\u00e9 slu\u017eby nastoupil v\u00a0roce 1997 a p\u016fsobil ve sborech Brno St\u0159edn\u00ed, Vset\u00edn, Kate\u0159inice a Vala\u0161sk\u00e9 Mezi\u0159\u00ed\u010d\u00ed. V roce 2003 byl zvolen vedouc\u00edm odd\u011blen\u00ed ml\u00e1de\u017ee v\u00a0r\u00e1mci Moravy a Slezska a od roku 2007 tak\u00e9 p\u0159ijal odpov\u011bdnost za veden\u00ed ml\u00e1de\u017ee v\u00a0\u010cesko-Slovensk\u00e9 unii. Od roku 2007 a\u017e do sou\u010dasnosti byl z\u00e1rove\u0148 \u010dlenem v\u00fdboru \u010cS unie a tak\u00e9 byl sou\u010d\u00e1st\u00ed divizn\u00edho v\u00fdboru odd\u011blen\u00ed ml\u00e1de\u017ee.<\/p>\n<p>Pro mlad\u00e9 lidi m\u011bl v\u017edy otev\u0159en\u00e9 srdce a v\u011bnoval se jim naplno. S\u00a0ochotn\u00fdm t\u00fdmem spolupracovn\u00edk\u016f rozjel projekt PTD, kter\u00fd pomohl mnoha mlad\u00fdm lidem r\u016fst v\u00a0duchovn\u00edm \u017eivot\u011b i ve slu\u017eb\u011b. Pro podporu slu\u017eby a \u0161\u00ed\u0159en\u00ed evangelia v\u00a0duchu my\u0161lenky \u201ePo\u0161li to d\u00e1l\u201c, otev\u0159el s\u00a0t\u00fdmem dobrovoln\u00edk\u016f bohoslu\u017eby pro ve\u0159ejnost s\u00a0n\u00e1zvem \u201eAtmosf\u00e9ra\u201c v\u00a0Ostrav\u011b a Brn\u011b.\u00a0 Organizoval nezapomenuteln\u00e9 kongresy ml\u00e1de\u017ee a mnoha dal\u0161\u00edch setk\u00e1n\u00ed s\u00a0mlad\u00fdmi lidmi. Nevyh\u00fdbal se citliv\u00fdm ot\u00e1zk\u00e1m, kter\u00e9 mlad\u00e1 generace \u0159e\u0161\u00ed a tak\u00e9 mlad\u00e9 snoubence prov\u00e1zel v\u00a0p\u0159\u00edprav\u011b na man\u017eelstv\u00ed.<\/p>\n<p>K\u00a0odd\u011blen\u00ed ml\u00e1de\u017ee p\u0159ijal v\u00a0roce 2007 je\u0161t\u011b odpov\u011bdnost za veden\u00ed odd\u011blen\u00ed k\u0159es\u0165ansk\u00e9ho domova. Spolu s\u00a0man\u017eelkou Ren\u00e1tou se rozhodli aktivn\u011b podpo\u0159it duchovn\u00ed z\u00e1klad k\u0159es\u0165ansk\u00fdch rodin a tak s\u00a0dal\u0161\u00edmi <a href=\"http:\/\/karlovyvary.casd.cz\/wp-content\/uploads\/Alan_02-1024x768.jpg\"><img loading=\"lazy\" decoding=\"async\" class=\"alignleft wp-image-6255 size-medium\" src=\"http:\/\/karlovyvary.casd.cz\/wp-content\/uploads\/Alan_02-1024x768-300x225.jpg\" alt=\"Alan_02-1024x768\" width=\"300\" height=\"225\" srcset=\"https:\/\/karlovyvary.casd.cz\/wp-content\/uploads\/Alan_02-1024x768-300x225.jpg 300w, https:\/\/karlovyvary.casd.cz\/wp-content\/uploads\/Alan_02-1024x768.jpg 1024w\" sizes=\"auto, (max-width: 300px) 100vw, 300px\" \/><\/a>spolupracovn\u00edky nastartovali projekty \u201eV\u00fdzvy l\u00e1sky\u201c, \u201eKonference \u017een\u201c a \u201eKonference mu\u017e\u016f\u201c. \u00a0Man\u017eelstv\u00ed Alana a Ren\u00e1tky je pro mnoh\u00e9 st\u00e1lou inspirac\u00ed. P\u0159esto\u017ee se sv\u00fdmi d\u011btmi Ani\u010dkou a Ad\u00e1mkem proch\u00e1zeli t\u011b\u017ek\u00fdmi \u017eivotn\u00edmi situacemi, st\u00e1le d\u00e1vali najevo svou d\u016fv\u011bru v\u00a0Boha a povzbuzovali jin\u00e9.<\/p>\n<p>Chceme spolu s\u00a0celou c\u00edrkv\u00ed a v\u0161emi, kte\u0159\u00ed m\u011bli ke kazateli Alanovi Chlebkovi velmi bl\u00edzko, vyj\u00e1d\u0159it vd\u011b\u010dnost za po\u017eehn\u00e1n\u00ed, kter\u00e9 se n\u00e1m dostalo skrze jeho slu\u017ebu. D\u011bkujeme v\u0161em, kte\u0159\u00ed s\u00a0Alanem spolupracovali a sd\u00edleli s\u00a0n\u00edm jeho vizi. V\u011b\u0159\u00edme, \u017ee ohe\u0148 slu\u017eby, kter\u00fd byl zap\u00e1len, nezhasne, ale bude ho\u0159et d\u00e1le.<\/p>\n<p>Alan bojoval dobr\u00fd boj, b\u011bh dokon\u010dil, v\u00edru zachoval. Nyn\u00ed je pro n\u011bj p\u0159ipravena koruna spravedlnosti, kterou mu d\u00e1 v\u00a0onen den P\u00e1n, ten spravedliv\u00fd soudce. (2. Tim. 4: 7,8)<\/p>\n<p>Bohoslu\u017eba p\u0159i p\u0159\u00edle\u017eitost\u00ed rozlou\u010den\u00ed s\u00a0Alanem Chlebkem se uskute\u010dn\u00ed v\u00a0ned\u011bli 8. listopadu 2015 v\u00a0kostele sv. Ducha v\u00a0Ostrav\u011b Z\u00e1b\u0159ehu v\u00a015 hodin.<\/p>\n<p>Za\u00a0 Moravskoslezsk\u00e9 sdru\u017een\u00ed<br \/>\nKarel Stan\u011bk, Daniel Dobe\u0161, Jaroslav Stejskal<\/p>\n<p><a href=\"http:\/\/karlovyvary.casd.cz\/wp-content\/uploads\/Smute\u010dn\u00ed-ozn\u00e1men\u00ed2.pdf\">Smute\u010dn\u00ed ozn\u00e1men\u00ed<\/a><\/p>\n<p><a href=\"http:\/\/karlovyvary.casd.cz\/wp-content\/uploads\/Rozlou\u010den\u00ed.pdf\">Rozlou\u010den\u00ed<\/a><\/p>\n<p>http:\/\/www.weprayforalan.cz\/<\/p>\n<p><iframe loading=\"lazy\" src=\"https:\/\/www.youtube.com\/embed\/fybYeAvD0wM\" width=\"560\" height=\"315\" frameborder=\"0\" allowfullscreen=\"allowfullscreen\"><\/iframe><\/p>\n<p>&nbsp;<\/p>\n","protected":false},"excerpt":{"rendered":"<p>Mil\u00e1 duchovn\u00ed rodino, v\u00a0pond\u011bl\u00ed 2. 11. 2015 zem\u0159el po kr\u00e1tk\u00e9 v\u00e1\u017en\u00e9 nemoci ve v\u011bku 41 let kazatel evangelia Moravskoslezsk\u00e9ho sdru\u017een\u00ed C\u00edrkve adventist\u016f sedm\u00e9ho dne Alan Chlebek. P\u0159es v\u0161echny otazn\u00edky chceme [&hellip;]<\/p>\n","protected":false},"author":58,"featured_media":5573,"comment_status":"open","ping_status":"open","sticky":false,"template":"","format":"standard","meta":{"_mi_skip_tracking":false,"_monsterinsights_sitenote_active":false,"_monsterinsights_sitenote_note":"","_monsterinsights_sitenote_category":0,"ngg_post_thumbnail":0,"footnotes":""},"categories":[29],"tags":[],"class_list":["post-6254","post","type-post","status-publish","format-standard","has-post-thumbnail","hentry","category-oznameni"],"_links":{"self":[{"href":"https:\/\/karlovyvary.casd.cz\/index.php?rest_route=\/wp\/v2\/posts\/6254","targetHints":{"allow":["GET"]}}],"collection":[{"href":"https:\/\/karlovyvary.casd.cz\/index.php?rest_route=\/wp\/v2\/posts"}],"about":[{"href":"https:\/\/karlovyvary.casd.cz\/index.php?rest_route=\/wp\/v2\/types\/post"}],"author":[{"embeddable":true,"href":"https:\/\/karlovyvary.casd.cz\/index.php?rest_route=\/wp\/v2\/users\/58"}],"replies":[{"embeddable":true,"href":"https:\/\/karlovyvary.casd.cz\/index.php?rest_route=%2Fwp%2Fv2%2Fcomments&post=6254"}],"version-history":[{"count":4,"href":"https:\/\/karlovyvary.casd.cz\/index.php?rest_route=\/wp\/v2\/posts\/6254\/revisions"}],"predecessor-version":[{"id":10006,"href":"https:\/\/karlovyvary.casd.cz\/index.php?rest_route=\/wp\/v2\/posts\/6254\/revisions\/10006"}],"wp:featuredmedia":[{"embeddable":true,"href":"https:\/\/karlovyvary.casd.cz\/index.php?rest_route=\/wp\/v2\/media\/5573"}],"wp:attachment":[{"href":"https:\/\/karlovyvary.casd.cz\/index.php?rest_route=%2Fwp%2Fv2%2Fmedia&parent=6254"}],"wp:term":[{"taxonomy":"category","embeddable":true,"href":"https:\/\/karlovyvary.casd.cz\/index.php?rest_route=%2Fwp%2Fv2%2Fcategories&post=6254"},{"taxonomy":"post_tag","embeddable":true,"href":"https:\/\/karlovyvary.casd.cz\/index.php?rest_route=%2Fwp%2Fv2%2Ftags&post=6254"}],"curies":[{"name":"wp","href":"https:\/\/api.w.org\/{rel}","templated":true}]}}