{"id":6157,"date":"2015-09-26T22:02:54","date_gmt":"2015-09-26T20:02:54","guid":{"rendered":"http:\/\/karlovyvary.casd.cz\/?p=6157"},"modified":"2015-09-26T22:12:06","modified_gmt":"2015-09-26T20:12:06","slug":"o-vdecnosti-s-jaro-krivohlavym-jak-se-mluvi-o-vdecnosti-v-bibli","status":"publish","type":"post","link":"https:\/\/karlovyvary.casd.cz\/?p=6157","title":{"rendered":"O vd\u011b\u010dnosti s Jaro K\u0159ivohlav\u00fdm \u2013 Jak se mluv\u00ed o vd\u011b\u010dnosti v Bibli?"},"content":{"rendered":"<h1 class=\"title\"><a href=\"http:\/\/karlovyvary.casd.cz\/wp-content\/uploads\/vd\u011b\u010dnost.jpg\"><img loading=\"lazy\" decoding=\"async\" class=\"alignright wp-image-6159 size-medium\" src=\"http:\/\/karlovyvary.casd.cz\/wp-content\/uploads\/vd\u011b\u010dnost-300x172.jpg\" alt=\"vd\u011b\u010dnost\" width=\"300\" height=\"172\" srcset=\"https:\/\/karlovyvary.casd.cz\/wp-content\/uploads\/vd\u011b\u010dnost-300x172.jpg 300w, https:\/\/karlovyvary.casd.cz\/wp-content\/uploads\/vd\u011b\u010dnost-1024x586.jpg 1024w\" sizes=\"auto, (max-width: 300px) 100vw, 300px\" \/><\/a><\/h1>\n<div class=\"post-content clearfix\">\n<p>&nbsp;<\/p>\n<p><strong>Op\u011bvujte Hospodina d\u011bkovnou p\u00edsn\u00ed,<\/strong><\/p>\n<p><strong>hrejte na citeru na\u0161emu Bohu&#8230;<\/strong><\/p>\n<p><em>\u017d 147, 7<\/em><\/p>\n<\/div>\n<p>Hovo\u0159il jsem o vd\u011b\u010dnosti se skupinou k\u0159es\u0165ansk\u00fdch student\u016f. Byl jsem vd\u011b\u010dn\u00fd za otev\u0159enost, s n\u00ed\u017e kladli sv\u00e9 ot\u00e1zky &#8211; a\u017e do chv\u00edle, kdy mi jeden z nich vyrazil dech dotazem: &#8222;Mluv\u00edte o vd\u011b\u010dnosti jako o k\u0159es\u0165ansk\u00e9 ctnosti, ale v Bibli se moc o vd\u011b\u010dnosti nemluv\u00ed. A kdy\u017e se o n\u00ed mluv\u00ed, pak sp\u00ed\u0161e o jej\u00edm opaku &#8211; o nevd\u011b\u010dnosti.&#8220; Musel jsem uznat, \u017ee slovo &#8222;vd\u011b\u010dnost&#8220; nepat\u0159\u00ed v Bibli k nej\u010dast\u011bj\u0161\u00edm. D\u016fvod je v\u0161ak v tom, \u017ee to, co rozum\u00edme slovem &#8222;vd\u011b\u010dnost&#8220; (latinsky &#8222;gratia&#8220;) dnes, se tam vyjad\u0159ovalo jinak. Jak?<\/p>\n<p><!--more--><\/p>\n<p>J\u00e1dro biblick\u00e9ho pojet\u00ed vd\u011b\u010dnosti je pravd\u011bpodobn\u011b v biblick\u00e9 zv\u011bsti o dobru. Bible nedefinuje ideu dobra, ale \u0159\u00edk\u00e1, \u017ee dobro i dobrota je B\u016fh. Dobro je samou Bo\u017e\u00ed podstatou. Augustin to podtrhl , a prohl\u00e1sil dokonce, \u017ee doro neexistuje mimo Boha a \u017ee dobr\u00e9 je to, co chce B\u016fh. A co m\u00e1 a m\u016f\u017ee d\u011blat \u010dlov\u011bk? \u010clov\u011bk m\u016f\u017ee za prok\u00e1zan\u00e9 dobro p\u0159ich\u00e1zej\u00edc\u00ed z tohoto pramene d\u011bkovat a D\u00e1rce chv\u00e1lit.<\/p>\n<p>Proto nach\u00e1z\u00edme v Bibli tolikr\u00e1t v\u00fdzvu k chv\u00e1len\u00ed. Tak je tomu nap\u0159. v \u017ealmu 118, 1: &#8222;Oslavujte Hospodin, nebo\u0165 je dobr\u00fd, jeho milosrdenstv\u00ed trv\u00e1 nav\u011bky!&#8220;<\/p>\n<p>Za projevy dobra, kter\u00e9ho se n\u00e1m dost\u00e1v\u00e1, bychom m\u011bli d\u011bkovat. Proto je d\u011bkov\u00e1n\u00ed ned\u00edlnou sou\u010d\u00e1st\u00ed v\u0161ech modliteb. D\u00edk\u016f-\u010din\u011bn\u00edm modlitby za\u010d\u00ednaj\u00ed. \u017dalmista zp\u00edv\u00e1: &#8222;Vstupte do jeho bran s d\u00edkem, do jeho n\u00e1dvo\u0159\u00ed s chvalozp\u011bvem, slavte ho, \u017eehnejte jeho jm\u00e9nu&#8220; (\u017d 100,4). A odtud je jen krok k dnes nej\u010dast\u011bji sly\u0161iteln\u00e9mu projevu vd\u011b\u010dnosti &#8211; zp\u011bvu.<\/p>\n<p>Kolik v\u00fdzev k vyj\u00e1d\u0159en\u00ed d\u00edk\u016f Hospodinu zp\u011bvem \u010dteme v \u017ealmech? V \u017ealmu 117,1: &#8222;Chvalte Hospodina, v\u0161ichni lid\u00e9, oslavujte ho, v\u0161echny n\u00e1rody.&#8220; V \u017ealmu 138,5: &#8222;Budou op\u011bvovatHospodinovy cesty: V\u011bru, velik\u00e1 je Hospodinova sl\u00e1va!&#8220;<\/p>\n<p>Anton\u00edn Dvo\u0159\u00e1k zhudebnil slova \u017ealmu 144,9 &#8222;Bo\u017ee, novou p\u00edse\u0148 ti zazp\u00edv\u00e1m.&#8220; V\u0161ak mu tak\u00e9 byl velice vd\u011b\u010dn\u00fd &#8211; a netajil se s t\u00edm.<\/p>\n<p>K poslechu &#8211; <a href=\"https:\/\/www.youtube.com\/watch?v=VxqX1TSTcXg\">Magdalena Ko\u017een\u00e1: The complete &#8222;Biblick\u00e9 p\u00edsn\u011b Op. 99<\/a><\/p>\n<p>Pozn\u00e1mka: Slovo eucharistia znamen\u00e1 v hebrej\u0161tin\u011b &#8222;d\u00edk\u016fvzd\u00e1n\u00ed&#8220;.<\/p>\n<div class=\"post-content clearfix\">K\u0158IVOHLAV\u00dd, Jaro. <em>O vd\u011b\u010dnosti s Jaro K\u0159ivohlav\u00fdm<\/em>. Karmelit\u00e1nsk\u00e9 nakladatelstv\u00ed v Kosteln\u00edm Vyd\u0159\u00ed, 2007. ISBN 978-80-7195-998-4<\/div>\n","protected":false},"excerpt":{"rendered":"<p>&nbsp; Op\u011bvujte Hospodina d\u011bkovnou p\u00edsn\u00ed, hrejte na citeru na\u0161emu Bohu&#8230; \u017d 147, 7 Hovo\u0159il jsem o vd\u011b\u010dnosti se skupinou k\u0159es\u0165ansk\u00fdch student\u016f. Byl jsem vd\u011b\u010dn\u00fd za otev\u0159enost, s n\u00ed\u017e kladli sv\u00e9 [&hellip;]<\/p>\n","protected":false},"author":58,"featured_media":0,"comment_status":"open","ping_status":"open","sticky":false,"template":"","format":"standard","meta":{"_mi_skip_tracking":false,"_monsterinsights_sitenote_active":false,"_monsterinsights_sitenote_note":"","_monsterinsights_sitenote_category":0,"ngg_post_thumbnail":0,"footnotes":""},"categories":[21],"tags":[],"class_list":["post-6157","post","type-post","status-publish","format-standard","hentry","category-zamysleni"],"_links":{"self":[{"href":"https:\/\/karlovyvary.casd.cz\/index.php?rest_route=\/wp\/v2\/posts\/6157","targetHints":{"allow":["GET"]}}],"collection":[{"href":"https:\/\/karlovyvary.casd.cz\/index.php?rest_route=\/wp\/v2\/posts"}],"about":[{"href":"https:\/\/karlovyvary.casd.cz\/index.php?rest_route=\/wp\/v2\/types\/post"}],"author":[{"embeddable":true,"href":"https:\/\/karlovyvary.casd.cz\/index.php?rest_route=\/wp\/v2\/users\/58"}],"replies":[{"embeddable":true,"href":"https:\/\/karlovyvary.casd.cz\/index.php?rest_route=%2Fwp%2Fv2%2Fcomments&post=6157"}],"version-history":[{"count":2,"href":"https:\/\/karlovyvary.casd.cz\/index.php?rest_route=\/wp\/v2\/posts\/6157\/revisions"}],"predecessor-version":[{"id":6161,"href":"https:\/\/karlovyvary.casd.cz\/index.php?rest_route=\/wp\/v2\/posts\/6157\/revisions\/6161"}],"wp:attachment":[{"href":"https:\/\/karlovyvary.casd.cz\/index.php?rest_route=%2Fwp%2Fv2%2Fmedia&parent=6157"}],"wp:term":[{"taxonomy":"category","embeddable":true,"href":"https:\/\/karlovyvary.casd.cz\/index.php?rest_route=%2Fwp%2Fv2%2Fcategories&post=6157"},{"taxonomy":"post_tag","embeddable":true,"href":"https:\/\/karlovyvary.casd.cz\/index.php?rest_route=%2Fwp%2Fv2%2Ftags&post=6157"}],"curies":[{"name":"wp","href":"https:\/\/api.w.org\/{rel}","templated":true}]}}