{"id":6143,"date":"2015-09-22T12:47:08","date_gmt":"2015-09-22T10:47:08","guid":{"rendered":"http:\/\/karlovyvary.casd.cz\/?p=6143"},"modified":"2015-10-18T09:58:45","modified_gmt":"2015-10-18T07:58:45","slug":"koncert-pro-mistra-jana","status":"publish","type":"post","link":"https:\/\/karlovyvary.casd.cz\/?p=6143","title":{"rendered":"Alfred Strej\u010dek, \u0160t\u011bp\u00e1n Rak &#8211; Koncert pro Mistra Jana"},"content":{"rendered":"<p><a href=\"http:\/\/karlovyvary.casd.cz\/wp-content\/uploads\/Koncert-pro-mistra-jana-final-plak\u00e1tek.jpg\"><img loading=\"lazy\" decoding=\"async\" class=\"size-medium wp-image-6144 alignleft\" src=\"http:\/\/karlovyvary.casd.cz\/wp-content\/uploads\/Koncert-pro-mistra-jana-final-plak\u00e1tek-229x300.jpg\" alt=\"OLYMPUS DIGITAL CAMERA\" width=\"229\" height=\"300\" srcset=\"https:\/\/karlovyvary.casd.cz\/wp-content\/uploads\/Koncert-pro-mistra-jana-final-plak\u00e1tek-229x300.jpg 229w, https:\/\/karlovyvary.casd.cz\/wp-content\/uploads\/Koncert-pro-mistra-jana-final-plak\u00e1tek.jpg 541w\" sizes=\"auto, (max-width: 229px) 100vw, 229px\" \/><\/a>Srde\u010dn\u011b zveme na \u201e<strong>Koncert pro Mistra Jana<\/strong>\u201c kytarov\u00e9ho virtuose, skladatele a profesora pra\u017esk\u00e9 AMU <strong>\u0160t\u011bp\u00e1na Raka<\/strong> ve spolupr\u00e1ci se \u0161pi\u010dkov\u00fdm hercem a recit\u00e1torem <strong>Alfredem Strej\u010dkem<\/strong>. Koncert k\u00a0p\u0159ipomenut\u00ed v\u00fdro\u010d\u00ed 600 let od up\u00e1len\u00ed Mistra Jana Husa na hranici v\u00a0Kostnici se kon\u00e1 <strong>v\u00a0p\u00e1tek 9. 10. 2015 od 18:30<\/strong> <strong>ve sboru C\u00edrkve adventist\u016f s.d. v\u00a0Karlov\u00fdch Varech na Plze\u0148sk\u00e9 49<\/strong>, spojen\u00ed MHD autobusem \u010d. 6, zast\u00e1vka Plze\u0148sk\u00e1. Koncert se kon\u00e1 za podpory m\u011bsta Karlovy Vary. <strong>Vstupn\u00e9 dobrovoln\u00e9.<\/strong><\/p>\n<p>\u017divot Jana Husa je p\u0159\u00edb\u011bhem \u010dlov\u011bka hledaj\u00edc\u00edho pravdu a dobrovoln\u011b podstupuj\u00edc\u00edho na cest\u011b za n\u00ed t\u011b\u017ek\u00e9 osudov\u00e9 zkou\u0161ky. Tento po\u0159ad se pt\u00e1 prost\u0159ednictv\u00edm Husova \u017eivota a jeho historick\u00e9 interpretace, co je pravda?<\/p>\n<p>V\u00edce informac\u00ed na <a href=\"http:\/\/www.stepanrak.cz\/porady-stepan-rak-a-alfred-strejcek.html\">http:\/\/www.stepanrak.cz\/porady-stepan-rak-a-alfred-strejcek.html<\/a><\/p>\n","protected":false},"excerpt":{"rendered":"<p>Srde\u010dn\u011b zveme na \u201eKoncert pro Mistra Jana\u201c kytarov\u00e9ho virtuose, skladatele a profesora pra\u017esk\u00e9 AMU \u0160t\u011bp\u00e1na Raka ve spolupr\u00e1ci se \u0161pi\u010dkov\u00fdm hercem a recit\u00e1torem Alfredem Strej\u010dkem. Koncert k\u00a0p\u0159ipomenut\u00ed v\u00fdro\u010d\u00ed 600 let [&hellip;]<\/p>\n","protected":false},"author":1395,"featured_media":0,"comment_status":"open","ping_status":"open","sticky":false,"template":"","format":"standard","meta":{"_mi_skip_tracking":false,"_monsterinsights_sitenote_active":false,"_monsterinsights_sitenote_note":"","_monsterinsights_sitenote_category":0,"ngg_post_thumbnail":0,"footnotes":""},"categories":[16],"tags":[],"class_list":["post-6143","post","type-post","status-publish","format-standard","hentry","category-pozvanky"],"_links":{"self":[{"href":"https:\/\/karlovyvary.casd.cz\/index.php?rest_route=\/wp\/v2\/posts\/6143","targetHints":{"allow":["GET"]}}],"collection":[{"href":"https:\/\/karlovyvary.casd.cz\/index.php?rest_route=\/wp\/v2\/posts"}],"about":[{"href":"https:\/\/karlovyvary.casd.cz\/index.php?rest_route=\/wp\/v2\/types\/post"}],"author":[{"embeddable":true,"href":"https:\/\/karlovyvary.casd.cz\/index.php?rest_route=\/wp\/v2\/users\/1395"}],"replies":[{"embeddable":true,"href":"https:\/\/karlovyvary.casd.cz\/index.php?rest_route=%2Fwp%2Fv2%2Fcomments&post=6143"}],"version-history":[{"count":4,"href":"https:\/\/karlovyvary.casd.cz\/index.php?rest_route=\/wp\/v2\/posts\/6143\/revisions"}],"predecessor-version":[{"id":6150,"href":"https:\/\/karlovyvary.casd.cz\/index.php?rest_route=\/wp\/v2\/posts\/6143\/revisions\/6150"}],"wp:attachment":[{"href":"https:\/\/karlovyvary.casd.cz\/index.php?rest_route=%2Fwp%2Fv2%2Fmedia&parent=6143"}],"wp:term":[{"taxonomy":"category","embeddable":true,"href":"https:\/\/karlovyvary.casd.cz\/index.php?rest_route=%2Fwp%2Fv2%2Fcategories&post=6143"},{"taxonomy":"post_tag","embeddable":true,"href":"https:\/\/karlovyvary.casd.cz\/index.php?rest_route=%2Fwp%2Fv2%2Ftags&post=6143"}],"curies":[{"name":"wp","href":"https:\/\/api.w.org\/{rel}","templated":true}]}}