{"id":6007,"date":"2015-07-02T23:11:53","date_gmt":"2015-07-02T21:11:53","guid":{"rendered":"http:\/\/karlovyvary.casd.cz\/?p=6007"},"modified":"2015-07-15T23:02:58","modified_gmt":"2015-07-15T21:02:58","slug":"bohosluzba-v-prirode","status":"publish","type":"post","link":"https:\/\/karlovyvary.casd.cz\/?p=6007","title":{"rendered":"Bohoslu\u017eba v p\u0159\u00edrod\u011b"},"content":{"rendered":"<p style=\"text-align: center;\"><a href=\"http:\/\/karlovyvary.casd.cz\/wp-content\/uploads\/Sk\u00e1la-CB.jpg\"><img loading=\"lazy\" decoding=\"async\" class=\" size-medium wp-image-6008 alignleft\" src=\"http:\/\/karlovyvary.casd.cz\/wp-content\/uploads\/Sk\u00e1la-CB-212x300.jpg\" alt=\"Bohoslu\u017eba v p\u0159\u00edrod\u011b\" width=\"212\" height=\"300\" srcset=\"https:\/\/karlovyvary.casd.cz\/wp-content\/uploads\/Sk\u00e1la-CB-212x300.jpg 212w, https:\/\/karlovyvary.casd.cz\/wp-content\/uploads\/Sk\u00e1la-CB-724x1024.jpg 724w, https:\/\/karlovyvary.casd.cz\/wp-content\/uploads\/Sk\u00e1la-CB.jpg 1755w\" sizes=\"auto, (max-width: 212px) 100vw, 212px\" \/><\/a><strong>P\u0159ijm\u011bte pozv\u00e1n\u00ed na netradi\u010dn\u00ed bohoslu\u017ebu pod \u0161ir\u00fdm nebem<br \/>\n<\/strong><\/p>\n<h2 style=\"text-align: center;\"><span style=\"color: #ff6600;\"><strong>&#8222;ROCKY &#8211; B\u016eH&#8220;\u00a0\u00a0<\/strong> <\/span><\/h2>\n<h3 style=\"text-align: center;\"><strong><span style=\"color: #339966;\">11. 7. 2015 v \u0160abin\u011b pod skalou, 9.30 hodin<\/span><\/strong><\/h3>\n<p>V p\u0159\u00e1telsk\u00e9m prost\u0159ed\u00ed v\u011b\u0159\u00edc\u00edch lid\u00ed vyslechnete v\u00fdklad Bo\u017e\u00edho Slova pastora Martina Lindtnera. Do programu p\u0159isp\u011bj\u00ed hudebn\u00edci a zp\u011bv\u00e1ci okoln\u00edch sbor\u016f regionu.<\/p>\n<p><a href=\"http:\/\/karlovyvary.casd.cz\/wp-content\/uploads\/Bohoslu\u017eba-v-p\u0159\u00edrod\u011b-2015.pdf\">Bohoslu\u017eba v p\u0159\u00edrod\u011b 2015<\/a><\/p>\n<p>&nbsp;<\/p>\n","protected":false},"excerpt":{"rendered":"<p>P\u0159ijm\u011bte pozv\u00e1n\u00ed na netradi\u010dn\u00ed bohoslu\u017ebu pod \u0161ir\u00fdm nebem &#8222;ROCKY &#8211; B\u016eH&#8220;\u00a0\u00a0 11. 7. 2015 v \u0160abin\u011b pod skalou, 9.30 hodin V p\u0159\u00e1telsk\u00e9m prost\u0159ed\u00ed v\u011b\u0159\u00edc\u00edch lid\u00ed vyslechnete v\u00fdklad Bo\u017e\u00edho Slova pastora [&hellip;]<\/p>\n","protected":false},"author":58,"featured_media":0,"comment_status":"open","ping_status":"open","sticky":false,"template":"","format":"standard","meta":{"_mi_skip_tracking":false,"_monsterinsights_sitenote_active":false,"_monsterinsights_sitenote_note":"","_monsterinsights_sitenote_category":0,"ngg_post_thumbnail":0,"footnotes":""},"categories":[16],"tags":[],"class_list":["post-6007","post","type-post","status-publish","format-standard","hentry","category-pozvanky"],"_links":{"self":[{"href":"https:\/\/karlovyvary.casd.cz\/index.php?rest_route=\/wp\/v2\/posts\/6007","targetHints":{"allow":["GET"]}}],"collection":[{"href":"https:\/\/karlovyvary.casd.cz\/index.php?rest_route=\/wp\/v2\/posts"}],"about":[{"href":"https:\/\/karlovyvary.casd.cz\/index.php?rest_route=\/wp\/v2\/types\/post"}],"author":[{"embeddable":true,"href":"https:\/\/karlovyvary.casd.cz\/index.php?rest_route=\/wp\/v2\/users\/58"}],"replies":[{"embeddable":true,"href":"https:\/\/karlovyvary.casd.cz\/index.php?rest_route=%2Fwp%2Fv2%2Fcomments&post=6007"}],"version-history":[{"count":0,"href":"https:\/\/karlovyvary.casd.cz\/index.php?rest_route=\/wp\/v2\/posts\/6007\/revisions"}],"wp:attachment":[{"href":"https:\/\/karlovyvary.casd.cz\/index.php?rest_route=%2Fwp%2Fv2%2Fmedia&parent=6007"}],"wp:term":[{"taxonomy":"category","embeddable":true,"href":"https:\/\/karlovyvary.casd.cz\/index.php?rest_route=%2Fwp%2Fv2%2Fcategories&post=6007"},{"taxonomy":"post_tag","embeddable":true,"href":"https:\/\/karlovyvary.casd.cz\/index.php?rest_route=%2Fwp%2Fv2%2Ftags&post=6007"}],"curies":[{"name":"wp","href":"https:\/\/api.w.org\/{rel}","templated":true}]}}