{"id":5985,"date":"2015-06-23T00:37:46","date_gmt":"2015-06-22T22:37:46","guid":{"rendered":"http:\/\/karlovyvary.casd.cz\/?p=5985"},"modified":"2015-06-26T21:20:05","modified_gmt":"2015-06-26T19:20:05","slug":"rozlouceni","status":"publish","type":"post","link":"https:\/\/karlovyvary.casd.cz\/?p=5985","title":{"rendered":"Rozlou\u010den\u00ed"},"content":{"rendered":"<p><strong>Dne 18. \u010dervna 2015 ve v\u011bku 69 let zem\u0159ela sestra v Kristu<\/strong><\/p>\n<h3><strong> Magda Kurucov\u00e1<a href=\"http:\/\/karlovyvary.casd.cz\/wp-content\/uploads\/imagesX73E9DJQ.jpg\"><img loading=\"lazy\" decoding=\"async\" class=\" size-full wp-image-5573 alignright\" src=\"http:\/\/karlovyvary.casd.cz\/wp-content\/uploads\/imagesX73E9DJQ.jpg\" alt=\"imagesX73E9DJQ\" width=\"283\" height=\"178\" \/><\/a><\/strong><\/h3>\n<p>&nbsp;<\/p>\n<p>Posledn\u00ed rozlou\u010den\u00ed se bude konat<\/p>\n<p>dne 23. \u010dervna 2015 v 15 hodin na m\u00edstn\u00edm h\u0159bitov\u011b v Nejdku.<\/p>\n<p style=\"text-align: justify;\"><a href=\"http:\/\/karlovyvary.casd.cz\/wp-content\/uploads\/Smute\u010dn\u00ed-ozn\u00e1men\u00ed1.pdf\">Smute\u010dn\u00ed ozn\u00e1men\u00ed<\/a><\/p>\n<p style=\"text-align: justify;\">Vzpom\u00edn\u00e1me s vd\u011b\u010dnost\u00ed, modl\u00edme se za nejbli\u017e\u0161\u00ed rodinu.<\/p>\n<p style=\"text-align: justify;\">V\u011b\u0159\u00edme, \u017ee se op\u011bt setk\u00e1me p\u0159i druh\u00e9m p\u0159\u00edchodu P\u00e1na Je\u017e\u00ed\u0161e.<\/p>\n<p>&nbsp;<\/p>\n<p>&nbsp;<\/p>\n","protected":false},"excerpt":{"rendered":"<p>Dne 18. \u010dervna 2015 ve v\u011bku 69 let zem\u0159ela sestra v Kristu Magda Kurucov\u00e1 &nbsp; Posledn\u00ed rozlou\u010den\u00ed se bude konat dne 23. \u010dervna 2015 v 15 hodin na m\u00edstn\u00edm h\u0159bitov\u011b [&hellip;]<\/p>\n","protected":false},"author":58,"featured_media":0,"comment_status":"open","ping_status":"open","sticky":false,"template":"","format":"standard","meta":{"_mi_skip_tracking":false,"_monsterinsights_sitenote_active":false,"_monsterinsights_sitenote_note":"","_monsterinsights_sitenote_category":0,"ngg_post_thumbnail":0,"footnotes":""},"categories":[29],"tags":[],"class_list":["post-5985","post","type-post","status-publish","format-standard","hentry","category-oznameni"],"_links":{"self":[{"href":"https:\/\/karlovyvary.casd.cz\/index.php?rest_route=\/wp\/v2\/posts\/5985","targetHints":{"allow":["GET"]}}],"collection":[{"href":"https:\/\/karlovyvary.casd.cz\/index.php?rest_route=\/wp\/v2\/posts"}],"about":[{"href":"https:\/\/karlovyvary.casd.cz\/index.php?rest_route=\/wp\/v2\/types\/post"}],"author":[{"embeddable":true,"href":"https:\/\/karlovyvary.casd.cz\/index.php?rest_route=\/wp\/v2\/users\/58"}],"replies":[{"embeddable":true,"href":"https:\/\/karlovyvary.casd.cz\/index.php?rest_route=%2Fwp%2Fv2%2Fcomments&post=5985"}],"version-history":[{"count":1,"href":"https:\/\/karlovyvary.casd.cz\/index.php?rest_route=\/wp\/v2\/posts\/5985\/revisions"}],"predecessor-version":[{"id":8248,"href":"https:\/\/karlovyvary.casd.cz\/index.php?rest_route=\/wp\/v2\/posts\/5985\/revisions\/8248"}],"wp:attachment":[{"href":"https:\/\/karlovyvary.casd.cz\/index.php?rest_route=%2Fwp%2Fv2%2Fmedia&parent=5985"}],"wp:term":[{"taxonomy":"category","embeddable":true,"href":"https:\/\/karlovyvary.casd.cz\/index.php?rest_route=%2Fwp%2Fv2%2Fcategories&post=5985"},{"taxonomy":"post_tag","embeddable":true,"href":"https:\/\/karlovyvary.casd.cz\/index.php?rest_route=%2Fwp%2Fv2%2Ftags&post=5985"}],"curies":[{"name":"wp","href":"https:\/\/api.w.org\/{rel}","templated":true}]}}