{"id":5958,"date":"2015-06-21T18:56:58","date_gmt":"2015-06-21T16:56:58","guid":{"rendered":"http:\/\/karlovyvary.casd.cz\/?p=5958"},"modified":"2015-07-15T23:02:05","modified_gmt":"2015-07-15T21:02:05","slug":"pozvani-na-vylet","status":"publish","type":"post","link":"https:\/\/karlovyvary.casd.cz\/?p=5958","title":{"rendered":"Pozv\u00e1n\u00ed na v\u00fdlet"},"content":{"rendered":"<p>&nbsp;<\/p>\n<h2 style=\"text-align: center;\"><strong><span style=\"color: #00ff00;\">T\u00fdden sborov\u00fdch v\u00fdlet\u016f\u00a0\u00a0\u00a0\u00a0\u00a0\u00a0 <\/span><\/strong><a href=\"http:\/\/karlovyvary.casd.cz\/?attachment_id=5960\" rel=\"attachment wp-att-5960\"><img loading=\"lazy\" decoding=\"async\" class=\"  wp-image-5960 alignnone\" src=\"http:\/\/karlovyvary.casd.cz\/wp-content\/uploads\/mm-300x189.png\" alt=\"mm\" width=\"163\" height=\"103\" srcset=\"https:\/\/karlovyvary.casd.cz\/wp-content\/uploads\/mm-300x189.png 300w, https:\/\/karlovyvary.casd.cz\/wp-content\/uploads\/mm.png 434w\" sizes=\"auto, (max-width: 163px) 100vw, 163px\" \/><\/a><\/h2>\n<p>&nbsp;<\/p>\n<ul>\n<li><strong>V\u00fdlety jsou pro v\u0161echny<\/strong>, kdo se cht\u011bj\u00ed z\u00fa\u010dastnit. Nen\u00ed pot\u0159eba se p\u0159edem hl\u00e1sit, sta\u010d\u00ed p\u0159ij\u00edt. D\u011bti, ml\u00e1de\u017en\u00edci a v\u0161ichni, komu se bude cht\u00edt. Kamar\u00e1di a zn\u00e1m\u00ed jsou tak\u00e9 v\u00edt\u00e1ni.<\/li>\n<li>Pokud je sraz u sboru (Plze\u0148sk\u00e1 49), <strong>\u010dek\u00e1me 15 minut po term\u00ednu<\/strong>, pak jdeme. Kdo t\u0159eba zasp\u00ed a chce s\u00a0n\u00e1mi j\u00edt, sta\u010d\u00ed zavolat na kontakt uveden\u00fd n\u00ed\u017ee, p\u0159izp\u016fsob\u00edme odchod. Vlak ale nepo\u010dk\u00e1, zde je pot\u0159eba dochvilnost. D\u011bti mohou j\u00edt i bez rodi\u010d\u016f, bude o n\u011b postar\u00e1no, sta\u010d\u00ed se jen domluvit p\u0159edem.<\/li>\n<li>S\u00a0sebou hotovost na dopravu a spole\u010dn\u00e9 j\u00eddlo.<\/li>\n<\/ul>\n<p><span style=\"color: #00ff00;\"><strong>Kam se tedy vyd\u00e1me?\u00a0\u00a0<\/strong> <\/span><span style=\"color: #0000ff;\"><br \/>\n<\/span><!--more--><\/p>\n<p><span style=\"color: #ff6600;\"><strong>Pond\u011bl\u00ed 6. 7. 2015<\/strong><\/span><\/p>\n<p><strong>kam:<\/strong> <span style=\"color: #00ff00;\"><strong>Svato\u0161sk\u00e9 sk\u00e1ly<\/strong><\/span> (are\u00e1l, kon\u011b)<\/p>\n<p><strong>sraz:<\/strong> sbor v 10:00 hod.<\/p>\n<p>&nbsp;<\/p>\n<p>&nbsp;<\/p>\n<p><span style=\"color: #ff6600;\"><strong>\u00dater\u00fd 7. 7. 2015<\/strong><\/span><\/p>\n<p><span style=\"color: #ff0000;\">m\u00edsto\u00a0 a \u010das srazu bude domluveno na pond\u011bln\u00edm v\u00fdletu!<\/span><\/p>\n<p>&nbsp;<\/p>\n<p>&nbsp;<\/p>\n<p>&nbsp;<\/p>\n<p><span style=\"color: #ff6600;\"><strong>St\u0159eda 8. 7. 2015<\/strong><\/span><\/p>\n<p><strong>kam:<\/strong> <span style=\"color: #00ff00;\"><strong>Lesopark Chomutov <\/strong><\/span><\/p>\n<p><strong>sraz:<\/strong> Horn\u00ed n\u00e1dra\u017e\u00ed, odjezd vlaku 09:05 hod.<\/p>\n<p><strong>ve\u010der:<\/strong> <span style=\"color: #00ff00;\"><strong>t\u00e1bor\u00e1k s vod\u00e1ky z \u010cesk\u00e9 L\u00edpy<\/strong><span style=\"color: #ff0000;\"> od 18:00 hodin<\/span><\/span><\/p>\n<p><strong>\u00a0<\/strong><\/p>\n<p><span style=\"color: #ff6600;\"><strong>\u010ctvrtek 9. 7. 2015<\/strong><\/span><\/p>\n<p><strong>kam:<\/strong>\u00a0<span style=\"color: #00ff00;\"><strong>Velryba Varyba putuje po Karlov\u00fdch Varech<\/strong><\/span><\/p>\n<p><strong>sraz:<\/strong> u trafiky na Tr\u017enici v 10:00 hod.<\/p>\n<p>&nbsp;<\/p>\n<p>&nbsp;<\/p>\n<p><span style=\"color: #ff6600;\"><strong>P\u00e1tek 10. 7. 2015<\/strong><\/span><\/p>\n<p><strong>kam:<\/strong> <span style=\"color: #00ff00;\"><strong>Lanov\u00e9 centrum u sv. Linharta + pleten\u00ed ko\u0161\u00edk\u016f ve sboru<\/strong><\/span><\/p>\n<p><strong>sraz:<\/strong> sbor 10:00 hod.<\/p>\n<p>&nbsp;<\/p>\n<p>Pozn. <strong>N\u00e1vrh je variabiln\u00ed podle po\u010das\u00ed a je mo\u017en\u00e9 n\u011bco vypustit a doplnit podle n\u00e1vrhu ostatn\u00edch.<\/strong><\/p>\n<p><strong>Kontaktn\u00ed osoby: <\/strong><em>Jana Landsfeldov\u00e1<\/em> (mob.: 731\u00a0612\u00a0512), <em>Dagmar Erbenov\u00e1<\/em> (mob.: 732\u00a0201\u00a0794)<\/p>\n<p>&nbsp;<\/p>\n","protected":false},"excerpt":{"rendered":"<p>&nbsp; T\u00fdden sborov\u00fdch v\u00fdlet\u016f\u00a0\u00a0\u00a0\u00a0\u00a0\u00a0 &nbsp; V\u00fdlety jsou pro v\u0161echny, kdo se cht\u011bj\u00ed z\u00fa\u010dastnit. Nen\u00ed pot\u0159eba se p\u0159edem hl\u00e1sit, sta\u010d\u00ed p\u0159ij\u00edt. D\u011bti, ml\u00e1de\u017en\u00edci a v\u0161ichni, komu se bude cht\u00edt. Kamar\u00e1di a [&hellip;]<\/p>\n","protected":false},"author":58,"featured_media":0,"comment_status":"open","ping_status":"open","sticky":false,"template":"","format":"standard","meta":{"_mi_skip_tracking":false,"_monsterinsights_sitenote_active":false,"_monsterinsights_sitenote_note":"","_monsterinsights_sitenote_category":0,"ngg_post_thumbnail":0,"footnotes":""},"categories":[16],"tags":[],"class_list":["post-5958","post","type-post","status-publish","format-standard","hentry","category-pozvanky"],"_links":{"self":[{"href":"https:\/\/karlovyvary.casd.cz\/index.php?rest_route=\/wp\/v2\/posts\/5958","targetHints":{"allow":["GET"]}}],"collection":[{"href":"https:\/\/karlovyvary.casd.cz\/index.php?rest_route=\/wp\/v2\/posts"}],"about":[{"href":"https:\/\/karlovyvary.casd.cz\/index.php?rest_route=\/wp\/v2\/types\/post"}],"author":[{"embeddable":true,"href":"https:\/\/karlovyvary.casd.cz\/index.php?rest_route=\/wp\/v2\/users\/58"}],"replies":[{"embeddable":true,"href":"https:\/\/karlovyvary.casd.cz\/index.php?rest_route=%2Fwp%2Fv2%2Fcomments&post=5958"}],"version-history":[{"count":0,"href":"https:\/\/karlovyvary.casd.cz\/index.php?rest_route=\/wp\/v2\/posts\/5958\/revisions"}],"wp:attachment":[{"href":"https:\/\/karlovyvary.casd.cz\/index.php?rest_route=%2Fwp%2Fv2%2Fmedia&parent=5958"}],"wp:term":[{"taxonomy":"category","embeddable":true,"href":"https:\/\/karlovyvary.casd.cz\/index.php?rest_route=%2Fwp%2Fv2%2Fcategories&post=5958"},{"taxonomy":"post_tag","embeddable":true,"href":"https:\/\/karlovyvary.casd.cz\/index.php?rest_route=%2Fwp%2Fv2%2Ftags&post=5958"}],"curies":[{"name":"wp","href":"https:\/\/api.w.org\/{rel}","templated":true}]}}