{"id":5943,"date":"2015-06-19T13:05:12","date_gmt":"2015-06-19T12:05:12","guid":{"rendered":"http:\/\/karlovyvary.casd.cz\/?p=5943"},"modified":"2015-06-19T13:05:12","modified_gmt":"2015-06-19T12:05:12","slug":"o-vdecnosti-s-jaro-krivohlavym-jak-dekovat","status":"publish","type":"post","link":"https:\/\/karlovyvary.casd.cz\/?p=5943","title":{"rendered":"O vd\u011b\u010dnosti s Jaro K\u0159ivohlav\u00fdm &#8211; Jak d\u011bkovat"},"content":{"rendered":"<p><a href=\"http:\/\/karlovyvary.casd.cz\/?attachment_id=5944\" rel=\"attachment wp-att-5944\"><img loading=\"lazy\" decoding=\"async\" class=\" size-medium wp-image-5944 alignleft\" src=\"http:\/\/karlovyvary.casd.cz\/wp-content\/uploads\/D\u011bkuji-2-300x188.png\" alt=\"D\u011bkuji 2\" width=\"300\" height=\"188\" srcset=\"https:\/\/karlovyvary.casd.cz\/wp-content\/uploads\/D\u011bkuji-2-300x188.png 300w, https:\/\/karlovyvary.casd.cz\/wp-content\/uploads\/D\u011bkuji-2.png 540w\" sizes=\"auto, (max-width: 300px) 100vw, 300px\" \/><\/a><\/p>\n<p style=\"text-align: right;\"><strong>Dar je n\u011b\u010d\u00edm mezi dv\u011bma du\u0161emi.<\/strong><\/p>\n<p style=\"text-align: right;\"><strong>Darovat pak znamen\u00e1<\/strong><\/p>\n<p style=\"text-align: right;\"><strong>d\u00e1t druh\u00e9mu \u010dlov\u011bku<\/strong><\/p>\n<p style=\"text-align: right;\"><strong>kus sebe sama.<\/strong><\/p>\n<p style=\"text-align: right;\">Zvykov\u00e9 pojet\u00ed soci\u00e1ln\u00edho vztahu<\/p>\n<p style=\"text-align: right;\">u domorod\u00e9ho kmene Maor\u016f<\/p>\n<p style=\"text-align: justify;\">Apo\u0161tol Pavel za\u0159adil do odd\u00edlu sv\u00e9ho dopisu, kter\u00fd charakterizuje znaky nov\u00e9ho \u017eivota k\u0159es\u0165ana, v\u00fdzvu: &#8222;D\u011bkujte st\u00e1le Bohu Otci za v\u0161echno ve jm\u00e9nu na\u0161eho P\u00e1na Je\u017e\u00ed\u0161e Krista (Ef 5,20). Vd\u011b\u010dnost je tak jedn\u00edm ze znak\u016f toho, co se &#8211; d\u00edky v\u00ed\u0159e &#8211; objev\u00ed v \u017eivot\u011b k\u0159es\u0165ana jako to, co je &#8222;nov\u00e9&#8220;.<\/p>\n<p style=\"text-align: justify;\"><!--more--><\/p>\n<p style=\"text-align: justify;\">Toto nov\u00e9 by na k\u0159es\u0165anech m\u011blo b\u00fdt vid\u011bt &#8211; stejn\u011b jako to bylo vid\u011bt na Izraelc\u00edch, kte\u0159\u00ed vych\u00e1zeli z Egypta, z otroctv\u00ed. Bylo na nic vid\u011bt, \u017ee se raduj\u00ed. A jak! N\u011bco tomu podobn\u00e9ho jsem za\u017eil, kdy\u017e jsem v ml\u00e1d\u00ed opou\u0161t\u011bl br\u00e1nu koncentra\u010dn\u00edho t\u00e1bora. To byla radost!<\/p>\n<p style=\"text-align: justify;\">Kdy\u017e Izraelc\u016fm m\u011blo b\u00fdt \u0159e\u010deno, jak se maj\u00ed jako svobodn\u00ed otroci chovat, a bylo jim vyd\u00e1no Desatero jako sm\u011brnice nov\u00e9ho \u017eivota, bylo jim p\u0159ipomenuto, za co maj\u00ed b\u00fdt vd\u011b\u010dni. V z\u00e1hlav\u00ed Desatera Bo\u017e\u00edch p\u0159ik\u00e1z\u00e1n\u00ed \u010dteme: J\u00e1 jsem Hospodin, tv\u016fj B\u016fh, j\u00e1 jsem t\u011b vyvedl z egyptsk\u00e9 zem\u011b, z domu otroctv\u00ed.&#8220;<\/p>\n<p style=\"text-align: justify;\">\u017de to zn\u00ed starom\u00f3dn\u011b? Nejde o to, \u017ee je\u0161t\u011b dnes na sv\u011bt\u011b existuj\u00ed otroci, ale o samo j\u00e1dro v\u011bci. Kolik lid\u00ed i dnes slou\u017e\u00ed jako otroci sv\u00fdm r\u016fzn\u00fdm v\u00e1\u0161n\u00edm &#8211; a\u0165 jde o drogy, i o ty, kter\u00fdmi jsou alkohol \u010di cigarety, nebo o hazardn\u00ed hry, by\u0165 jsou to jen ty v hern\u00edch automatech, nebo o zb\u011bsilou j\u00edzdu autem. Kolik lid\u00ed otro\u010d\u00ed sv\u00e9mu sobectv\u00ed &#8211; egoismu, narcismu? Kolik lid\u00ed otro\u010d\u00ed adrenalinov\u00fdm z\u00e1le\u017eitostem &#8211; a\u0165 je to &#8222;z\u00e1bava&#8220; jak\u00e9hokoliv typu. Kolik lid\u00ed doslova slou\u017e\u00ed sv\u00e9 n\u00e1ro\u010dnosti? \u017dij\u00ed v domn\u011bn\u00ed, \u017ee maj\u00ed na v\u0161e n\u00e1rok, \u017ee si v\u0161ecko mohou dovolit, nep\u0159ipou\u0161t\u011bj\u00ed si v\u0161ak \u017e\u00e1dnou odpov\u011bdnost. Kolik lid\u00ed otro\u010d\u00ed sv\u00e9 osobn\u00ed touze po moci, kari\u00e9\u0159e a pen\u011bz\u00edch?<\/p>\n<p style=\"text-align: justify;\">Ti, kte\u0159\u00ed se dali z n\u011bjak\u00e9ho druhu &#8211; i modern\u00edho &#8211; otroctv\u00ed vyv\u00e9st, maj\u00ed za\u010d d\u011bkovat. Ten, kdo se dal vytrhnout z otroctv\u00ed, v\u00ed, jak\u00fd rozd\u00edl ta zm\u011bna p\u0159inesla. Nen\u00ed t\u0159eba mu p\u0159ipom\u00ednat, \u017ee za to m\u00e1 n\u011bkomu d\u011bkovat a b\u00fdt vd\u011b\u010dn\u00fd.<\/p>\n<p style=\"text-align: justify;\">Johannes A. G\u00e4rtner p\u00ed\u0161e: &#8222;Mluvit o vd\u011b\u010dnosti je pot\u011b\u0161iteln\u00e9 a dvorn\u00e9. Jednat vd\u011b\u010dn\u011b je vzne\u0161en\u00e9 a \u00factyhodn\u00e9. Ale \u017e\u00edt vd\u011b\u010dn\u011b sv\u016fj \u017eivot znamen\u00e1 dot\u00fdkati se nebe.&#8220;<\/p>\n<p style=\"text-align: right;\">\n<p style=\"text-align: right;\">\n<p style=\"text-align: right;\">\n<p style=\"text-align: right;\">\n<p>K\u0158IVOHLAV\u00dd, Jaro. <em>O vd\u011b\u010dnosti s Jaro K\u0159ivohlav\u00fdm<\/em>. Karmelit\u00e1nsk\u00e9 nakladatelstv\u00ed v Kosteln\u00edm Vyd\u0159\u00ed, 2007. ISBN 978-80-7195-998-4<\/p>\n","protected":false},"excerpt":{"rendered":"<p>Dar je n\u011b\u010d\u00edm mezi dv\u011bma du\u0161emi. Darovat pak znamen\u00e1 d\u00e1t druh\u00e9mu \u010dlov\u011bku kus sebe sama. Zvykov\u00e9 pojet\u00ed soci\u00e1ln\u00edho vztahu u domorod\u00e9ho kmene Maor\u016f Apo\u0161tol Pavel za\u0159adil do odd\u00edlu sv\u00e9ho dopisu, [&hellip;]<\/p>\n","protected":false},"author":58,"featured_media":0,"comment_status":"open","ping_status":"open","sticky":false,"template":"","format":"standard","meta":{"_mi_skip_tracking":false,"_monsterinsights_sitenote_active":false,"_monsterinsights_sitenote_note":"","_monsterinsights_sitenote_category":0,"ngg_post_thumbnail":0,"footnotes":""},"categories":[21],"tags":[],"class_list":["post-5943","post","type-post","status-publish","format-standard","hentry","category-zamysleni"],"_links":{"self":[{"href":"https:\/\/karlovyvary.casd.cz\/index.php?rest_route=\/wp\/v2\/posts\/5943","targetHints":{"allow":["GET"]}}],"collection":[{"href":"https:\/\/karlovyvary.casd.cz\/index.php?rest_route=\/wp\/v2\/posts"}],"about":[{"href":"https:\/\/karlovyvary.casd.cz\/index.php?rest_route=\/wp\/v2\/types\/post"}],"author":[{"embeddable":true,"href":"https:\/\/karlovyvary.casd.cz\/index.php?rest_route=\/wp\/v2\/users\/58"}],"replies":[{"embeddable":true,"href":"https:\/\/karlovyvary.casd.cz\/index.php?rest_route=%2Fwp%2Fv2%2Fcomments&post=5943"}],"version-history":[{"count":0,"href":"https:\/\/karlovyvary.casd.cz\/index.php?rest_route=\/wp\/v2\/posts\/5943\/revisions"}],"wp:attachment":[{"href":"https:\/\/karlovyvary.casd.cz\/index.php?rest_route=%2Fwp%2Fv2%2Fmedia&parent=5943"}],"wp:term":[{"taxonomy":"category","embeddable":true,"href":"https:\/\/karlovyvary.casd.cz\/index.php?rest_route=%2Fwp%2Fv2%2Fcategories&post=5943"},{"taxonomy":"post_tag","embeddable":true,"href":"https:\/\/karlovyvary.casd.cz\/index.php?rest_route=%2Fwp%2Fv2%2Ftags&post=5943"}],"curies":[{"name":"wp","href":"https:\/\/api.w.org\/{rel}","templated":true}]}}