{"id":5825,"date":"2015-05-13T20:04:35","date_gmt":"2015-05-13T19:04:35","guid":{"rendered":"http:\/\/karlovyvary.casd.cz\/?p=5825"},"modified":"2015-05-13T20:04:35","modified_gmt":"2015-05-13T19:04:35","slug":"osloveni-postmoderniho-cloveka","status":"publish","type":"post","link":"https:\/\/karlovyvary.casd.cz\/?p=5825","title":{"rendered":"Osloven\u00ed postmodern\u00edho \u010dlov\u011bka"},"content":{"rendered":"<p>K\u00e1z\u00e1n\u00ed\u00a0Enocha\u00a0Mart\u00ednka, sobota 2.5.2015<span style=\"text-decoration: underline;\"><a href=\"http:\/\/karlovyvary.casd.cz\/?attachment_id=5826\" rel=\"attachment wp-att-5826\"><img loading=\"lazy\" decoding=\"async\" class=\" size-medium wp-image-5826 alignright\" src=\"http:\/\/karlovyvary.casd.cz\/wp-content\/uploads\/100_3795-225x3001-225x300.jpg\" alt=\"100_3795-225x300[1]\" width=\"112\" height=\"150\" \/><\/a><\/span><\/p>\n<p><span style=\"text-decoration: underline;\">Zdravotn\u011b-misijn\u00ed pr\u00e1ce a osloven\u00ed postmodern\u00edho \u010dlov\u011bka<\/span> \u2013 <strong>Sk 19,11<\/strong><\/p>\n<p><em>\u201eT\u00e9m\u011b\u0159 v\u00a0ka\u017ed\u00e9 spole\u010dnosti je mnoho t\u011bch, kte\u0159\u00ed nenav\u0161t\u011bvuj\u00ed \u017e\u00e1dn\u00e1 bohoslu\u017eebn\u00e1 shrom\u00e1\u017ed\u011bn\u00ed\u2026 Mnoz\u00ed nemaj\u00ed v\u00edru v\u00a0Boha a ztratili i d\u016fv\u011bru k\u00a0\u010dlov\u011bku. V\u00e1\u017e\u00ed si v\u0161ak projev\u016f \u00fa\u010dasti a ochoty pomoci. Vid\u00ed-li n\u011bkoho, kdo bez n\u00e1rok\u016f na sv\u011btsk\u00e9 uzn\u00e1n\u00ed nebo odm\u011bnu p\u0159ich\u00e1z\u00ed do jejich domov\u016f, slou\u017e\u00ed nemocn\u00fdm, syt\u00ed hladov\u00e9, od\u00edv\u00e1 nah\u00e9, ut\u011b\u0161uje zarmoucen\u00e9 a v\u0161em laskav\u011b ukazuje Toho, kter\u00fd je miluje, dotkne se to jejich srdc\u00ed.\u201c (Cesta ke zdrav\u00ed str. 85. 86)<\/em><\/p>\n<p><!--more--><\/p>\n<ol>\n<li><span style=\"text-decoration: underline;\">Pavlovo p\u016fsoben\u00ed v\u00a0Efezu &#8211; <strong>Sk 19,8-12<\/strong><\/span> (p\u0159e\u010d\u00edst)<\/li>\n<li>Apo\u0161tol Pavel nav\u0161t\u00edvil kr\u00e1tce Efezus na sv\u00e9 2. misijn\u00ed cest\u011b (Sk 18,19-21), ale na sv\u00e9 3. misijn\u00ed cest\u011b zde p\u016fsobil okolo t\u0159\u00ed let (Sk 19,2-41). Pak pokra\u010doval do Makedonie v\u00a0Evrop\u011b.<\/li>\n<li>a) Efezus bylo slavn\u00e9 m\u011bsto, hlavn\u00ed s\u00eddlo \u0159eck\u00e9 oblasti Ionie a pozd\u011bji \u0159\u00edmsk\u00e9 provincie v\u00a0Mal\u00e9 Asii. Toto m\u011bsto bylo od po\u010d\u00e1tku s\u00eddlem modloslu\u017eebn\u00e9ho kultu pohansk\u00e9 bohyn\u011b Artemis (obdoba \u0159\u00edmsk\u00e9 bohyn\u011b Diany) \u2013 na\u0161e vyhl\u00eddkov\u00e1 v\u011b\u017e v\u00a0KV nese jej\u00ed jm\u00e9no. Chr\u00e1m pojmenovan\u00fd po n\u00ed nav\u0161t\u011bvovali poutn\u00edci ze v\u0161ech tehdy zn\u00e1m\u00fdch zem\u00ed sv\u011bta. Setk\u00e1valy se zde jak v\u00fdchodn\u00ed tak i z\u00e1padn\u00ed kultury a n\u00e1bo\u017eenstv\u00ed zde z\u00edsk\u00e1valo v\u00edce orient\u00e1ln\u00ed charakter \u2013 zahrnovalo projevy magie, myst\u00e9ri\u00ed a kouzel. V\u00a0Pavlov\u011b dob\u011b bylo m\u011bsto na vrcholu rozkv\u011btu. \u017did\u00e9 m\u011bli zde nejm\u00e9n\u011b jednu synagogu. Pavel zpravidla za\u010dal sv\u00e9 misijn\u00ed p\u016fsoben\u00ed n\u00e1v\u0161t\u011bvou \u017eidovsk\u00e9 \u0161koly, proto\u017ee nemohl jen tak opustit sv\u016fj vlastn\u00ed lid. Zat\u00edmco jinde se k\u00a0n\u011bmu jeho soukmenovci chovali nep\u0159\u00e1telsky, zde v\u00a0Efezu byli shov\u00edvav\u011bj\u0161\u00ed d\u00edky kosmopolitn\u00edmu sm\u00fd\u0161len\u00ed, m\u011bli k\u00a0n\u011bmu jin\u00fd p\u0159\u00edstup a dovolili mu zde del\u0161\u00ed pobyt.<\/li>\n<li>b) Pavel svou n\u00e1v\u0161t\u011bvou splnil slib, \u017ee se zde vr\u00e1t\u00ed. Zdej\u0161\u00ed v\u011b\u0159\u00edc\u00ed zat\u00edm m\u011bli sporadick\u00e9 znalosti o Duchu svat\u00e9m, o k\u0159tu Duchem a duchovn\u00edch darech a o v\u00ed\u0159e v\u00a0Krista. Nyn\u00ed to mohli poznat a za\u017e\u00edt duchovn\u00ed zku\u0161enost pln\u00e9ho obr\u00e1cen\u00ed.<\/li>\n<li>Pavel v\u0161ak cht\u011bl oslovit i dal\u0161\u00ed poslucha\u010de. Pro\u010d v\u00a0sobotu? Proto\u017ee v\u00a0t\u00fddnu byl Pavel v\u00a0zam\u011bstn\u00e1n\u00ed, kdy pracoval sv\u00fdma rukama (byl samofinancuj\u00edc\u00ed se mision\u00e1\u0159). Uspo\u0159\u00e1dal t\u0159\u00edm\u011bs\u00ed\u010dn\u00ed evangeliza\u010dn\u00ed kampa\u0148, kdy n\u00e1v\u0161t\u011bvn\u00edci synagogy m\u011bli mo\u017enost sly\u0161et jeho poselstv\u00ed o Mesi\u00e1\u0161i, \u017ee Je\u017e\u00ed\u0161 je Kristus; vysv\u011btlil jim povahu jeho slu\u017eby a v\u011b\u010dn\u011b platn\u00e9 z\u00e1kony jeho kr\u00e1lovstv\u00ed.<\/li>\n<li>a) V\u00a0reakci na jeho p\u0159edn\u00e1\u0161ky se poslucha\u010di rozd\u011blili na dva t\u00e1bory \u2013 jedni souzn\u011bli s\u00a0jeho k\u00e1z\u00e1n\u00edm, vedli s\u00a0n\u00edm rozmluvy a o\u010dek\u00e1vali dal\u0161\u00ed p\u0159esv\u011bd\u010duj\u00edc\u00ed argumenty o Kristu. Tito lid\u00e9 byli naklon\u011bni k\u0159es\u0165anstv\u00ed.<\/li>\n<li>b) Druhou n\u00e1zorovou skupinu tvo\u0159ili nev\u011b\u0159\u00edc\u00ed \u017did\u00e9, podobn\u011b jako tomu bylo pozd\u011bji v\u00a0Tesalonice. Tito lid\u00e9 z\u0159ejm\u011b vyvolali v\u016f\u010di Pavlovi nen\u00e1vist a roze\u0161tvali proti n\u011bmu pohany. Ni\u017e\u0161\u00ed spole\u010densk\u00e9 t\u0159\u00eddy b\u00fdvaj\u00ed zpravidla v\u00edce naklon\u011bn\u00e9 vyvolat demonstrace a bou\u0159e n\u00e1sil\u00ed. Pavel nakonec musel odd\u011blit od sebe tyto dv\u011b skupiny a vytvo\u0159il zvl\u00e1\u0161tn\u00ed shrom\u00e1\u017ed\u011bn\u00ed jen pro k\u0159es\u0165any. A to trvalo pak po v\u00edce jak dva roky.<\/li>\n<li>Pavlova slu\u017eba uzdravov\u00e1n\u00ed \u2013 <strong>Sk 19,11<\/strong> . Luk\u00e1\u0161 si v\u0161\u00edm\u00e1 takov\u00e9ho detailu, kdy\u017e p\u00ed\u0161e o kapesn\u00edc\u00edch, kter\u00e9 pou\u017e\u00edval Pavel pro sebe \u2013 a kter\u00e9 zprost\u0159edkovaly nadp\u0159irozen\u00e9 uzdravov\u00e1n\u00ed. \u00da\u010dinnost t\u011bchto n\u00e1stroj\u016f je srovnateln\u00e1 s\u00a0rouchem Je\u017e\u00ed\u0161e (Mk 5,27.28) a hl\u00ednou, kterou pou\u017eil k\u00a0uzdraven\u00ed slep\u00e9ho (Jn 9,6).<\/li>\n<\/ol>\n<p>a)Pro tato nadp\u0159irozen\u00e1 uzdraven\u00ed v\u0161ak plat\u00ed dv\u011b univerz\u00e1ln\u00ed podm\u00ednky nebo pravidla: <span style=\"text-decoration: underline;\">Bo\u017e\u00ed moc a v\u00edra<\/span>. Hmotn\u00e1, materi\u00e1ln\u00ed v\u011bc m\u016f\u017ee b\u00fdt mostem mezi dv\u011bma b\u0159ehy \u2013 mezi bo\u017eskou uzdravuj\u00edc\u00ed s\u00edlou a v\u00edrou \u010dlov\u011bka. Kapesn\u00edky a \u0161\u00e1tky byly pouze n\u00e1stroje, kter\u00e9 se staly zkou\u0161kou v\u00edry nemocn\u00fdch lid\u00ed.<\/p>\n<p>b)Podobn\u011b dnes ned\u00edlnou sou\u010d\u00e1sti evangelizace je <span style=\"text-decoration: underline;\">zdravotn\u00ed slu\u017eba<\/span>. Poselstv\u00ed o zdrav\u00ed je pravou rukou evangelia. Proto na\u0161e c\u00edrkev podporuje zdravotn\u00ed misii prost\u0159ednictv\u00edm klub\u016f zdrav\u00ed, v\u00fdstavy zdrav\u00ed a t\u0159eba misijn\u00ed knihy leto\u0161n\u00edho roku \u201ePohoda a zdrav\u00ed \u2013 tajemstv\u00ed \u00fasp\u011bchu\u201c. Ov\u0161em bez v\u00edry by to byl jen form\u00e1ln\u00ed n\u00e1stroj bez zjevn\u00e9ho \u00fa\u010dinku. M\u00e1-li se st\u00e1t sborov\u00e9 odd\u011blen\u00ed zdrav\u00ed (s aktivitami klubu zdrav\u00ed apod.) skute\u010dn\u011b \u00fa\u010dinn\u00fdm, je t\u0159eba k\u00a0tomu dvoj\u00ed \u2013 Bo\u017e\u00ed moc a v\u00edru. Jak je m\u016f\u017eeme z\u00edskat? Modlitbou a pln\u00fdm nasazen\u00edm sv\u00e9 d\u016fv\u011bry v\u00a0nebesk\u00e9ho L\u00e9ka\u0159e.<\/p>\n<ol>\n<li>c) Kdy\u017e jsme za\u010dali p\u0159em\u00fd\u0161let o uspo\u0159\u00e1d\u00e1n\u00ed v\u00fdstavy zdrav\u00ed a o roz\u0161\u00ed\u0159en\u00ed t\u00fdmu spolupracovn\u00edk\u016f b\u011bhem t\u00e9to celodenn\u00ed slu\u017eby (cca 16 ochotn\u00fdch p\u00e1r\u016f rukou), n\u011bkte\u0159\u00ed \u010dlenov\u00e9 navrhovali po\u017e\u00e1dat o spolupr\u00e1ci studenty SZ\u0160. M\u016f\u017eeme od t\u011bchto mlad\u00fdch budouc\u00edch zdravotn\u00edk\u016f o\u010dek\u00e1vat, \u017ee se budou modlit a m\u00edt v\u00edru?<\/li>\n<\/ol>\n<p>Cc\/A to plat\u00ed i o dal\u0161\u00edch akc\u00edch sboru, jako jsou bes\u00eddky, koncerty, noc kostel\u016f, p\u0159edn\u00e1\u0161ky, v\u00fdstava stvo\u0159en\u00ed apod. Pokud je nebude prov\u00e1zet na\u0161e up\u0159\u00edmn\u00e1 opravdov\u00e1 modlitba a pevn\u00e1 v\u00edra, budou to p\u0159inejmen\u0161\u00edm hezk\u00e9 kulturn\u00ed po\u0159ady, mo\u017en\u00e1 se o nich zm\u00edn\u00ed v\u0161\u00edmav\u00fd novin\u00e1\u0159 s\u00a0kr\u00e1tk\u00fdm koment\u00e1\u0159em v\u00a0m\u00edstn\u00edm pl\u00e1tku nebo v\u00a0TV. Ur\u010dit\u011b, i to je pozitivn\u00ed sd\u011blen\u00ed pro ve\u0159ejnost. Ale st\u00e1le tomu bude sch\u00e1zet zku\u0161enost <strong>Sk 19,11<\/strong>. Mimo\u0159\u00e1dn\u00e9 uzdraven\u00ed. <span style=\"text-decoration: underline;\">Evangelium je z\u00e1chrann\u00e9 poselstv\u00ed ke komplexn\u00ed z\u00e1chran\u011b \u010dlov\u011bka. To je c\u00edlem osobn\u00ed slu\u017eby.<\/span><\/p>\n<p>d)V Efezu se n\u011bkte\u0159\u00ed exorcist\u00e9 pokou\u0161eli pou\u017e\u00edt stejn\u00e9 n\u00e1stroje k\u00a0uzdraven\u00ed, ale s\u00a0jak\u00fdm v\u00fdsledkem? Sedm mlad\u00edk\u016f nejen \u017ee nebyli uzdraveni, ale je\u0161t\u011b utrp\u011bli zran\u011bn\u00ed a p\u0159i\u0161li o sv\u00e9 tuniky. Tak dopadl pokus o uzdravov\u00e1n\u00ed bez ryz\u00ed v\u00edry a prav\u00e9 Bo\u017e\u00ed moci.<\/p>\n<ol>\n<li>e) V\u00a0na\u0161i zemi p\u016fsob\u00ed cel\u00e1 \u0159ada spolk\u016f a organizac\u00ed s\u00a0\u00famyslem pom\u00e1hat lidem se zdrav\u00edm. \u0158ada z\u00a0nich je velmi renomovan\u00fdch a nab\u00edz\u00ed r\u016fzn\u00e9 osv\u011bd\u010den\u00e9 potravinov\u00e9 dopl\u0148ky, metody a l\u00e9\u010debn\u00e9 prost\u0159edky. Co se t\u00fd\u010de jejich vybaven\u00ed, sortimentu v\u00fdrobk\u016f a marketingu nem\u00e1me v\u016fbec \u0161anci jim konkurovat. A to v\u00a0n\u00e1s vyvol\u00e1v\u00e1 pocit, \u017ee zdravotn\u00ed poselstv\u00ed mus\u00ed sd\u011blovat jen vzd\u011blan\u00ed odborn\u00edci na nejvy\u0161\u0161\u00ed profesion\u00e1ln\u00ed \u00farovni. A n\u00e1sledn\u011b, kdy\u017e si n\u011bkte\u0159\u00ed z\u00a0n\u00e1s uv\u011bdomuj\u00ed, \u017ee t\u00edmto lidsk\u00fdm i materi\u00e1ln\u00edm potencion\u00e1lem nedisponujeme, ztr\u00e1c\u00ed odvahu a n\u00e1sledn\u011b i z\u00e1jem o tuto \u010dinnost.<\/li>\n<li>Byl ap. Pavel vy\u0161kolen\u00fd l\u00e9ka\u0159? Byl to znalec P\u00edsma a obr\u00e1cen\u00fd k\u0159es\u0165an, pln\u00fd v\u00edry a odhodl\u00e1n\u00ed. C\u00edtil se dlu\u017en\u00edkem neobr\u00e1cen\u00fdch. A m\u011bl d\u016fv\u011bru, \u017ee B\u016fh pou\u017eije jeho prost\u0159edky k\u00a0z\u00e1chran\u011b lid\u00ed. V\u00a0jeho t\u00fdmu byl l\u00e9ka\u0159 Luk\u00e1\u0161, ale ne\u010dteme, \u017ee by on p\u0159eb\u00edral zodpov\u011bdnost za tuto zdravotn\u00ed misii. Jist\u011b podporoval tuto spole\u010dnou \u010dinnost, modlil se a v\u011b\u0159il. Byl to z\u00e1rove\u0148 inspirovan\u00fd kronik\u00e1\u0159, kter\u00fd popsal d\u011bjiny NZ c\u00edrkve v\u00a0knize Skutky.<\/li>\n<\/ol>\n<p>a)<span style=\"text-decoration: underline;\">Co pot\u0159ebujeme k\u00a0na\u0161\u00ed misijn\u00ed pr\u00e1ci? <\/span>Up\u0159\u00edmnou <strong>modlitbu<\/strong> o projev Bo\u017e\u00ed moci v\u00a0na\u0161ich \u017eivotech i v\u00a0\u017eivotech lid\u00ed, s\u00a0kter\u00fdmi se setk\u00e1me p\u0159i v\u00fdstav\u011b zdrav\u00ed. A za druh\u00e9 odv\u00e1\u017enou <strong>v\u00edru<\/strong>, \u017ee B\u016fh je s\u00a0n\u00e1mi, \u017ee po\u017eehn\u00e1 na\u0161e skromn\u00e9 prost\u0159edky a pou\u017eije i jin\u00e9 lidi, aby se stali spolupracovn\u00edky.<\/p>\n<p>b)To u\u017e jsme za\u017eili v\u00a0ned\u00e1vn\u00e9 minulosti \u2013 kdy \u0159editel DM velkoryse n\u00e1m vy\u0161el vst\u0159\u00edc a otev\u0159el prostory DM k\u00a0uspo\u0159\u00e1d\u00e1n\u00ed v\u00fdstavy bibl\u00ed. A t\u00e9\u017e kdy\u017e pan prim\u00e1tor za\u0161t\u00edtil tuto v\u00fdstavu. Nebo n\u00e1sledn\u011b \u0159editelka pobo\u010dky krajsk\u00e9 knihovny ochotn\u011b p\u0159ijala n\u00e1vrh uspo\u0159\u00e1dat zdravotn\u011b-biblick\u00e9 semin\u00e1\u0159e po \u010dty\u0159i pond\u011bln\u00ed ve\u010dery v\u00a0nov\u00e9m p\u0159edn\u00e1\u0161kov\u00e9m s\u00e1le. A v\u00a0sou\u010dasnosti pro v\u00fdstavu zdrav\u00ed \u0159editel supermarketu Globus je ochoten zdarma prop\u016fj\u010dit prostory u hlavn\u00edho vstupu a s\u00e1m se nab\u00edz\u00ed uve\u0159ejnit pozv\u00e1n\u00ed pro z\u00e1kazn\u00edky na tento den zdrav\u00ed p\u0159es sv\u00e9 propaga\u010dn\u00ed noviny. To nen\u00ed jist\u011b n\u00e1hoda. To je jen potvrzen\u00ed, \u017ee va\u0161e up\u0159\u00edmn\u00e9 modlitby a odhodlan\u00e1 v\u00edra nach\u00e1z\u00ed odezvu v\u00a0nebi.<\/p>\n<p>c)A je zde je\u0161t\u011b dal\u0161\u00ed d\u016fvod, pro\u010d mus\u00edme n\u00e9st poselstv\u00ed o pln\u00e9m uzdraven\u00ed v\u00a0Kristu. Podobn\u011b jako kdysi v\u00a0Efezu i dnes \u017eijeme ve sv\u011bt\u011b pln\u00e9m pov\u011br. Tam kde ustoupila v\u00edra do pozad\u00ed, tam se vedraly r\u016fzn\u00e9 \u0161arlat\u00e1nsk\u00e9 organizace a jejich esoterick\u00e1 literatura. Knihkupectv\u00ed i knihovny jsou dnes p\u0159epln\u011bny n\u00e1vody na zaru\u010den\u00e9 zdrav\u00ed. Ale jen m\u00e1lokdy tam naraz\u00edme na celistv\u00e9 pojet\u00ed uzdraven\u00ed \u2013 podle <strong>1 Tes 5,23<\/strong> \u2013 uzdraven\u00ed t\u011bla, du\u0161e i ducha. Nosn\u00fdm prost\u0159edkem tohoto poselstv\u00ed je program New start-nov\u00fd za\u010d\u00e1tek. U\u017e v roce 1863 B\u016fh sv\u011b\u0159il adventn\u00ed c\u00edrkvi toto poselstv\u00ed o zdravotn\u00ed reform\u011b prost\u0159ednictv\u00ed Ellen Whiteov\u00e9. To je dlouh\u00e1 cesta, po n\u00ed\u017e jsme a\u017e dosud do\u0161li. Zn\u00e1te tento jej\u00ed cit\u00e1t?<\/p>\n<ul>\n<li><em>\u201eDo budoucna se nem\u00e1me \u010deho ob\u00e1vat, leda\u017ee bychom zapomn\u011bli na cestu, po n\u00ed\u017e n\u00e1s a\u017e dosud vedl P\u00e1n.\u201c <\/em><\/li>\n<\/ul>\n<ol>\n<li><strong>Jak m\u00e1me evangelizovat v\u00a0sekul\u00e1rn\u00ed spole\u010dnosti?<\/strong><\/li>\n<li>Zku\u0161enost br. Jana Paulsena (b\u00fdval\u00fd p\u0159edseda GK) \u017eij\u00edc\u00ed jako d\u016fchodce v\u00a0Norsku:<\/li>\n<\/ol>\n<p>\u201eMoje man\u017eelka Kari m\u00e1 str\u00fdce, kter\u00fd \u017eije na v\u00fdchod\u011b Norska. Ob\u010das jej nav\u0161t\u00edv\u00edme a on r\u00e1d se mnou hovo\u0159\u00ed o v\u00ed\u0159e. Na\u0161e rozmluva se vyv\u00edj\u00ed p\u0159\u00e1telsky a dot\u00fdk\u00e1 se mnoha t\u00e9mat. Str\u00fdc nen\u00ed n\u011bjak\u00fd obh\u00e1jce ateismu ani se nestav\u00ed n\u011bjak vyhran\u011bn\u011b k\u00a0m\u00fdm k\u0159es\u0165ansk\u00fdm n\u00e1zor\u016fm. Sp\u00ed\u0161e se d\u00e1 \u0159\u00edct, \u017ee jeho postoj je pobaven\u011b shov\u00edvav\u00fd. A mo\u017en\u00e1 projevuje ur\u010ditou l\u00edtost, \u017ee j\u00e1 jsem zav\u00e1z\u00e1n k\u00a0n\u011bjak\u00e9mu v\u011brou\u010dn\u00e9mu syst\u00e9mu, kter\u00fd v\u00a0jeho p\u0159edstav\u011b se d\u00e1 za\u0159adit tak trochu mezi poh\u00e1dky.<\/p>\n<ol>\n<li>a) S\u00a0t\u00edmto typem reakc\u00ed lid\u00ed v\u00a0postmodern\u00ed a sekul\u00e1rn\u00ed spole\u010dnosti se dnes kazatel\u00e9 a evangelist\u00e9 \u010dasto setk\u00e1vaj\u00ed. Nen\u00ed to zpravidla vylo\u017een\u011b nep\u0159\u00e1telsk\u00fd postoj, kter\u00fd by stav\u011bl p\u0159ek\u00e1\u017eky pro na\u0161e sv\u011bdectv\u00ed, ani takov\u00e1 reakce, kter\u00e1 by naprosto uhasila i posledn\u00ed jisk\u0159i\u010dku z\u00e1jmu o k\u0159es\u0165anstv\u00ed.<\/li>\n<li>b) Je to jednodu\u0161e p\u0159edstava, \u017ee v\u00edra, kter\u00e1 aktivn\u011b utv\u00e1\u0159\u00ed \u017eivotn\u00ed styl, se jev\u00ed jako cizorod\u00fd prvek pro my\u0161len\u00ed postmodern\u00edho \u010dlov\u011bka. Pomy\u0161len\u00ed, \u017ee existuje n\u011bjak\u00e1 nejvy\u0161\u0161\u00ed z\u00e1kladn\u00ed pravda \u2013 pravda, kter\u00e1 si \u010din\u00ed n\u00e1rok na na\u0161i mysl a na na\u0161e chov\u00e1n\u00ed \u2013 se jev\u00ed jako absurdn\u00ed pro toho, kdo je nas\u00e1kl\u00fd kulturou relativismu. A ta nahl\u00ed\u017e\u00ed na bezpodm\u00edne\u010dnou mor\u00e1lku s\u00a0hlubok\u00fdm podez\u0159en\u00edm.<\/li>\n<li>Jak lze oslovit takov\u00e9 lidi evangeliza\u010dn\u00edmi prost\u0159edky, kter\u00e9 se zam\u011b\u0159uj\u00ed a specializuj\u00ed na p\u0159esv\u011bd\u010div\u00e9 a \u00fa\u010dinn\u00e9 p\u0159edstavov\u00e1n\u00ed pravdy p\u0159im\u011b\u0159en\u011b zalo\u017een\u00e9 na Bibli? Co tedy m\u00e1me d\u011blat, kdy\u017e lid\u00e9, kter\u00e9 chceme oslovit, maj\u00ed dvojzna\u010dn\u00fd (ambivalentn\u00ed) postoj ke koncepci absolutn\u00ed pravdy? A kdy\u017e tito lid\u00e9 nep\u0159ij\u00edmaj\u00ed Bibli v\u00a0jak\u00e9mkoli smyslu jako autoritu? Jak by m\u011bl vypadat n\u00e1\u0161 misijn\u00ed p\u0159\u00edstup? Jak m\u016f\u017eeme v\u011brohodn\u011b p\u0159edstavovat spasen\u00ed v\u00a0Kristu lidem, kte\u0159\u00ed maj\u00ed hluboce skeptick\u00e9 a humanistick\u00e9 my\u0161len\u00ed?\u201c<\/li>\n<\/ol>\n<p>a)P\u0159ed n\u011bkolika m\u011bs\u00edci Kari (man\u017eelka br. J.Paulsena) nav\u0161t\u00edvila speci\u00e1ln\u00ed v\u00fdstavu zdrav\u00ed (Health Expo) ve m\u011bst\u011b Mjondalen nach\u00e1zej\u00edc\u00ed se 50 km od Oslo. V\u00fdstavu po\u0159\u00e1dala na\u0161e c\u00edrkev v\u00a0prostor\u00e1ch sv\u00e9 modlitebny. Tuto ud\u00e1lost nav\u0161t\u00edvilo okolo 250 lid\u00ed, kter\u00e9 p\u0159il\u00e1kala ochutn\u00e1vka vegetari\u00e1nsk\u00fdch j\u00eddel a s\u00e9rie semin\u00e1\u0159\u016f o kontrole t\u011blesn\u00e9 v\u00e1hy a o v\u00fd\u017eiv\u011b.<\/p>\n<p>b)Bylo to p\u0159ekvapiv\u00e9 zji\u0161t\u011bn\u00ed, pon\u011bvad\u017e v\u00a0Norsku c\u00edrkevn\u00ed budovy a kostely p\u0159edev\u0161\u00edm Luter\u00e1nsk\u00e9 c\u00edrkve (ta je financovan\u00e1 st\u00e1tem) jsou lidmi vn\u00edm\u00e1ny jako historick\u00e9 relikty a p\u0159e\u017eitky minulosti, tedy m\u00edsta, kter\u00e1 slou\u017e\u00ed vylo\u017een\u011b pro k\u0159es\u0165ansk\u00e9 bohoslu\u017eby, pro k\u0159ty, svatby, pro poh\u0159ebn\u00ed ceremonie a n\u011bco podobn\u00e9ho. A jin\u00e9 c\u00edrkve, jako jsou adventist\u00e9, maj\u00ed n\u00e1dech n\u011b\u010deho cizorod\u00e9ho a \u010dasto je na n\u011b nahl\u00ed\u017eeno jako na hrozbu, kde spo\u010d\u00edv\u00e1 n\u011bjak\u00e9 nebezpe\u010d\u00ed.<\/p>\n<p>c)Na\u0161e modlitebna v Mjondalen (byla postavena v\u00a0r.2012) stoj\u00ed jako nep\u0159ehl\u00e9dnuteln\u00e1 budova v\u00a0centru m\u011bsta a \u010dlenov\u00e9 sboru si tam vybudovali ur\u010ditou pozici komunitn\u00edho st\u0159ediska. Na objekt navazuje na\u0161e c\u00edrkevn\u00ed \u0161kola, jej\u00ed\u017e studenti rovn\u011b\u017e p\u0159itahuj\u00ed pozornost ve\u0159ejnosti. Sbor po\u0159\u00e1d\u00e1 dvakr\u00e1t za m\u011bs\u00edc p\u00e1te\u010dn\u00ed tzv. kav\u00e1rnu, kde se pod\u00e1v\u00e1 za 75 norsk\u00fdch korun (12,50 dolar\u016f = cca 250 K\u010d) vegetari\u00e1nsk\u00e9 j\u00eddlo. Rovn\u011b\u017e ve st\u0159edu se tam konaj\u00ed r\u016fzn\u00e9 semin\u00e1\u0159e, kter\u00e9 vych\u00e1zej\u00ed vst\u0159\u00edc pot\u0159eb\u00e1m lid\u00ed \u017eij\u00edc\u00edch v\u00a0tomto m\u00edst\u011b. Semin\u00e1\u0159e o finan\u010dn\u00edm poradenstv\u00ed, ment\u00e1ln\u00edm zdrav\u00ed, n\u00e1bo\u017eensk\u00e9 svobod\u011b, hled\u00e1n\u00ed rodinn\u00fdch p\u0159edk\u016f, fotografov\u00e1n\u00ed, stejn\u011b jako biblick\u00e9 studium.<\/p>\n<p>3.Polo\u017eme si ot\u00e1zku: jak\u00e9ho jsme ra\u017een\u00ed, jakou m\u00e1me mentalitu jako sbor &#8211; jsme extroverti nebo introverti? Jsme pro komunikaci otev\u0159enou navenek nebo uzav\u0159enou do sebe v\u016f\u010di sv\u00e9mu okol\u00ed?<\/p>\n<p>a)Je\u017e\u00ed\u0161 \u2013 Mistr v\u0161ech mision\u00e1\u0159\u016f \u2013 se modlil v\u00a0Getsemansk\u00e9 zahrad\u011b za sv\u00e9 n\u00e1sledovn\u00edky: <strong>Jn 17,15-18<\/strong>; SNC. Byla to modlitba za zapojen\u00ed se a anga\u017eov\u00e1n\u00ed se, ne za \u00fastup dozadu a za izolovanost. Je\u017e\u00ed\u0161 vyz\u00fdv\u00e1 sv\u00e9 n\u00e1sledovn\u00edky, aby zam\u00edtli v\u00a0ka\u017ed\u00e9 dob\u011b postoj separov\u00e1n\u00ed se a aby vyvinuli \u00fasil\u00ed zapojit se do osloven\u00ed sv\u011bta. M\u00e1me co nab\u00eddnout? ANO, JIST\u011a M\u00c1ME. P\u00edsmo je nevy\u010d\u00edsliteln\u00e1 hodnota. Jen pot\u0159ebujeme se l\u00e9pe sezn\u00e1mit se sv\u00fdm okol\u00edm. A pak je pozvat na p\u0159ipravovan\u00e9 programy.<\/p>\n<p>b)Sekularismus, prosperita a blahobyt vytvo\u0159ily vskutku nesm\u00edrnou bari\u00e9ru, o n\u00ed\u017e se rozb\u00edj\u00ed na\u0161e kdysi osv\u011bd\u010den\u00e9 metody hl\u00e1s\u00e1n\u00ed evangelia. Nen\u00ed pro n\u00e1s snadn\u00e9, jak pro c\u00edrkev, sbor, tak i pro jednotlivce, zm\u011bnit sv\u016fj p\u0159\u00edstup k\u00a0lidem, p\u0159eorientovat sv\u00e9 my\u0161len\u00ed a pou\u017e\u00edvat takov\u00e9 zdroje, kter\u00e9 najdou skute\u010dnou odezvu u dne\u0161n\u00ed spole\u010dnosti.<\/p>\n<p>c)Je to v\u00fdzva k\u00a0tomu, abychom zaslechli jako spole\u010denstv\u00ed pulz doby a opravdu porozum\u011bli zvl\u00e1\u0161tn\u00edm obav\u00e1m, nad\u011bj\u00edm a pot\u0159eb\u00e1m, kter\u00fdm se zab\u00fdvaj\u00ed mu\u017ei a \u017eeny okolo n\u00e1s. Tak jako to d\u011blal ap. Pavel p\u0159i evangelizaci v\u00a0Efezu.<\/p>\n<p>Modleme se: D\u011bkujeme, n\u00e1\u0161 nebesk\u00fd Ot\u010de, za dar spasen\u00ed skrze v\u00edru v\u00a0milost Kristovu. Pros\u00edme o dar v\u00edry a dar tv\u00e9 uzdravuj\u00edc\u00ed moci jak pro n\u00e1s jednotliv\u011b zde ve sboru a na\u0161em spole\u010denstv\u00ed, ale t\u00e9\u017e o dar v\u00edry pro na\u0161e bli\u017en\u00ed, s\u00a0nimi\u017e se chceme setkat p\u0159i v\u00fdstav\u011b zdrav\u00ed i v\u00fdstav\u011b stvo\u0159en\u00ed. Projev svou z\u00e1zra\u010dnou uzdravuj\u00edc\u00ed s\u00edlu v\u00a0na\u0161ich i jejich \u017eivotech. Dej n\u00e1m v\u0161em i t\u011bm, s\u00a0nimi\u017e budeme v\u00a0kontaktu v\u00a0na\u0161em okol\u00ed, pro\u017e\u00edt zku\u0161enost podobnou jako Pavel v\u00a0Efezu. Obra\u0165 k\u00a0sob\u011b hledaj\u00edc\u00ed lidi v\u00a0tomto na\u0161em m\u011bst\u011b. Dovol, abychom i my byli toho sv\u011bdky. Modl\u00edme se o \u0161\u00ed\u0159\u00edc\u00ed se vliv a rostouc\u00ed moc Kristovu. Amen.<\/p>\n<p>Nev\u00e1hejte a napi\u0161te\u00a0sv\u00e9 reakce a n\u00e1zory na tuto t\u00e9matiku!<\/p>\n","protected":false},"excerpt":{"rendered":"<p>K\u00e1z\u00e1n\u00ed\u00a0Enocha\u00a0Mart\u00ednka, sobota 2.5.2015 Zdravotn\u011b-misijn\u00ed pr\u00e1ce a osloven\u00ed postmodern\u00edho \u010dlov\u011bka \u2013 Sk 19,11 \u201eT\u00e9m\u011b\u0159 v\u00a0ka\u017ed\u00e9 spole\u010dnosti je mnoho t\u011bch, kte\u0159\u00ed nenav\u0161t\u011bvuj\u00ed \u017e\u00e1dn\u00e1 bohoslu\u017eebn\u00e1 shrom\u00e1\u017ed\u011bn\u00ed\u2026 Mnoz\u00ed nemaj\u00ed v\u00edru v\u00a0Boha a ztratili i [&hellip;]<\/p>\n","protected":false},"author":58,"featured_media":0,"comment_status":"open","ping_status":"open","sticky":false,"template":"","format":"standard","meta":{"_mi_skip_tracking":false,"_monsterinsights_sitenote_active":false,"_monsterinsights_sitenote_note":"","_monsterinsights_sitenote_category":0,"ngg_post_thumbnail":0,"footnotes":""},"categories":[1],"tags":[],"class_list":["post-5825","post","type-post","status-publish","format-standard","hentry","category-kazani-2"],"_links":{"self":[{"href":"https:\/\/karlovyvary.casd.cz\/index.php?rest_route=\/wp\/v2\/posts\/5825","targetHints":{"allow":["GET"]}}],"collection":[{"href":"https:\/\/karlovyvary.casd.cz\/index.php?rest_route=\/wp\/v2\/posts"}],"about":[{"href":"https:\/\/karlovyvary.casd.cz\/index.php?rest_route=\/wp\/v2\/types\/post"}],"author":[{"embeddable":true,"href":"https:\/\/karlovyvary.casd.cz\/index.php?rest_route=\/wp\/v2\/users\/58"}],"replies":[{"embeddable":true,"href":"https:\/\/karlovyvary.casd.cz\/index.php?rest_route=%2Fwp%2Fv2%2Fcomments&post=5825"}],"version-history":[{"count":0,"href":"https:\/\/karlovyvary.casd.cz\/index.php?rest_route=\/wp\/v2\/posts\/5825\/revisions"}],"wp:attachment":[{"href":"https:\/\/karlovyvary.casd.cz\/index.php?rest_route=%2Fwp%2Fv2%2Fmedia&parent=5825"}],"wp:term":[{"taxonomy":"category","embeddable":true,"href":"https:\/\/karlovyvary.casd.cz\/index.php?rest_route=%2Fwp%2Fv2%2Fcategories&post=5825"},{"taxonomy":"post_tag","embeddable":true,"href":"https:\/\/karlovyvary.casd.cz\/index.php?rest_route=%2Fwp%2Fv2%2Ftags&post=5825"}],"curies":[{"name":"wp","href":"https:\/\/api.w.org\/{rel}","templated":true}]}}