{"id":5570,"date":"2015-02-21T00:11:40","date_gmt":"2015-02-20T23:11:40","guid":{"rendered":"http:\/\/karlovyvary.casd.cz\/?p=5570"},"modified":"2015-02-21T00:16:22","modified_gmt":"2015-02-20T23:16:22","slug":"rozlouceni-s-leopoldem-kvintusem","status":"publish","type":"post","link":"https:\/\/karlovyvary.casd.cz\/?p=5570","title":{"rendered":"Rozlou\u010den\u00ed s Leopoldem Kvintusem"},"content":{"rendered":"<p style=\"text-align: center;\"><strong>Dne 18. \u00fanora 2015 ve v\u011bku\u00a089 let zem\u0159el kazatel<\/strong><a href=\"http:\/\/karlovyvary.casd.cz\/wp-content\/uploads\/imagesX73E9DJQ.jpg\"><img loading=\"lazy\" decoding=\"async\" class=\" size-full wp-image-5573 alignright\" src=\"http:\/\/karlovyvary.casd.cz\/wp-content\/uploads\/imagesX73E9DJQ.jpg\" alt=\"imagesX73E9DJQ\" width=\"283\" height=\"178\" \/><\/a><br \/>\n<strong>Leopold Kvintus<\/strong><\/p>\n<p>Posledn\u00ed rozlou\u010den\u00ed se bude konat dne 24. \u00fanora 2015 v 15 hodin v kostele \u010ceskobratrsk\u00e9 c\u00edrkve evangelick\u00e9 v Pod\u011bbradech, Husova 16.<\/p>\n<p><a href=\"http:\/\/karlovyvary.casd.cz\/wp-content\/uploads\/Smute\u010dn\u00ed-ozn\u00e1men\u00ed.pdf\">Smute\u010dn\u00ed ozn\u00e1men\u00ed<\/a><\/p>\n<p><!--more--><\/p>\n<p>Kazatel <b>Leopold Kvintus <\/b>p\u0159ich\u00e1z\u00ed do Karlov\u00fdch Var\u016f v roce 1968.<\/p>\n<p>N\u011bco m\u00e1lo k ud\u00e1lostem zaznamenan\u00fdm bratrem Mik\u0161em ve sborov\u00e9 kronice:<\/p>\n<ul>\n<li>Sbor Karlovy Vary je rozd\u011blen na sbory Karlovy Vary a Ostrov, Sokolov, Cheb.<\/li>\n<li>Mat\u011bj Faraga pod hlavi\u010dkou Socialistick\u00e9ho svazu ml\u00e1de\u017ee zakl\u00e1d\u00e1 skupinu vod\u00e1k\u016f, \u010dasto pob\u00fdvaj\u00edc\u00ed u Orlick\u00e9 p\u0159ehrady<\/li>\n<li>D\u00edky politick\u00e9 situaci\u00a0opou\u0161t\u00ed n\u00e1\u0161 sbor a emigruj\u00ed\u00a0rodina Faragov\u00fdch, Dur\u00e1kov\u00fdch, \u017durkov\u00fdch, Schodelbauerov\u00fdch a rodina Goldsteinov\u00fdch.<\/li>\n<li>Bratr Kvintus se st\u011bhuje Na Vyhl\u00eddku 34, na m\u00edsto, kter\u00e1 se zapsalo do historie na\u0161eho sboru.\u00a0Zde, v dob\u011b totalitn\u00edho re\u017eimu, se odehr\u00e1vaj\u00ed chv\u00edle\u00a0nad Bo\u017e\u00edm Slovem, k\u0159ty, nezapomenuteln\u00e1 novoro\u010dn\u00ed setk\u00e1n\u00ed. \u00a0Setk\u00e1vaj\u00ed se zde, na jedin\u00e9m mo\u017en\u00e9m m\u00edst\u011b, rodiny v\u00fdchodn\u00edho a z\u00e1padn\u00edho N\u011bmecka.<\/li>\n<\/ul>\n<p>V \u0159\u00edjnu roku 1977 bratr Kvintus\u00a0ode\u0161el slou\u017eit\u00a0do Pod\u011bbrad.<\/p>\n","protected":false},"excerpt":{"rendered":"<p>Dne 18. \u00fanora 2015 ve v\u011bku\u00a089 let zem\u0159el kazatel Leopold Kvintus Posledn\u00ed rozlou\u010den\u00ed se bude konat dne 24. \u00fanora 2015 v 15 hodin v kostele \u010ceskobratrsk\u00e9 c\u00edrkve evangelick\u00e9 v Pod\u011bbradech, [&hellip;]<\/p>\n","protected":false},"author":58,"featured_media":0,"comment_status":"open","ping_status":"open","sticky":false,"template":"","format":"standard","meta":{"_mi_skip_tracking":false,"_monsterinsights_sitenote_active":false,"_monsterinsights_sitenote_note":"","_monsterinsights_sitenote_category":0,"ngg_post_thumbnail":0,"footnotes":""},"categories":[18],"tags":[],"class_list":["post-5570","post","type-post","status-publish","format-standard","hentry","category-aktuality"],"_links":{"self":[{"href":"https:\/\/karlovyvary.casd.cz\/index.php?rest_route=\/wp\/v2\/posts\/5570","targetHints":{"allow":["GET"]}}],"collection":[{"href":"https:\/\/karlovyvary.casd.cz\/index.php?rest_route=\/wp\/v2\/posts"}],"about":[{"href":"https:\/\/karlovyvary.casd.cz\/index.php?rest_route=\/wp\/v2\/types\/post"}],"author":[{"embeddable":true,"href":"https:\/\/karlovyvary.casd.cz\/index.php?rest_route=\/wp\/v2\/users\/58"}],"replies":[{"embeddable":true,"href":"https:\/\/karlovyvary.casd.cz\/index.php?rest_route=%2Fwp%2Fv2%2Fcomments&post=5570"}],"version-history":[{"count":0,"href":"https:\/\/karlovyvary.casd.cz\/index.php?rest_route=\/wp\/v2\/posts\/5570\/revisions"}],"wp:attachment":[{"href":"https:\/\/karlovyvary.casd.cz\/index.php?rest_route=%2Fwp%2Fv2%2Fmedia&parent=5570"}],"wp:term":[{"taxonomy":"category","embeddable":true,"href":"https:\/\/karlovyvary.casd.cz\/index.php?rest_route=%2Fwp%2Fv2%2Fcategories&post=5570"},{"taxonomy":"post_tag","embeddable":true,"href":"https:\/\/karlovyvary.casd.cz\/index.php?rest_route=%2Fwp%2Fv2%2Ftags&post=5570"}],"curies":[{"name":"wp","href":"https:\/\/api.w.org\/{rel}","templated":true}]}}