{"id":5488,"date":"2015-02-01T23:17:29","date_gmt":"2015-02-01T22:17:29","guid":{"rendered":"http:\/\/karlovyvary.casd.cz\/?p=5488"},"modified":"2015-02-01T23:20:15","modified_gmt":"2015-02-01T22:20:15","slug":"o-vdecnosti-s-jaro-krivohlavym-za-co-jsem-vdecna","status":"publish","type":"post","link":"https:\/\/karlovyvary.casd.cz\/?p=5488","title":{"rendered":"O vd\u011b\u010dnosti s Jaro K\u0159ivohlav\u00fdm \u2013 Za co jsem vd\u011b\u010dn\u00e1?"},"content":{"rendered":"<p style=\"text-align: right; padding-left: 120px;\"><strong>Vd\u011b\u010dnost hraje podstatn\u011b d\u016fle\u017eitou roli v tom, <\/strong><\/p>\n<p style=\"text-align: right; padding-left: 120px;\"><strong>jak u\u010dinit z tohoto sv\u011bta lep\u0161\u00ed m\u00edsto pro \u017eivot.<\/strong><\/p>\n<p style=\"text-align: right; padding-left: 120px;\"><em>Edward J. Harpman<\/em><\/p>\n<p><a href=\"http:\/\/karlovyvary.casd.cz\/wp-content\/uploads\/pp.jpg\"><img loading=\"lazy\" decoding=\"async\" class=\"alignright wp-image-5489 size-medium\" src=\"http:\/\/karlovyvary.casd.cz\/wp-content\/uploads\/pp-300x108.jpg\" alt=\"pp\" width=\"300\" height=\"108\" srcset=\"https:\/\/karlovyvary.casd.cz\/wp-content\/uploads\/pp-300x108.jpg 300w, https:\/\/karlovyvary.casd.cz\/wp-content\/uploads\/pp.jpg 374w\" sizes=\"auto, (max-width: 300px) 100vw, 300px\" \/><\/a>M\u011bl jsem mo\u017enost setkat se s v\u011bt\u0161\u00edm mno\u017estv\u00edm star\u0161\u00edch lid\u00ed ve v\u011bku asi tak 60 a 70 let. Zeptal jsem se jich na dv\u011b v\u011bci: Komu jste vd\u011b\u010dni? A za co? Ka\u017ed\u00fd \u00fa\u010dastn\u00edk toho sezen\u00ed \u2013 a byly to p\u0159edev\u0161\u00edm \u017eeny \u2013 to m\u011bl napsat. Co jsem se dozv\u011bd\u011bl?<\/p>\n<p>\u201eD\u011bkuji P\u00e1nu Bohu, \u017ee mi dovolil narodit se a pro\u017e\u00edt tolik kr\u00e1sn\u00e9ho. A bylo toho hodn\u011b. Jsem za to velice vd\u011b\u010dn\u00e1.\u201c<\/p>\n<p><!--more--><\/p>\n<p>\u201eJsem vd\u011b\u010dn\u00e1 man\u017eelovi, \u017ee jsem s\u00a0n\u00edm mohla pro\u017e\u00edt kr\u00e1sn\u00fdch 55 let man\u017eelstv\u00ed. Dnes jsem ji\u017e sama, vdova, a neust\u00e1le mysl\u00edm na to, jak\u00fd to byl dar \u017e\u00edt po boku takov\u00e9ho mu\u017ee. Do smrti mu za to budu vd\u011b\u010dn\u00e1.\u201c<\/p>\n<p>\u201eJsem vd\u011b\u010dn\u00e1 za kamar\u00e1dky z\u00a0pr\u00e1ce. U\u017e jsme v\u00a0d\u016fchodu, ale st\u00e1le se sch\u00e1z\u00edme. M\u00e1me na co vzpom\u00ednat, v\u017edy\u0165 jsme spolu d\u011blaly p\u0159es t\u0159icet let. Za tu dobu se toho pro\u017eije! A jsme za to vd\u011b\u010dn\u00e9. Byly jsme dobr\u00fd kolektiv a st\u00e1le si m\u00e1me co \u0159\u00edct.\u201c<\/p>\n<p>\u201eKomu jsem vd\u011b\u010dn\u00e1? Panu doktorovi. Byla jsem mu vd\u011b\u010dn\u00e1 za to, co ud\u011blal, kdy\u017e se m\u011bla narodit na\u0161e hol\u010di\u010dka. Kdy\u017e p\u0159i\u0161la na sv\u011bt, snad stokr\u00e1t jsem opakovala: \u201cD\u011bkuji, d\u011bkuji, d\u011bkuji!\u201c A d\u011bkuji dodnes. M\u00e1m z\u00a0n\u00ed velkou radost.\u201c<\/p>\n<p>\u201eJsem vd\u011b\u010dn\u00e1 man\u017eelovi za to, \u017ee se staral o mou matku v\u00a0dob\u011b, kdy jsem j\u00e1 sama byla v\u00a0nemocnici. Va\u0159il j\u00ed, pral a ukl\u00edzel. Dokonce s\u00a0n\u00ed chodil na proch\u00e1zky. A mamince je ji\u017e p\u0159es 90 let!\u201c<\/p>\n<p>\u201eJsem vd\u011b\u010dn\u00e1 p\u0159\u00e1tel\u016fm a p\u0159\u00edtelkyn\u00edm. St\u00e1li p\u0159i mn\u011b, doslova po m\u00e9m boku, kdy\u017e mi bylo zle.\u201c<\/p>\n<p>\u201eJsem vd\u011b\u010dn\u00e1 sv\u00e9mu zam\u011bstnavateli a jeho rodin\u011b za to, \u017ee mi dal pr\u00e1ci. J\u00e1 jsem tak mohla u\u017eivit d\u011bti, kdy\u017e jsem z\u016fstala sama.\u201c<\/p>\n<p>\u201eJ\u00e1 jsem byla a po\u0159\u00e1d jsem vd\u011b\u010dn\u00e1 rodi\u010d\u016fm. Asi nebudu nikdy dost vd\u011b\u010dn\u00e1 za n\u00e1dhern\u00fd domov, za to, \u017ee moje maminka dok\u00e1zala vytvo\u0159it takov\u00fd domov, kde se v\u0161ichni c\u00edtili dob\u0159e a kam chodili r\u00e1di. Tat\u00ednkovi jsem vd\u011b\u010dn\u00e1 za to, \u017ee n\u00e1s vedl k\u00a0tomu, abychom \u017eili \u010destn\u011b. On s\u00e1m \u010destn\u011b \u017eil a jsem vd\u011b\u010dn\u00e1 za to, \u017ee o n\u011bm v\u0161ichni mluv\u00ed s\u00a0l\u00e1skou.\u201c<\/p>\n<p>&#8222;Jsem vd\u011b\u010dn\u00e1 ka\u017ed\u00e9mu, kdo je na mne hodn\u00fd, laskav\u00fd a m\u00e1 mne r\u00e1d. A zrovna tak se sna\u017e\u00edm chovat i j\u00e1 k\u00a0druh\u00fdm lidem.\u201c<\/p>\n<p><strong>B\u00fdt vd\u011b\u010dn\u00fd znamen\u00e1 rozpoznat Bo\u017e\u00ed l\u00e1sku ve v\u0161em, co n\u00e1m bylo d\u00e1no.<\/strong><\/p>\n<p><em>Thomas Merton<\/em><\/p>\n<p>Hovo\u0159\u00edme o vd\u011b\u010dnosti a kolikr\u00e1t m\u00e1me t\u011b\u017ekosti vyj\u00e1d\u0159it slovy to, co pro\u017e\u00edv\u00e1me ve chv\u00edl\u00edch, kdy si uv\u011bdomujeme, \u017ee v\u0161e je dar.<\/p>\n<p>&nbsp;<\/p>\n<p>K\u0158IVOHLAV\u00dd, Jaro. <em>O vd\u011b\u010dnosti s Jaro K\u0159ivohlav\u00fdm<\/em>. Karmelit\u00e1nsk\u00e9 nakladatelstv\u00ed v Kosteln\u00edm Vyd\u0159\u00ed, 2007. ISBN 978-80-7195-998-4<\/p>\n","protected":false},"excerpt":{"rendered":"<p>Vd\u011b\u010dnost hraje podstatn\u011b d\u016fle\u017eitou roli v tom, jak u\u010dinit z tohoto sv\u011bta lep\u0161\u00ed m\u00edsto pro \u017eivot. Edward J. Harpman M\u011bl jsem mo\u017enost setkat se s v\u011bt\u0161\u00edm mno\u017estv\u00edm star\u0161\u00edch lid\u00ed ve [&hellip;]<\/p>\n","protected":false},"author":58,"featured_media":0,"comment_status":"open","ping_status":"open","sticky":false,"template":"","format":"standard","meta":{"_mi_skip_tracking":false,"_monsterinsights_sitenote_active":false,"_monsterinsights_sitenote_note":"","_monsterinsights_sitenote_category":0,"ngg_post_thumbnail":0,"footnotes":""},"categories":[21],"tags":[],"class_list":["post-5488","post","type-post","status-publish","format-standard","hentry","category-zamysleni"],"_links":{"self":[{"href":"https:\/\/karlovyvary.casd.cz\/index.php?rest_route=\/wp\/v2\/posts\/5488","targetHints":{"allow":["GET"]}}],"collection":[{"href":"https:\/\/karlovyvary.casd.cz\/index.php?rest_route=\/wp\/v2\/posts"}],"about":[{"href":"https:\/\/karlovyvary.casd.cz\/index.php?rest_route=\/wp\/v2\/types\/post"}],"author":[{"embeddable":true,"href":"https:\/\/karlovyvary.casd.cz\/index.php?rest_route=\/wp\/v2\/users\/58"}],"replies":[{"embeddable":true,"href":"https:\/\/karlovyvary.casd.cz\/index.php?rest_route=%2Fwp%2Fv2%2Fcomments&post=5488"}],"version-history":[{"count":0,"href":"https:\/\/karlovyvary.casd.cz\/index.php?rest_route=\/wp\/v2\/posts\/5488\/revisions"}],"wp:attachment":[{"href":"https:\/\/karlovyvary.casd.cz\/index.php?rest_route=%2Fwp%2Fv2%2Fmedia&parent=5488"}],"wp:term":[{"taxonomy":"category","embeddable":true,"href":"https:\/\/karlovyvary.casd.cz\/index.php?rest_route=%2Fwp%2Fv2%2Fcategories&post=5488"},{"taxonomy":"post_tag","embeddable":true,"href":"https:\/\/karlovyvary.casd.cz\/index.php?rest_route=%2Fwp%2Fv2%2Ftags&post=5488"}],"curies":[{"name":"wp","href":"https:\/\/api.w.org\/{rel}","templated":true}]}}