{"id":5377,"date":"2014-12-28T19:40:03","date_gmt":"2014-12-28T18:40:03","guid":{"rendered":"http:\/\/karlovyvary.casd.cz\/?p=5377"},"modified":"2014-12-28T19:43:33","modified_gmt":"2014-12-28T18:43:33","slug":"rozlouceni-s-jarem-krivohlavym","status":"publish","type":"post","link":"https:\/\/karlovyvary.casd.cz\/?p=5377","title":{"rendered":"Rozlou\u010den\u00ed s Jarem K\u0159ivohlav\u00fdm"},"content":{"rendered":"<p><strong>Dne 27. 12. 2014 ve v\u011bku nedo\u017eit\u00fdch 90 let zem\u0159el<\/strong><br \/>\n<strong>Prof. PhDr. Jaro K\u0159ivohlav\u00fd, CSc.<\/strong><br \/>\nJako psycholog i jako p\u0159\u00edtel byl pro mnoh\u00e9 pomoc\u00ed, pro jin\u00e9 radost\u00ed, pro dal\u0161\u00ed oporou.<\/p>\n<p><img loading=\"lazy\" decoding=\"async\" class=\"alignleft wp-image-5378\" src=\"http:\/\/karlovyvary.casd.cz\/wp-content\/uploads\/090323ka_08_1_200_jaro_krivohlavy1.jpg\" alt=\"090323ka_08_1_200_jaro_krivohlavy[1]\" width=\"140\" height=\"140\" srcset=\"https:\/\/karlovyvary.casd.cz\/wp-content\/uploads\/090323ka_08_1_200_jaro_krivohlavy1.jpg 200w, https:\/\/karlovyvary.casd.cz\/wp-content\/uploads\/090323ka_08_1_200_jaro_krivohlavy1-150x150.jpg 150w, https:\/\/karlovyvary.casd.cz\/wp-content\/uploads\/090323ka_08_1_200_jaro_krivohlavy1-64x64.jpg 64w\" sizes=\"auto, (max-width: 140px) 100vw, 140px\" \/><\/p>\n<p style=\"padding-left: 150px;\">Neboj se, j\u00e1 jsem t\u011b vykoupil,<br \/>\npovolal jsem t\u011b tv\u00fdm jm\u00e9nem, jsi m\u016fj.<br \/>\nP\u016fjde\u0161-li p\u0159es vody, j\u00e1 budu s tebou,<br \/>\np\u016fjde\u0161-li p\u0159es \u0159eky, nestrhne t\u011b proud,<br \/>\np\u016fjde\u0161-li ohn\u011bm, nesp\u00e1l\u00ed\u0161 se,<br \/>\nplamen t\u011b nepop\u00e1l\u00ed.<br \/>\nNebo\u0165 j\u00e1 Hospodin jsem tv\u016fj B\u016fh.<br \/>\nNeboj se, j\u00e1 budu s tebou.<\/p>\n<p style=\"padding-left: 150px;\">\u00a0\u00a0\u00a0\u00a0\u00a0\u00a0\u00a0\u00a0\u00a0\u00a0\u00a0\u00a0\u00a0\u00a0\u00a0\u00a0\u00a0\u00a0\u00a0\u00a0\u00a0\u00a0\u00a0\u00a0\u00a0\u00a0\u00a0\u00a0\u00a0\u00a0\u00a0\u00a0\u00a0\u00a0\u00a0\u00a0\u00a0\u00a0\u00a0\u00a0\u00a0\u00a0\u00a0\u00a0 Bible, Izai\u00e1\u0161 43, 1-5<\/p>\n<p>Rozlou\u010den\u00ed se kon\u00e1 v evangelick\u00e9m kostele u Salv\u00e1tora,<br \/>\nPraha 1, Salv\u00e1torsk\u00e1 1 v sobotu 3. 1. 2015 ve 14.00 hod.<\/p>\n","protected":false},"excerpt":{"rendered":"<p>Dne 27. 12. 2014 ve v\u011bku nedo\u017eit\u00fdch 90 let zem\u0159el Prof. PhDr. Jaro K\u0159ivohlav\u00fd, CSc. Jako psycholog i jako p\u0159\u00edtel byl pro mnoh\u00e9 pomoc\u00ed, pro jin\u00e9 radost\u00ed, pro dal\u0161\u00ed oporou. [&hellip;]<\/p>\n","protected":false},"author":58,"featured_media":0,"comment_status":"open","ping_status":"open","sticky":false,"template":"","format":"standard","meta":{"_mi_skip_tracking":false,"_monsterinsights_sitenote_active":false,"_monsterinsights_sitenote_note":"","_monsterinsights_sitenote_category":0,"ngg_post_thumbnail":0,"footnotes":""},"categories":[18],"tags":[],"class_list":["post-5377","post","type-post","status-publish","format-standard","hentry","category-aktuality"],"_links":{"self":[{"href":"https:\/\/karlovyvary.casd.cz\/index.php?rest_route=\/wp\/v2\/posts\/5377","targetHints":{"allow":["GET"]}}],"collection":[{"href":"https:\/\/karlovyvary.casd.cz\/index.php?rest_route=\/wp\/v2\/posts"}],"about":[{"href":"https:\/\/karlovyvary.casd.cz\/index.php?rest_route=\/wp\/v2\/types\/post"}],"author":[{"embeddable":true,"href":"https:\/\/karlovyvary.casd.cz\/index.php?rest_route=\/wp\/v2\/users\/58"}],"replies":[{"embeddable":true,"href":"https:\/\/karlovyvary.casd.cz\/index.php?rest_route=%2Fwp%2Fv2%2Fcomments&post=5377"}],"version-history":[{"count":0,"href":"https:\/\/karlovyvary.casd.cz\/index.php?rest_route=\/wp\/v2\/posts\/5377\/revisions"}],"wp:attachment":[{"href":"https:\/\/karlovyvary.casd.cz\/index.php?rest_route=%2Fwp%2Fv2%2Fmedia&parent=5377"}],"wp:term":[{"taxonomy":"category","embeddable":true,"href":"https:\/\/karlovyvary.casd.cz\/index.php?rest_route=%2Fwp%2Fv2%2Fcategories&post=5377"},{"taxonomy":"post_tag","embeddable":true,"href":"https:\/\/karlovyvary.casd.cz\/index.php?rest_route=%2Fwp%2Fv2%2Ftags&post=5377"}],"curies":[{"name":"wp","href":"https:\/\/api.w.org\/{rel}","templated":true}]}}