{"id":5371,"date":"2014-12-28T16:28:02","date_gmt":"2014-12-28T15:28:02","guid":{"rendered":"http:\/\/karlovyvary.casd.cz\/?p=5371"},"modified":"2015-02-11T06:30:15","modified_gmt":"2015-02-11T05:30:15","slug":"5371","status":"publish","type":"post","link":"https:\/\/karlovyvary.casd.cz\/?p=5371","title":{"rendered":""},"content":{"rendered":"<p><a href=\"http:\/\/karlovyvary.casd.cz\/wp-content\/uploads\/klu.jpg\"><img loading=\"lazy\" decoding=\"async\" class=\"aligncenter wp-image-5372 size-full\" src=\"http:\/\/karlovyvary.casd.cz\/wp-content\/uploads\/klu.jpg\" alt=\"klu\" width=\"300\" height=\"88\" \/><\/a><\/p>\n<h2 style=\"text-align: center;\"><span style=\"color: #3366ff;\">POJ\u010eTE S N\u00c1MI PRO\u017d\u00cdT DEN ZDRAV\u00cd<\/span><\/h2>\n<p>&nbsp;<\/p>\n<ul>\n<li>\n<div style=\"padding-left: 30px;\"><span style=\"color: #333399;\"><strong>Bohoslu\u017eba s k\u00e1z\u00e1n\u00edm:\u00a0 Pro\u010d je pro n\u00e1s u\u017eite\u010dn\u00e9 cvi\u010den\u00ed a pohyb?<\/strong>\u00a0\u00a0\u00a0\u00a0<\/span><\/div>\n<\/li>\n<li>\n<div style=\"padding-left: 30px;\"><strong>sobota 7.\u00a0\u00fanora 2015, od 10.50 hod., Plze\u0148sk\u00e1 49<\/strong><\/div>\n<\/li>\n<\/ul>\n<p style=\"text-align: right;\">&#8222;Cokoli jin\u00e9ho d\u011bl\u00e1te, v\u0161ecko \u010di\u0148te k sl\u00e1v\u011b Bo\u017e\u00ed&#8220; (1. Korintsk\u00fdm 10,31)<\/p>\n<p style=\"text-align: right;\">T\u011blesn\u00e1 zdatnost je u\u017eite\u010dn\u00e1&#8220; (1. Timoteova 4,8)<\/p>\n<p style=\"text-align: right;\">&#8222;Pohyb ve voln\u00e9 p\u0159\u00edrod\u011b by m\u011bl b\u00fdt naordinov\u00e1n jako \u017eivotn\u00ed nutnost&#8220; (Cesta ke zdrav\u00ed)<\/p>\n<ul>\n<li>\n<div style=\"padding-left: 30px;\"><span style=\"color: #339966;\"><strong><span style=\"color: #333399;\">Kurz \u017eivotn\u00edho souzn\u011bn\u00ed\u00a0&#8211; &#8222;Zkuste to&#8230;pohyb!&#8220;\u00a0\u00a0\u00a0<\/span>\u00a0<\/strong><\/span><\/div>\n<\/li>\n<li>\n<div style=\"padding-left: 30px;\"><strong>sobota\u00a07.\u00a0\u00fanora 2015, od 14.00 hod., Plze\u0148sk\u00e1 49<\/strong><\/div>\n<\/li>\n<\/ul>\n<ul>\n<li>\n<div style=\"padding-left: 30px;\"><span style=\"color: #339966;\"><span style=\"color: #333399;\"><strong>Baz\u00e9nov\u00e9 centrum KV Ar\u00e9na<\/strong>\u00a0\u00a0\u00a0<\/span>\u00a0\u00a0\u00a0\u00a0\u00a0\u00a0\u00a0\u00a0\u00a0\u00a0\u00a0\u00a0\u00a0\u00a0\u00a0\u00a0\u00a0\u00a0\u00a0\u00a0\u00a0\u00a0\u00a0\u00a0\u00a0\u00a0\u00a0\u00a0\u00a0\u00a0\u00a0\u00a0\u00a0\u00a0\u00a0\u00a0\u00a0\u00a0\u00a0\u00a0\u00a0\u00a0\u00a0\u00a0\u00a0\u00a0\u00a0\u00a0\u00a0\u00a0\u00a0\u00a0\u00a0\u00a0\u00a0<\/span><\/div>\n<\/li>\n<li>\n<div style=\"padding-left: 30px;\"><strong><span style=\"color: #339966;\">\u00a0<\/span>sobota 7. \u00fanora 2015,\u00a0sraz v\u00a018.00 hod. ve vstupn\u00ed hale<\/strong><\/div>\n<\/li>\n<\/ul>\n<ul>\n<li>\n<div style=\"padding-left: 30px;\"><span style=\"color: #333399;\"><strong>B\u011b\u017eky<\/strong>\u00a0<strong>(dle sn\u011bhov\u00fdch podm\u00ednek, alt. nordic walking)\u00a0<\/strong>\u00a0\u00a0\u00a0<\/span><\/div>\n<\/li>\n<li>\n<div style=\"padding-left: 30px;\"><strong>ned\u011ble 8.\u00a0\u00fanora 2015, sraz\u00a0v 10.00 hod. na Plze\u0148sk\u00e9 49<\/strong><\/div>\n<\/li>\n<\/ul>\n<p style=\"text-align: center;\">\u00a0<span style=\"text-decoration: underline;\">Po\u0159\u00e1d\u00e1 z.s. \u017divot a zdrav\u00ed Karlovy Vary<\/span><\/p>\n<p style=\"text-align: center;\"><a href=\"http:\/\/www.klubyzdravi.cz\/\">www.klubyzdravi.cz<\/a><\/p>\n<p style=\"text-align: left; padding-left: 30px;\"><strong>Kontakt:<\/strong><\/p>\n<p style=\"padding-left: 30px;\">Enoch Mart\u00ednek B. Th.<\/p>\n<p style=\"padding-left: 30px;\"><em>vedouc\u00ed odd\u011blen\u00ed zdrav\u00ed<\/em><\/p>\n<p style=\"padding-left: 30px;\"><a href=\"mailto:enoch.martinek@seznam.cz\">enoch.martinek@seznam.cz<\/a><\/p>\n<p style=\"text-align: left; padding-left: 30px;\">\u00a0<\/p>\n","protected":false},"excerpt":{"rendered":"<p>POJ\u010eTE S N\u00c1MI PRO\u017d\u00cdT DEN ZDRAV\u00cd &nbsp; Bohoslu\u017eba s k\u00e1z\u00e1n\u00edm:\u00a0 Pro\u010d je pro n\u00e1s u\u017eite\u010dn\u00e9 cvi\u010den\u00ed a pohyb?\u00a0\u00a0\u00a0\u00a0 sobota 7.\u00a0\u00fanora 2015, od 10.50 hod., Plze\u0148sk\u00e1 49 &#8222;Cokoli jin\u00e9ho d\u011bl\u00e1te, v\u0161ecko [&hellip;]<\/p>\n","protected":false},"author":58,"featured_media":0,"comment_status":"open","ping_status":"open","sticky":false,"template":"","format":"standard","meta":{"_mi_skip_tracking":false,"_monsterinsights_sitenote_active":false,"_monsterinsights_sitenote_note":"","_monsterinsights_sitenote_category":0,"ngg_post_thumbnail":0,"footnotes":""},"categories":[16],"tags":[],"class_list":["post-5371","post","type-post","status-publish","format-standard","hentry","category-pozvanky"],"_links":{"self":[{"href":"https:\/\/karlovyvary.casd.cz\/index.php?rest_route=\/wp\/v2\/posts\/5371","targetHints":{"allow":["GET"]}}],"collection":[{"href":"https:\/\/karlovyvary.casd.cz\/index.php?rest_route=\/wp\/v2\/posts"}],"about":[{"href":"https:\/\/karlovyvary.casd.cz\/index.php?rest_route=\/wp\/v2\/types\/post"}],"author":[{"embeddable":true,"href":"https:\/\/karlovyvary.casd.cz\/index.php?rest_route=\/wp\/v2\/users\/58"}],"replies":[{"embeddable":true,"href":"https:\/\/karlovyvary.casd.cz\/index.php?rest_route=%2Fwp%2Fv2%2Fcomments&post=5371"}],"version-history":[{"count":0,"href":"https:\/\/karlovyvary.casd.cz\/index.php?rest_route=\/wp\/v2\/posts\/5371\/revisions"}],"wp:attachment":[{"href":"https:\/\/karlovyvary.casd.cz\/index.php?rest_route=%2Fwp%2Fv2%2Fmedia&parent=5371"}],"wp:term":[{"taxonomy":"category","embeddable":true,"href":"https:\/\/karlovyvary.casd.cz\/index.php?rest_route=%2Fwp%2Fv2%2Fcategories&post=5371"},{"taxonomy":"post_tag","embeddable":true,"href":"https:\/\/karlovyvary.casd.cz\/index.php?rest_route=%2Fwp%2Fv2%2Ftags&post=5371"}],"curies":[{"name":"wp","href":"https:\/\/api.w.org\/{rel}","templated":true}]}}