{"id":5363,"date":"2014-12-26T19:49:32","date_gmt":"2014-12-26T18:49:32","guid":{"rendered":"http:\/\/karlovyvary.casd.cz\/?p=5363"},"modified":"2015-01-15T05:41:10","modified_gmt":"2015-01-15T04:41:10","slug":"aliancni-tyden-modliteb","status":"publish","type":"post","link":"https:\/\/karlovyvary.casd.cz\/?p=5363","title":{"rendered":"Alian\u010dn\u00ed t\u00fdden modliteb"},"content":{"rendered":"<p style=\"text-align: center;\"><a href=\"http:\/\/karlovyvary.casd.cz\/wp-content\/uploads\/ministries_23407_11.jpg\"><img loading=\"lazy\" decoding=\"async\" class=\"alignright wp-image-5364 size-medium\" src=\"http:\/\/karlovyvary.casd.cz\/wp-content\/uploads\/ministries_23407_11-212x300.jpg\" alt=\"ministries_23407_1[1]\" width=\"212\" height=\"300\" srcset=\"https:\/\/karlovyvary.casd.cz\/wp-content\/uploads\/ministries_23407_11-212x300.jpg 212w, https:\/\/karlovyvary.casd.cz\/wp-content\/uploads\/ministries_23407_11.jpg 680w\" sizes=\"auto, (max-width: 212px) 100vw, 212px\" \/><\/a><\/p>\n<h2 style=\"text-align: center;\"><span style=\"color: #008000;\">Alian\u010dn\u00ed t\u00fdden modliteb<\/span><\/h2>\n<h3 style=\"text-align: center;\">\u00a0 4.\u00a0&#8211; 11. ledna 2015<\/h3>\n<p>Leto\u0161n\u00ed n\u00e1zev Alian\u010dn\u00edho t\u00fddne modliteb<strong>\u00a0\u201eHospodin d\u00e1 vyr\u016fst spravedlnosti\u201c<\/strong>\u00a0je p\u0159evzat z textu proroka Izaj\u00e1\u0161e 61:11. Samotn\u00e9 biblick\u00e9 texty a zamy\u0161len\u00ed jsou zam\u011b\u0159eny na r\u016fzn\u00e9 aspekty pochopen\u00ed, jak B\u016fh s\u00e1m je Bohem, kter\u00fd bere spravedlnost v\u00e1\u017en\u011b a jak b\u00fdt obrazem Boha, kter\u00fd je krom\u011b jin\u00e9ho i Bohem spravedlnosti.<\/p>\n<p><a href=\"http:\/\/karlovyvary.casd.cz\/wp-content\/uploads\/Rozpis-ATM-Karlovy-Vary.pdf\">Rozpis ATM Karlovy Vary<\/a>\u00a0(PDF)<\/p>\n<p>Pr\u016fvodce ATM si m\u016f\u017eete\u00a0otev\u0159\u00edt\u00a0<a href=\"http:\/\/issuu.com\/evangelikalni.aliance\/docs\/atm_2015\/0\">v\u00a0prohl\u00ed\u017ee\u010di<\/a>\u00a0nebo si jej st\u00e1hnout zde ve form\u00e1tu <a href=\"http:\/\/ea.cz\/img-content\/files\/atm%202015.doc\">doc<\/a> a <a href=\"http:\/\/ea.cz\/img-content\/files\/atm%202015.pdf\">pdf<\/a>.<\/p>\n<p><!--more--><\/p>\n<p>Budeme se proto tak\u00e9 p\u0159imlouvat za n\u00e1\u0161 justi\u010dn\u00ed syst\u00e9m, policii, n\u011bkter\u00e9 oblasti nejv\u011bt\u0161\u00ed nespravedlnosti, kter\u00e1 jist\u011b vol\u00e1 k nebes\u016fm po n\u00e1prav\u011b. P\u0159edstavme si, jak by asi na\u0161e zem\u011b i na\u0161e m\u011bsta vypadaly, kdyby v\u011bt\u0161ina lid\u00ed skrze pozn\u00e1n\u00ed Krista, jako nejvy\u0161\u0161\u00edho znamen\u00ed a tajemstv\u00ed spravedlnosti, byla vnit\u0159n\u011b nasm\u011brov\u00e1na k dobru, pr\u00e1vu a spravedlnosti. Kdyby se pr\u00e1vo valilo jako voda a spravedlnost jako st\u00e1le proud\u00edc\u00ed potok. \u017dijeme ve spole\u010dnosti, kter\u00e1 je ned\u016fv\u011b\u0159iv\u00e1 a cynick\u00e1 v\u016f\u010di sv\u00fdm instituc\u00edm, co\u017e vede k ohromn\u00e9 pasivit\u011b a ztr\u00e1t\u011b nad\u011bje i radosti. C\u00edrkev se tomuto trendu mus\u00ed stav\u011bt a do velk\u00e9 m\u00edry tak ji\u017e \u010din\u00ed. \u00a0P\u0159eji v\u00e1m po\u017eehnan\u00fd \u010das b\u011bhem spole\u010dn\u00fdch modliteb s k\u0159es\u0165any z r\u016fzn\u00fdch c\u00edrkv\u00ed. \u00a0Velikou moc m\u00e1 modlitba spravedliv\u00e9ho a v\u011b\u0159\u00edm, \u017ee zvl\u00e1\u0161t\u011b spole\u010dn\u00e9 modlitby nap\u0159\u00ed\u010d c\u00edrkvemi maj\u00ed p\u0159ed Bohem sv\u00e9 zvl\u00e1\u0161tn\u00ed m\u00edsto.<\/p>\n<p>Milost a Pokoj bo\u017e\u00ed p\u0159eje<\/p>\n<p>Mgr. Ji\u0159\u00ed Unger &#8211; Tajemn\u00edk \u010cEA<\/p>\n<p>&nbsp;<\/p>\n<p><em>Alian\u010dn\u00ed t\u00fdden modliteb 2015<\/em> \u00a92014 [online]. [cit. 2014-12-26]. Dostupn\u00e9 z: http:\/\/www.ea.cz\/116\/aliancni_tyden_modliteb_2015<\/p>\n<p>&nbsp;<\/p>\n","protected":false},"excerpt":{"rendered":"<p>Alian\u010dn\u00ed t\u00fdden modliteb \u00a0 4.\u00a0&#8211; 11. ledna 2015 Leto\u0161n\u00ed n\u00e1zev Alian\u010dn\u00edho t\u00fddne modliteb\u00a0\u201eHospodin d\u00e1 vyr\u016fst spravedlnosti\u201c\u00a0je p\u0159evzat z textu proroka Izaj\u00e1\u0161e 61:11. Samotn\u00e9 biblick\u00e9 texty a zamy\u0161len\u00ed jsou zam\u011b\u0159eny na [&hellip;]<\/p>\n","protected":false},"author":58,"featured_media":0,"comment_status":"open","ping_status":"open","sticky":false,"template":"","format":"standard","meta":{"_mi_skip_tracking":false,"_monsterinsights_sitenote_active":false,"_monsterinsights_sitenote_note":"","_monsterinsights_sitenote_category":0,"ngg_post_thumbnail":0,"footnotes":""},"categories":[16],"tags":[],"class_list":["post-5363","post","type-post","status-publish","format-standard","hentry","category-pozvanky"],"_links":{"self":[{"href":"https:\/\/karlovyvary.casd.cz\/index.php?rest_route=\/wp\/v2\/posts\/5363","targetHints":{"allow":["GET"]}}],"collection":[{"href":"https:\/\/karlovyvary.casd.cz\/index.php?rest_route=\/wp\/v2\/posts"}],"about":[{"href":"https:\/\/karlovyvary.casd.cz\/index.php?rest_route=\/wp\/v2\/types\/post"}],"author":[{"embeddable":true,"href":"https:\/\/karlovyvary.casd.cz\/index.php?rest_route=\/wp\/v2\/users\/58"}],"replies":[{"embeddable":true,"href":"https:\/\/karlovyvary.casd.cz\/index.php?rest_route=%2Fwp%2Fv2%2Fcomments&post=5363"}],"version-history":[{"count":0,"href":"https:\/\/karlovyvary.casd.cz\/index.php?rest_route=\/wp\/v2\/posts\/5363\/revisions"}],"wp:attachment":[{"href":"https:\/\/karlovyvary.casd.cz\/index.php?rest_route=%2Fwp%2Fv2%2Fmedia&parent=5363"}],"wp:term":[{"taxonomy":"category","embeddable":true,"href":"https:\/\/karlovyvary.casd.cz\/index.php?rest_route=%2Fwp%2Fv2%2Fcategories&post=5363"},{"taxonomy":"post_tag","embeddable":true,"href":"https:\/\/karlovyvary.casd.cz\/index.php?rest_route=%2Fwp%2Fv2%2Ftags&post=5363"}],"curies":[{"name":"wp","href":"https:\/\/api.w.org\/{rel}","templated":true}]}}