{"id":5270,"date":"2014-12-07T23:01:15","date_gmt":"2014-12-07T22:01:15","guid":{"rendered":"http:\/\/karlovyvary.casd.cz\/?p=5270"},"modified":"2014-12-07T23:04:31","modified_gmt":"2014-12-07T22:04:31","slug":"cena-michala-veliska-2014","status":"publish","type":"post","link":"https:\/\/karlovyvary.casd.cz\/?p=5270","title":{"rendered":"Cena Michala Vel\u00ed\u0161ka 2014"},"content":{"rendered":"<p style=\"padding-left: 30px;\"><a href=\"http:\/\/karlovyvary.casd.cz\/wp-content\/uploads\/cena.jpg\"><img loading=\"lazy\" decoding=\"async\" class=\"alignleft wp-image-5271 size-medium\" src=\"http:\/\/karlovyvary.casd.cz\/wp-content\/uploads\/cena-300x58.jpg\" alt=\"????\" width=\"300\" height=\"58\" srcset=\"https:\/\/karlovyvary.casd.cz\/wp-content\/uploads\/cena-300x58.jpg 300w, https:\/\/karlovyvary.casd.cz\/wp-content\/uploads\/cena.jpg 730w\" sizes=\"auto, (max-width: 300px) 100vw, 300px\" \/><\/a><\/p>\n<p style=\"padding-left: 30px;\"><a href=\"http:\/\/karlovyvary.casd.cz\/wp-content\/uploads\/Petr-Vejvoda.jpg\"><img loading=\"lazy\" decoding=\"async\" class=\"alignleft wp-image-5273\" src=\"http:\/\/karlovyvary.casd.cz\/wp-content\/uploads\/Petr-Vejvoda.jpg\" alt=\"Petr Vejvoda\" width=\"111\" height=\"132\" \/><\/a>Nositelem <strong>Ceny Michala Vel\u00ed\u0161ka <\/strong>za rok 2014, kter\u00e1 se ud\u011bluje za state\u010dnost p\u0159i z\u00e1chran\u011b lidsk\u00e9ho \u017eivota, je in memoriam \u0161estn\u00e1ctilet\u00fd student obchodn\u00ed akademie ve \u017d\u010f\u00e1ru nad S\u00e1zavou <strong>Petr Vejvoda<\/strong>.<\/p>\n<p style=\"padding-left: 30px;\">Ten zem\u0159el pot\u00e9, co ho smrteln\u011b zranila psychicky nemocn\u00e1 \u017eena, p\u0159ed n\u00ed\u017e br\u00e1nil spolu\u017ea\u010dku. So\u0161ku and\u011bla z\u00a0\u010dir\u00e9ho skla p\u0159evzali hochovi rodi\u010de. V\u00edce na: <a href=\"http:\/\/www.adra.cz\/nadace-adra\/novinky\/id\/cenu-michala-veliska-2014-ziskal-in-memoriam-petr-vejvoda\">Cena Michala Vel\u00ed\u0161ka<\/a><\/p>\n<p style=\"padding-left: 30px;\"><a href=\"http:\/\/karlovyvary.casd.cz\/wp-content\/uploads\/adra-logo.gif\"><img loading=\"lazy\" decoding=\"async\" class=\"alignright wp-image-5272\" src=\"http:\/\/karlovyvary.casd.cz\/wp-content\/uploads\/adra-logo.gif\" alt=\"adra-logo\" width=\"164\" height=\"58\" \/><\/a>Nadace ADRA napl\u0148uje posl\u00e1n\u00ed <a href=\"http:\/\/www.adra.org\/site\/PageServer\">mezin\u00e1rodn\u00ed organizace ADRA<\/a>, kter\u00e9 vlo\u017eili zakladatel\u00e9 do jej\u00edho loga. Ve t\u0159ech postavi\u010dk\u00e1ch obep\u00ednaj\u00edc\u00edch zem\u011bkouli je vyj\u00e1d\u0159eno p\u0159\u00e1n\u00ed a\u00a0posl\u00e1n\u00ed z\u00e1rove\u0148. B\u00fdt prost\u0159edn\u00edkem mezi t\u011bmi, kte\u0159\u00ed pomoc pot\u0159ebuj\u00ed a\u00a0t\u011bmi, kte\u0159\u00ed ji mohou poskytnout. Spojit je dohromady. \u0158\u00edct jim o\u00a0sob\u011b a\u00a0nab\u00eddnout jim slu\u017eby. P\u0159itom c\u00edlem nikdy nesm\u00ed b\u00fdt organizace, by\u0165 by se jmenovala nadace, ale \u010dlov\u011bk &#8211; pot\u0159ebn\u00fd a\u00a0pom\u00e1haj\u00edc\u00ed.<\/p>\n<p style=\"padding-left: 30px;\"><a href=\"http:\/\/www.adra.cz\/\">http:\/\/www.adra.cz\/<\/a><\/p>\n","protected":false},"excerpt":{"rendered":"<p>Nositelem Ceny Michala Vel\u00ed\u0161ka za rok 2014, kter\u00e1 se ud\u011bluje za state\u010dnost p\u0159i z\u00e1chran\u011b lidsk\u00e9ho \u017eivota, je in memoriam \u0161estn\u00e1ctilet\u00fd student obchodn\u00ed akademie ve \u017d\u010f\u00e1ru nad S\u00e1zavou Petr Vejvoda. Ten [&hellip;]<\/p>\n","protected":false},"author":58,"featured_media":0,"comment_status":"open","ping_status":"open","sticky":false,"template":"","format":"standard","meta":{"_mi_skip_tracking":false,"_monsterinsights_sitenote_active":false,"_monsterinsights_sitenote_note":"","_monsterinsights_sitenote_category":0,"ngg_post_thumbnail":0,"footnotes":""},"categories":[18],"tags":[],"class_list":["post-5270","post","type-post","status-publish","format-standard","hentry","category-aktuality"],"_links":{"self":[{"href":"https:\/\/karlovyvary.casd.cz\/index.php?rest_route=\/wp\/v2\/posts\/5270","targetHints":{"allow":["GET"]}}],"collection":[{"href":"https:\/\/karlovyvary.casd.cz\/index.php?rest_route=\/wp\/v2\/posts"}],"about":[{"href":"https:\/\/karlovyvary.casd.cz\/index.php?rest_route=\/wp\/v2\/types\/post"}],"author":[{"embeddable":true,"href":"https:\/\/karlovyvary.casd.cz\/index.php?rest_route=\/wp\/v2\/users\/58"}],"replies":[{"embeddable":true,"href":"https:\/\/karlovyvary.casd.cz\/index.php?rest_route=%2Fwp%2Fv2%2Fcomments&post=5270"}],"version-history":[{"count":0,"href":"https:\/\/karlovyvary.casd.cz\/index.php?rest_route=\/wp\/v2\/posts\/5270\/revisions"}],"wp:attachment":[{"href":"https:\/\/karlovyvary.casd.cz\/index.php?rest_route=%2Fwp%2Fv2%2Fmedia&parent=5270"}],"wp:term":[{"taxonomy":"category","embeddable":true,"href":"https:\/\/karlovyvary.casd.cz\/index.php?rest_route=%2Fwp%2Fv2%2Fcategories&post=5270"},{"taxonomy":"post_tag","embeddable":true,"href":"https:\/\/karlovyvary.casd.cz\/index.php?rest_route=%2Fwp%2Fv2%2Ftags&post=5270"}],"curies":[{"name":"wp","href":"https:\/\/api.w.org\/{rel}","templated":true}]}}