{"id":5134,"date":"2014-11-16T15:01:39","date_gmt":"2014-11-16T14:01:39","guid":{"rendered":"http:\/\/karlovyvary.casd.cz\/?p=5134"},"modified":"2014-11-16T15:07:04","modified_gmt":"2014-11-16T14:07:04","slug":"5134","status":"publish","type":"post","link":"https:\/\/karlovyvary.casd.cz\/?p=5134","title":{"rendered":"O vd\u011b\u010dnosti s Jaro K\u0159ivohlav\u00fdm \u2013 P\u0159ekvapen darem"},"content":{"rendered":"<p style=\"padding-left: 60px;\"><strong><a href=\"http:\/\/karlovyvary.casd.cz\/wp-content\/uploads\/shooting-star.jpg\"><img loading=\"lazy\" decoding=\"async\" class=\"alignright wp-image-5135 size-medium\" src=\"http:\/\/karlovyvary.casd.cz\/wp-content\/uploads\/shooting-star-300x187.jpg\" alt=\"shooting-star\" width=\"300\" height=\"187\" srcset=\"https:\/\/karlovyvary.casd.cz\/wp-content\/uploads\/shooting-star-300x187.jpg 300w, https:\/\/karlovyvary.casd.cz\/wp-content\/uploads\/shooting-star.jpg 400w\" sizes=\"auto, (max-width: 300px) 100vw, 300px\" \/><\/a>Postoj vd\u011b\u010dnosti je mo\u017eno m\u00edt <\/strong><\/p>\n<p style=\"padding-left: 60px;\"><strong>v jak\u00fdchkoliv \u017eivotn\u00edch okolnostech, <\/strong><\/p>\n<p style=\"padding-left: 60px;\"><strong>proto\u017ee na nich nen\u00ed z\u00e1visl\u00fd.<\/strong><\/p>\n<p style=\"text-align: left; padding-left: 120px;\"><em>R. A. Emmons<\/em><\/p>\n<p style=\"text-align: justify;\">V jedn\u00e9 p\u00edsni zp\u00edv\u00e1me: \u201eBylo r\u00e1no, kr\u00e1sn\u00e9 r\u00e1no, r\u00e1no, jak m\u00e1 b\u00fdt&#8230;&#8220; J\u00e1 v\u0161ak vzpom\u00edn\u00e1m na noc, o kter\u00e9 bych tak\u00e9 r\u00e1d takovou p\u00edse\u0148 zazp\u00edval. Byla to kr\u00e1sn\u00e1 letn\u00ed noc. Na obloze se t\u0159pytily tis\u00edce hv\u011bzd. M\u011bs\u00edc je\u0161t\u011b nevy\u0161el, tak\u017ee pohled na srpnovou hv\u011bzdnou no\u010dn\u00ed oblohu nebyl ni\u010d\u00edm ru\u0161en. Nebyl jsem s\u00e1m. Byl jsem na astronomick\u00e9 expedici. Zji\u0161\u0165ovali jsme, kter\u00e9 p\u0159\u00edstroje jsou vhodn\u00e9 a kter\u00e9 je\u0161t\u011b vhodn\u011bj\u0161\u00ed k pozorov\u00e1n\u00ed &#8222;padaj\u00edc\u00edch hv\u011bzd&#8220;.<\/p>\n<p style=\"text-align: justify;\">Z ni\u010deho nic n\u00e1m nad hlavou prol\u00e9tla &#8222;hv\u011bzda&#8220;. Bylo to, jako by n\u011bkdo oblohu pro\u0165al ohniv\u00fdm me\u010dem. Z\u00e1blesk z jasn\u00e9ho nebe &#8211; jako z\u00e1zrak. Trvalo to jen chv\u00edli, ale vyrazilo n\u00e1m to dech. Chv\u00edli trvalo, ne\u017eli jsem se z toho z\u00e1\u017eitku vzpamatoval. N\u011bkdo z pozorovatel\u016f pov\u00edd\u00e1: &#8222;To bylo ono!&#8220;<\/p>\n<p style=\"text-align: justify;\"><!--more--><\/p>\n<p style=\"text-align: justify;\">Tak n\u011bjak to je i s vd\u011b\u010dnost\u00ed. Setk\u00e1me se s projevem l\u00e1sky a u\u017easneme, \u017ee n\u011bco takov\u00e9ho v\u016fbec m\u016f\u017ee b\u00fdt. Tak n\u011bjak rozum\u00edme tomu, co p\u00ed\u0161e M. Beattie: &#8222;Vd\u011b\u010dnost otev\u00edr\u00e1 dve\u0159e do plnosti \u017eivota. M\u011bn\u00ed to, co m\u00e1me, v dostatek. Chaos m\u011bn\u00ed v \u0159\u00e1d a zmatek v ujasn\u011bn\u00ed. Vd\u011b\u010dnost m\u011bn\u00ed j\u00eddlo v hostinu, d\u016fm v domov, cizince v p\u0159\u00edtele. Vd\u011b\u010dnost d\u00e1v\u00e1 smysl tomu, co jsme pro\u017eili. Vd\u011b\u010dnost p\u0159in\u00e1\u0161\u00ed pokoj do dne\u0161n\u00edho dne a vytv\u00e1\u0159\u00ed vizi pro na\u0161e z\u00edt\u0159ky.&#8220;<\/p>\n<p style=\"text-align: justify;\">Se z\u00e1\u017eitkem, v jeho\u017e pozad\u00ed je prvek vd\u011b\u010dnosti, se setk\u00e1v\u00e1me dosti \u010dasto. Je tomu tak tam, kde \u0161kol\u00e1k sly\u0161\u00ed z \u00fast u\u010ditele slova uzn\u00e1n\u00ed. Je tomu tak tam, kde ml\u00e1denec sly\u0161\u00ed z \u00fast sv\u00e9 milovan\u00e9 sladk\u00e9 &#8222;ano&#8220; v odpov\u011b\u010f na ot\u00e1zku, zda ho m\u00e1 r\u00e1da. Je tomu tak i tam, kde \u017eenich sly\u0161\u00ed toto &#8222;ano&#8220; z \u00fast sv\u00e9 nev\u011bsty.<\/p>\n<p style=\"text-align: justify;\">\u00a0A p\u0159ece to nemus\u00ed b\u00fdt v\u0161em lidem tak samoz\u0159ejm\u00e9. Na v\u00fd\u0161e uveden\u00e9 astronomick\u00e9 expedici jsem sly\u0161el: &#8222;P\u0159edstavte si, \u017ee jsou lid\u00e9, kte\u0159\u00ed necht\u011bj\u00ed v\u011b\u0159it tomu, \u017ee meteority jsou p\u0159edm\u011bty, dokud si na n\u011b nem\u00e1knou.&#8220; Z\u0159ejm\u011b to plat\u00ed i o vd\u011b\u010dnosti. Nev\u011b\u0159\u00edme, \u017ee existuje, dokud ji neza\u017eijeme na vlastn\u00ed k\u016f\u017ei. N\u011bco takov\u00e9ho m\u011bl asi na mysli Thomas Merton , kdy\u017e napsal: &#8222;Vd\u011b\u010dn\u00fd \u010dlov\u011bk v\u00ed, \u017ee B\u016fh je dobr\u00fd. Nev\u00ed to proto, \u017ee mu to n\u011bkdo \u0159ekl, ale v\u00ed to z vlastn\u00ed zku\u0161enosti.<\/p>\n<p style=\"text-align: justify;\">K\u0158IVOHLAV\u00dd, Jaro. <em>O vd\u011b\u010dnosti s Jaro K\u0159ivohlav\u00fdm<\/em>. Karmelit\u00e1nsk\u00e9 nakladatelstv\u00ed v Kosteln\u00edm Vyd\u0159\u00ed, 2007. ISBN 978-80-7195-998-4<\/p>\n<div class=\"post-meta clearfix\"><!-- socialize --><\/div>\n","protected":false},"excerpt":{"rendered":"<p>Postoj vd\u011b\u010dnosti je mo\u017eno m\u00edt v jak\u00fdchkoliv \u017eivotn\u00edch okolnostech, proto\u017ee na nich nen\u00ed z\u00e1visl\u00fd. R. A. Emmons V jedn\u00e9 p\u00edsni zp\u00edv\u00e1me: \u201eBylo r\u00e1no, kr\u00e1sn\u00e9 r\u00e1no, r\u00e1no, jak m\u00e1 b\u00fdt&#8230;&#8220; J\u00e1 [&hellip;]<\/p>\n","protected":false},"author":58,"featured_media":0,"comment_status":"open","ping_status":"open","sticky":false,"template":"","format":"standard","meta":{"_mi_skip_tracking":false,"_monsterinsights_sitenote_active":false,"_monsterinsights_sitenote_note":"","_monsterinsights_sitenote_category":0,"ngg_post_thumbnail":0,"footnotes":""},"categories":[21],"tags":[],"class_list":["post-5134","post","type-post","status-publish","format-standard","hentry","category-zamysleni"],"_links":{"self":[{"href":"https:\/\/karlovyvary.casd.cz\/index.php?rest_route=\/wp\/v2\/posts\/5134","targetHints":{"allow":["GET"]}}],"collection":[{"href":"https:\/\/karlovyvary.casd.cz\/index.php?rest_route=\/wp\/v2\/posts"}],"about":[{"href":"https:\/\/karlovyvary.casd.cz\/index.php?rest_route=\/wp\/v2\/types\/post"}],"author":[{"embeddable":true,"href":"https:\/\/karlovyvary.casd.cz\/index.php?rest_route=\/wp\/v2\/users\/58"}],"replies":[{"embeddable":true,"href":"https:\/\/karlovyvary.casd.cz\/index.php?rest_route=%2Fwp%2Fv2%2Fcomments&post=5134"}],"version-history":[{"count":0,"href":"https:\/\/karlovyvary.casd.cz\/index.php?rest_route=\/wp\/v2\/posts\/5134\/revisions"}],"wp:attachment":[{"href":"https:\/\/karlovyvary.casd.cz\/index.php?rest_route=%2Fwp%2Fv2%2Fmedia&parent=5134"}],"wp:term":[{"taxonomy":"category","embeddable":true,"href":"https:\/\/karlovyvary.casd.cz\/index.php?rest_route=%2Fwp%2Fv2%2Fcategories&post=5134"},{"taxonomy":"post_tag","embeddable":true,"href":"https:\/\/karlovyvary.casd.cz\/index.php?rest_route=%2Fwp%2Fv2%2Ftags&post=5134"}],"curies":[{"name":"wp","href":"https:\/\/api.w.org\/{rel}","templated":true}]}}